{"id":39107,"date":"2023-09-04T10:24:57","date_gmt":"2023-09-04T13:24:57","guid":{"rendered":"http:\/\/dsrmedios.com.ar\/diario\/?p=39107"},"modified":"2023-09-04T10:25:00","modified_gmt":"2023-09-04T13:25:00","slug":"el-plan-de-seguridad-de-sergio-massa-penas-mas-duras-ley-seca-de-municiones-y-foco-en-balaceras-y-motochorros","status":"publish","type":"post","link":"http:\/\/dsrmedios.com.ar\/diario\/archivos\/39107","title":{"rendered":"El plan de seguridad de Sergio Massa: penas m\u00e1s duras, \u201cley seca de municiones\u201d y foco en balaceras y motochorros"},"content":{"rendered":"\n<p>El ministro y candidato de Uni\u00f3n por la Patria,<strong>&nbsp;Sergio Massa<\/strong>, anunciar\u00e1 ma\u00f1ana los detalles de un \u201c<strong>Plan de Seguridad Inteligente<\/strong>\u201d, basado en el \u201cmodelo Tigre\u201d que puso en marcha cuando fue intendente de ese partido del norte del conurbano bonaerense. La iniciativa incorpora una bater\u00eda de medidas y proyectos de ley, que establecen penas m\u00e1s duras, una \u201c<strong>ley seca de municiones<\/strong>\u201d, y la definici\u00f3n de tipos penales, como las&nbsp;<strong>balaceras<\/strong>, una modalidad delictiva que ejecutan las bandas narcocriminales de Rosario.<\/p>\n\n\n\n<p>Aunque todav\u00eda no est\u00e1 definido el lugar y el formato de la presentaci\u00f3n, el ministro de Econom\u00eda instruy\u00f3 a su equipo para que concluyan los detalles del programa que abordar\u00e1 uno de los reclamos que atraviesan a la sociedad argentina y gravitan con mayor peso al decidir el voto. De hecho, todav\u00eda se est\u00e1 midiendo el impacto que tuvo en las PASO el caso de&nbsp;<strong>Morena Dom\u00ednguez<\/strong>, la chiquita de 11 a\u00f1os que fue asesinada por motochorros cuando estaba por entrar a su escuela de Lan\u00fas.<\/p>\n\n\n\n<p>El diputado nacional&nbsp;<strong>Ramiro Guti\u00e9rrez<\/strong>, que trabaj\u00f3 junto a un grupo de expertos, confirm\u00f3 a&nbsp;<strong>Infobae&nbsp;<\/strong>que se anunciar\u00e1n medidas, pero evit\u00f3 dar precisiones sobre su contenido. Asegur\u00f3 que Massa \u201cdio una l\u00ednea muy clara para volver a recuperar la tranquilidad p\u00fablica\u201d, plante\u00f3 la necesidad de \u201c<strong>construir un escudo de seguridad que proteja a los ciudadanos de los delincuentes<\/strong>\u201d.<\/p>\n\n\n\n<p><img decoding=\"async\" loading=\"lazy\" alt=\"En plan de seguridad de Massa propone ampliar los centros de monitoreo para utilizar la tecnolog\u00eda en el combate contra el delito. En la foto, Eduardo Feijo\u00f3, responsable t\u00e9cnico del &quot;modelo Tigre&quot;\" height=\"478\" width=\"640\" src=\"https:\/\/www.infobae.com\/new-resizer\/PBYIGEJfBesNhVZGJCxVuSqtll4=\/arc-anglerfish-arc2-prod-infobae\/public\/4SIJ7QTIONASPOURWYIYPRTZ5E.jpg\" srcset=\"https:\/\/www.infobae.com\/new-resizer\/cV0QXq_9sw_3y3hc_yo858PrBH0=\/420x315\/filters:format(webp):quality(85)\/cloudfront-us-east-1.images.arcpublishing.com\/infobae\/4SIJ7QTIONASPOURWYIYPRTZ5E.jpg 420w,https:\/\/www.infobae.com\/new-resizer\/kayzoAGqw_M-Zt8vb8mpyYfa99k=\/768x576\/filters:format(webp):quality(85)\/cloudfront-us-east-1.images.arcpublishing.com\/infobae\/4SIJ7QTIONASPOURWYIYPRTZ5E.jpg 768w,https:\/\/www.infobae.com\/new-resizer\/xKNXLJSZI3Fwf06oHkM9VnC5lQ8=\/992x744\/filters:format(webp):quality(85)\/cloudfront-us-east-1.images.arcpublishing.com\/infobae\/4SIJ7QTIONASPOURWYIYPRTZ5E.jpg 992w,https:\/\/www.infobae.com\/new-resizer\/QbN0o8wUyiUnXXNa0S4IAaEJDWs=\/1200x900\/filters:format(webp):quality(85)\/cloudfront-us-east-1.images.arcpublishing.com\/infobae\/4SIJ7QTIONASPOURWYIYPRTZ5E.jpg 1200w,https:\/\/www.infobae.com\/new-resizer\/a3kHJvR5fSmqc_XbcXFRX4K5VAQ=\/1440x1080\/filters:format(webp):quality(85)\/cloudfront-us-east-1.images.arcpublishing.com\/infobae\/4SIJ7QTIONASPOURWYIYPRTZ5E.jpg 1440w\">En plan de seguridad de Massa propone ampliar los centros de monitoreo para utilizar la tecnolog\u00eda en el combate contra el delito. En la foto, Eduardo Feijo\u00f3, responsable t\u00e9cnico del &#8220;modelo Tigre&#8221;<\/p>\n\n\n\n<p>Seg\u00fan pudo saber\u00a0<strong>Infobae\u00a0<\/strong>de fuentes de Uni\u00f3n por la Patria, el plan de seguridad incorpor\u00f3 una planificaci\u00f3n para poner en marcha en los primeros 100 d\u00edas de gobierno medidas en materia de seguridad ciudadana y tambi\u00e9n vinculadas a la Justicia. Se trata de acciones que demandar\u00e1n la sanci\u00f3n de nuevas leyes y cambios en normativas vigentes. As\u00ed, junto al detalle de las iniciativas se anunciar\u00e1n proyecto a ser enviados al Congreso para su tratamiento.<\/p>\n\n\n\n<p>En concreto, la idea que maneja el equipo de Massa es poner en marcha una seguridad \u201canticipatoria y preventiva\u201d y desprovista de condicionantes ideol\u00f3gicos. Son medidas que toman distancia del ultra garantismo que en las \u00faltimas d\u00e9cadas termin\u00f3 favoreciendo m\u00e1s a los delincuentes que a las v\u00edctimas. Es el abolicionismo penal asentado en la doctrina y la jurisprudencia que tiene al ex juez de la Corte Suprema,&nbsp;<strong>Ra\u00fal Eugenio Zaffaroni<\/strong>, como cara visible.<\/p>\n\n\n\n<p>\u201cNadie quiere pol\u00e9micas. Son medidas que se van a presentar en el Congreso y fueron redactadas respetando la Constituci\u00f3n\u201d, explicaron las fuentes. M\u00e1s all\u00e1 de la intenci\u00f3n de evitar controversias, sobre todo en campa\u00f1a, Massa mostr\u00f3 diferencias profundas con el ultra garantismo. Fue evidente cuando en medio de la pandemia desde oficinas kirchneristas empujaban la salida de detenidos para evitar contagios en las c\u00e1rceles y el entonces presidente de la C\u00e1mara de Diputados instruy\u00f3 a sus legisladores bonaerenses a pedir el jury a los \u201cjueces saca presos\u201d.<\/p>\n\n\n\n<p>Sin embargo, no supone un giro de 180 grados. De hecho, uno de los temas que se ocuparon de aclarar que no se va a tocar es el veto a la intervenci\u00f3n de las Fuerzas Armadas en la seguridad interna. Son temas que suelen mencionan en los equipos de&nbsp;<strong>Javier Milei&nbsp;<\/strong>y de&nbsp;<strong>Patricia Bullrich<\/strong>. \u201cS\u00f3lo pueden actuar los militares en facultades subsidiarias ya habilitadas en la Ley de Defensa Nacional\u201d, aclararon desde Uni\u00f3n por la Patria.<\/p>\n\n\n\n<p>Adem\u00e1s de Guti\u00e9rrez, el equipo que trabaj\u00f3 en el plan de seguridad est\u00e1 integrado por&nbsp;<strong>Ricardo Casal<\/strong>, ex ministro de Seguridad y Justicia bonaerense y uno de los funcionarios de m\u00e1s confianza de Massa en el Ministerio de Econom\u00eda, desde Legal y T\u00e9cnica; la diputada nacional y ex ministra de Justicia de Salta,&nbsp;<strong>Pamela Caletti<\/strong>; el diputado provincial santafesino&nbsp;<strong>Oscar \u201cCachi\u201d Mart\u00ednez,<\/strong>&nbsp;que impuls\u00f3 la creaci\u00f3n del Observatorio de V\u00edctimas de Delitos en esa provincia; y la diputada nacional<strong>&nbsp;M\u00f3nica Litza<\/strong>, que proviene del Frente Renovador y conoce en profundidad el conurbano bonaerense. Se completa con&nbsp;<strong>Eduardo Feijo\u00f3<\/strong>, que estuvo a cargo de poner en marcha con Massa los sistemas de seguridad ciudadana, monitoreo y videovigilancia en Tigre.<\/p>\n\n\n\n<h2>Bater\u00eda de medidas<\/h2>\n\n\n\n<p><img decoding=\"async\" loading=\"lazy\" alt=\"El diputado Ramiro Guti\u00e9rrez elabor\u00f3 el plan junto a un equipo de expertos y especialistas en seguridad\" height=\"457\" width=\"684\" src=\"https:\/\/www.infobae.com\/new-resizer\/OcLyEqU5S-kXSAu_v6xlGOxG6P4=\/arc-anglerfish-arc2-prod-infobae\/public\/YCRC4W46N5E6BE7ZXLTT67JYN4.jpg\" srcset=\"https:\/\/www.infobae.com\/new-resizer\/DDSQyzxOAWbwx64UWvV2c59LxTg=\/420x280\/filters:format(webp):quality(85)\/cloudfront-us-east-1.images.arcpublishing.com\/infobae\/YCRC4W46N5E6BE7ZXLTT67JYN4.jpg 420w,https:\/\/www.infobae.com\/new-resizer\/MDYolS3FNBwxhUgBau7kvvieI98=\/768x512\/filters:format(webp):quality(85)\/cloudfront-us-east-1.images.arcpublishing.com\/infobae\/YCRC4W46N5E6BE7ZXLTT67JYN4.jpg 768w,https:\/\/www.infobae.com\/new-resizer\/Qg59ETyzUwbZvbP2dDT6PaOjVBo=\/992x661\/filters:format(webp):quality(85)\/cloudfront-us-east-1.images.arcpublishing.com\/infobae\/YCRC4W46N5E6BE7ZXLTT67JYN4.jpg 992w,https:\/\/www.infobae.com\/new-resizer\/xnL2d2tGtQAKKCcnacT3bdSL4aU=\/1200x800\/filters:format(webp):quality(85)\/cloudfront-us-east-1.images.arcpublishing.com\/infobae\/YCRC4W46N5E6BE7ZXLTT67JYN4.jpg 1200w,https:\/\/www.infobae.com\/new-resizer\/FV-ArT0CzPxc3jZ9UoRhnW4OfP8=\/1440x960\/filters:format(webp):quality(85)\/cloudfront-us-east-1.images.arcpublishing.com\/infobae\/YCRC4W46N5E6BE7ZXLTT67JYN4.jpg 1440w\">El diputado Ramiro Guti\u00e9rrez elabor\u00f3 el plan junto a un equipo de expertos y especialistas en seguridad<\/p>\n\n\n\n<p>El programa se propone estandarizar a nivel federal ese&nbsp;<strong>\u201cmodelo Tigre<\/strong>\u201d, con una fuerte inversi\u00f3n en anillos de digitalizaci\u00f3n para la seguridad, centros de monitoreo que contemplen la incorporaci\u00f3n de c\u00e1maras domo, con capacidad de visi\u00f3n de 300 metros y motor de inteligencia artificial. Son equipos que pueden grabar desde la patente hasta hacer identificaci\u00f3n de rostro, contra el banco de im\u00e1genes de pr\u00f3fugos y evadidos,<\/p>\n\n\n\n<p>Esa federalizaci\u00f3n supone la cooperaci\u00f3n y el di\u00e1logo con gobernadores e intendentes que est\u00e9n interesados en incorporar esas herramientas, principalmente en los corredores de mayor incidencia delictiva. \u201cVamos a poner el term\u00f3metro donde est\u00e1 la fiebre\u201d, explicaron a&nbsp;<strong>Infobae<\/strong>.<\/p>\n\n\n\n<p>Pero el plan requiere tambi\u00e9n una recapacitaci\u00f3n de las fuerzas de seguridad y de los operadores de seguridad, que son aquellos agentes que en el presente y el futuro est\u00e9n a cargo de los centros de monitoreo 24&#215;24. Entre los contenidos y aptitudes que recibir\u00e1n se destaca la formaci\u00f3n en \u2018perfilaci\u00f3n criminal\u2019, una t\u00e9cnica que utiliza el FBI de Estados Unidos, que permite detectar acciones preparatorias para cometer delitos y actuar de manera preventiva.<\/p>\n\n\n\n<p>El candidato de Uni\u00f3n por la Patria tambi\u00e9n impulsar\u00e1&nbsp;<strong>el combate contra la modalidad delictiva como \u201cmotochorros\u201d<\/strong>, e impulsar\u00e1 l\u00edmites para las excarcelaciones y un endurecimiento de la pena para aquellos delincuentes que utilicen esos veh\u00edculos. \u201cEl tipo que se sube a una moto para robar se baja en la c\u00e1rcel\u201d, aseguran que plante\u00f3 Massa.<\/p>\n\n\n\n<p>Tambi\u00e9n se anunciar\u00e1n cambios legislativos en materia de&nbsp;<strong>portaci\u00f3n ilegal de armas de fuego para evitar que ese delito sea excarcelable<\/strong>, fijando una pena de hasta ocho a\u00f1os de prisi\u00f3n. \u201cPasar\u00e1 a ser un delito grave\u201d, explicaron y agregaron que otra iniciativa clave ser\u00e1 la presentaci\u00f3n de una&nbsp;<strong>\u201cley seca de municiones\u201d.<\/strong><\/p>\n\n\n\n<h2>Las balaceras de Rosario<\/h2>\n\n\n\n<p><img decoding=\"async\" loading=\"lazy\" alt=\"Los orificios de bala que impactaron las ventanas del supermercado \u00danico, propiedad de la familia de la esposa de Messi. Ocurri\u00f3 el jueves 2 de marzo de 2023.  (AP Foto\/Sebasti\u00e1n L\u00f3pez Brach)\" height=\"4000\" width=\"6000\" src=\"https:\/\/www.infobae.com\/new-resizer\/3CMoSDjlOz4M_wAdbuGiyUcS79I=\/arc-anglerfish-arc2-prod-infobae\/public\/BCUG2BDCEGYNAYPFDMFLZFH4BQ.jpg\" srcset=\"https:\/\/www.infobae.com\/new-resizer\/3uLzs1jVwSyaniO6z064AxSy9wY=\/420x280\/filters:format(webp):quality(85)\/cloudfront-us-east-1.images.arcpublishing.com\/infobae\/BCUG2BDCEGYNAYPFDMFLZFH4BQ.jpg 420w,https:\/\/www.infobae.com\/new-resizer\/bNgvTcYjoh8BDt5ogR6QxdYUFno=\/768x512\/filters:format(webp):quality(85)\/cloudfront-us-east-1.images.arcpublishing.com\/infobae\/BCUG2BDCEGYNAYPFDMFLZFH4BQ.jpg 768w,https:\/\/www.infobae.com\/new-resizer\/nx3XrXjEFU87Fy9fGluFfRz95ek=\/992x661\/filters:format(webp):quality(85)\/cloudfront-us-east-1.images.arcpublishing.com\/infobae\/BCUG2BDCEGYNAYPFDMFLZFH4BQ.jpg 992w,https:\/\/www.infobae.com\/new-resizer\/IPFP3x3DpPp3pg013E_SoUJRWCQ=\/1200x800\/filters:format(webp):quality(85)\/cloudfront-us-east-1.images.arcpublishing.com\/infobae\/BCUG2BDCEGYNAYPFDMFLZFH4BQ.jpg 1200w,https:\/\/www.infobae.com\/new-resizer\/C1Zm5o2d2e-JLegcBFlQH0ZvPtQ=\/1440x960\/filters:format(webp):quality(85)\/cloudfront-us-east-1.images.arcpublishing.com\/infobae\/BCUG2BDCEGYNAYPFDMFLZFH4BQ.jpg 1440w\">Los orificios de bala que impactaron las ventanas del supermercado \u00danico, propiedad de la familia de la esposa de Messi. Ocurri\u00f3 el jueves 2 de marzo de 2023. (AP Foto\/Sebasti\u00e1n L\u00f3pez Brach)<\/p>\n\n\n\n<p>Seg\u00fan pudo saber&nbsp;<strong>Infobae<\/strong>, se impulsar\u00e1 una normativa que regule de manera estricta la compra y venta de todo tipo de balas, independientemente del calibre. Explicaron que, por ejemplo, en el interior del pa\u00eds las municiones calibre 22 se compran en ferreter\u00edas, cuando son de las m\u00e1s peligrosas y da\u00f1inas. \u201cEsas balas son las que m\u00e1s da\u00f1o hacen, porque tienen orificio de entrada, pero no de salida. Ese plomo \u2018camina\u2019 dentro del cuerpo y genera un enorme da\u00f1o en los \u00f3rganos y suele ser mortal\u201d, explicaron.<\/p>\n\n\n\n<p>Con esa \u201cley seca de municiones\u201d no s\u00f3lo apuntar\u00e1 a controlar m\u00e1s las balas de menor porte, sino tambi\u00e9n atacar el insumo imprescindible para las balaceras que ocurren, sobre todo, en Rosario. \u201cNo puede ser que aparezcan tiroteos de 100, 200 o 500 balazos, como si nada\u201d, explicaron.<\/p>\n\n\n\n<p>Por eso, el equipo de seguridad del Frente Renovador impulsar\u00e1 la definici\u00f3n de un nuevo tipo penal que ser\u00e1 el de las balaceras, haciendo una distinci\u00f3n entre las que se realizan con objetivo homicida y las que tienen un fin extorsivo. \u201cEs un delito independiente que tiene que estar contemplado en el C\u00f3digo Penal\u201d, explicaron las fuentes y precisaron: \u201cLa balacera mortal es t\u00edpica de sicariato y la intimidatoria es parte de la acci\u00f3n extorsiva, que tiene el objetivo de generar temor para obtener dinero a cambio de una supuesta protecci\u00f3n\u201d.<\/p>\n\n\n\n<h2>Justicia y fuerzas de seguridad<\/h2>\n\n\n\n<p>En el programa tambi\u00e9n se contemplar\u00e1 la descentralizaci\u00f3n de las fuerzas federales y de la Justicia Federal para hacer m\u00e1s eficaz el combate contra el delito. En ese sentido, se impulsar\u00e1 la creaci\u00f3n de una Agencia de Fuerzas Combinadas, que requerir\u00e1 una modificaci\u00f3n de la Ley de Seguridad Interior.<\/p>\n\n\n\n<p><img decoding=\"async\" loading=\"lazy\" alt=\"Equipo de seguridad. La diputada Pamela Caletti fue ministra de Justicia de Salta y responde pol\u00edticamente al gobernador S\u00e1enz\" height=\"960\" width=\"1440\" src=\"https:\/\/www.infobae.com\/new-resizer\/QBpJqA2swaiNhTrq-Cvndykjo1g=\/arc-anglerfish-arc2-prod-infobae\/public\/F2GXBLVTO5BMHNCG72D62CRL3A.jpg\" srcset=\"https:\/\/www.infobae.com\/new-resizer\/UqE_vHfyG4euIyoQmVbreuqz4rQ=\/420x280\/filters:format(webp):quality(85)\/cloudfront-us-east-1.images.arcpublishing.com\/infobae\/F2GXBLVTO5BMHNCG72D62CRL3A.jpg 420w,https:\/\/www.infobae.com\/new-resizer\/vJM3iDfK_NOy837sH9AFeg8cTCE=\/768x512\/filters:format(webp):quality(85)\/cloudfront-us-east-1.images.arcpublishing.com\/infobae\/F2GXBLVTO5BMHNCG72D62CRL3A.jpg 768w,https:\/\/www.infobae.com\/new-resizer\/25dIm1SKIbRmrJPjaQbJ1QLiSHU=\/992x661\/filters:format(webp):quality(85)\/cloudfront-us-east-1.images.arcpublishing.com\/infobae\/F2GXBLVTO5BMHNCG72D62CRL3A.jpg 992w,https:\/\/www.infobae.com\/new-resizer\/LCfia6svMwsxsjLcXe1wgLwzG1I=\/1200x800\/filters:format(webp):quality(85)\/cloudfront-us-east-1.images.arcpublishing.com\/infobae\/F2GXBLVTO5BMHNCG72D62CRL3A.jpg 1200w,https:\/\/www.infobae.com\/new-resizer\/s6qmSFG-4-svIbYM__CA2bBClk0=\/1440x960\/filters:format(webp):quality(85)\/cloudfront-us-east-1.images.arcpublishing.com\/infobae\/F2GXBLVTO5BMHNCG72D62CRL3A.jpg 1440w\">Equipo de seguridad. La diputada Pamela Caletti fue ministra de Justicia de Salta y responde pol\u00edticamente al gobernador S\u00e1enz<\/p>\n\n\n\n<p>La idea es poder establecer en zonas de alto perfil, como Rosario y otros conurbanos, de Mendoza, C\u00f3rdoba o partidos bonaerenses, comandos unificados que contenga a la polic\u00eda local, provincial y fuerzas nacionales como Gendarmer\u00eda o Prefectura, para enfrentar bandas criminales o focos delictivos de alta peligrosidad, principalmente los vinculados con el narcotr\u00e1fico.<\/p>\n\n\n\n<p>Se trata de una reforma legislativa, con una ley de adhesi\u00f3n, para que se desplieguen ese tipo de unidades con acuerdo previo de la provincia. Hoy, esas intervenciones s\u00f3lo se pueden dar en caso de conmoci\u00f3n interior o estado de sitio. Las fuentes aclararon que en esa Agencia de Fuerzas Combinadas no reunir\u00e1 s\u00f3lo fuerzas de seguridad, sino que tambi\u00e9n habr\u00e1 dependencias del \u00e1rea social, educativa y de salud. Tambi\u00e9n estamentos que persiguen delitos econ\u00f3micos, como la AFIP, la UIF o la PROCELAC.<\/p>\n\n\n\n<p>Por \u00faltimo, en materia de Justicia, el plan de seguridad impulsar\u00e1 la descentralizaci\u00f3n y la creaci\u00f3n del \u201cinstructor judicial\u201d como un agente nuevo que forme parte del Ministerio P\u00fablico, y que tenga la misi\u00f3n de ser una instancia intermedia y con capacidad de adoptar decisiones cautelares. Es una figura intermedia entre la Polic\u00eda y la Fiscal\u00eda. Y finalmente, se le dar\u00e1 nuevo impulso a la puesta en marcha de la Polic\u00eda Judicial, para que los jueces tengan una fuerza propia que act\u00fae como un auxiliar y que no dependa, como es actualmente con los efectivos policiales que dependen del Poder Ejecutivo Nacional.<\/p>\n\n\n\n<p>Fuente: Infobae<\/p>\n","protected":false},"excerpt":{"rendered":"<div class=\"mh-excerpt\"><p>El ministro y candidato de Uni\u00f3n por la Patria,&nbsp;Sergio Massa, anunciar\u00e1 ma\u00f1ana los detalles de un \u201cPlan de Seguridad Inteligente\u201d, basado en el \u201cmodelo Tigre\u201d que puso en marcha cuando fue intendente de ese partido del norte del conurbano bonaerense. La iniciativa incorpora una bater\u00eda de medidas y proyectos de ley, que establecen penas m\u00e1s duras, una \u201cley seca de municiones\u201d, y la definici\u00f3n de tipos penales, como las&nbsp;balaceras, una modalidad delictiva que ejecutan las bandas narcocriminales de Rosario. Aunque todav\u00eda no est\u00e1 definido el lugar y el formato de la presentaci\u00f3n, el ministro de Econom\u00eda instruy\u00f3 a su equipo <a class=\"mh-excerpt-more\" href=\"http:\/\/dsrmedios.com.ar\/diario\/archivos\/39107\" title=\"El plan de seguridad de Sergio Massa: penas m\u00e1s duras, \u201cley seca de municiones\u201d y foco en balaceras y motochorros\">[Leer m\u00e1s]<\/a><\/p>\n<\/div>","protected":false},"author":8,"featured_media":31416,"comment_status":"open","ping_status":"closed","sticky":false,"template":"","format":"standard","meta":{"_jetpack_newsletter_access":""},"categories":[6],"tags":[],"jetpack_featured_media_url":"http:\/\/dsrmedios.com.ar\/diario\/wp-content\/uploads\/2023\/04\/CULIKXKBYJ5VYCFKH4L7XKC57Q.jpg","jetpack_sharing_enabled":true,"jetpack_shortlink":"https:\/\/wp.me\/p9fihK-aaL","_links":{"self":[{"href":"http:\/\/dsrmedios.com.ar\/diario\/wp-json\/wp\/v2\/posts\/39107"}],"collection":[{"href":"http:\/\/dsrmedios.com.ar\/diario\/wp-json\/wp\/v2\/posts"}],"about":[{"href":"http:\/\/dsrmedios.com.ar\/diario\/wp-json\/wp\/v2\/types\/post"}],"author":[{"embeddable":true,"href":"http:\/\/dsrmedios.com.ar\/diario\/wp-json\/wp\/v2\/users\/8"}],"replies":[{"embeddable":true,"href":"http:\/\/dsrmedios.com.ar\/diario\/wp-json\/wp\/v2\/comments?post=39107"}],"version-history":[{"count":1,"href":"http:\/\/dsrmedios.com.ar\/diario\/wp-json\/wp\/v2\/posts\/39107\/revisions"}],"predecessor-version":[{"id":39108,"href":"http:\/\/dsrmedios.com.ar\/diario\/wp-json\/wp\/v2\/posts\/39107\/revisions\/39108"}],"wp:featuredmedia":[{"embeddable":true,"href":"http:\/\/dsrmedios.com.ar\/diario\/wp-json\/wp\/v2\/media\/31416"}],"wp:attachment":[{"href":"http:\/\/dsrmedios.com.ar\/diario\/wp-json\/wp\/v2\/media?parent=39107"}],"wp:term":[{"taxonomy":"category","embeddable":true,"href":"http:\/\/dsrmedios.com.ar\/diario\/wp-json\/wp\/v2\/categories?post=39107"},{"taxonomy":"post_tag","embeddable":true,"href":"http:\/\/dsrmedios.com.ar\/diario\/wp-json\/wp\/v2\/tags?post=39107"}],"curies":[{"name":"wp","href":"https:\/\/api.w.org\/{rel}","templated":true}]}}