{"id":39104,"date":"2023-09-04T10:22:48","date_gmt":"2023-09-04T13:22:48","guid":{"rendered":"http:\/\/dsrmedios.com.ar\/diario\/?p=39104"},"modified":"2023-09-04T10:22:52","modified_gmt":"2023-09-04T13:22:52","slug":"dolarizacion-y-terrorismo-la-batalla-cultural-que-quiere-ganar-milei","status":"publish","type":"post","link":"http:\/\/dsrmedios.com.ar\/diario\/archivos\/39104","title":{"rendered":"Dolarizaci\u00f3n y terrorismo, la batalla cultural que quiere ganar Milei"},"content":{"rendered":"\n<p>Entre las sorpresas que vienen alumbrando estas elecciones la \u00faltima es que se convierta en&nbsp;<strong>otro tema de campa\u00f1a<\/strong>&nbsp;la discusi\u00f3n por la violencia desatada sobre la Argentina durante los a\u00f1os \u201870.<\/p>\n\n\n\n<p>Eso va a suceder a partir de este lunes, a ra\u00edz de la convocatoria de la diputada y candidata a vicepresidenta de La Libertad Avanza, Victoria Villarruel, para que se lleve a cabo en la Legislatura Porte\u00f1a&nbsp;<strong>un homenaje a las v\u00edctimas de Montoneros y de otras agrupaciones guerrilleras.&nbsp;<\/strong>El evento, presumiblemente, despert\u00f3 la reacci\u00f3n de las agrupaciones kirchneristas de derechos humanos, sindicatos K y algunos sectores de la izquierda que siempre han sido funcionales al kirchnerismo.<\/p>\n\n\n\n<p><strong>Lo primero que intent\u00f3 el kirchnerismo es cancelar el homenaje<\/strong>&nbsp;y cualquier tipo de debate sobre la cuesti\u00f3n. Para ellos la violencia pol\u00edtica de hace medio siglo no merece ninguna discusi\u00f3n. Solo hubo terrorismo de estado en manos de la \u00faltima dictadura militar y&nbsp;<strong>jam\u00e1s habr\u00e1 alguna autocr\u00edtica por los atentados y asesinatos de las organizaciones terroristas.<\/strong><\/p>\n\n\n\n<p>Esa ventana de di\u00e1logo es descalificada como \u201c<strong>teor\u00eda de los dos demonios\u201d<\/strong>\u00a0y, seg\u00fan lo proclaman en reflexiones m\u00e1s discretas, jam\u00e1s se ejerce la autocr\u00edtica porque esa debilidad favorecer\u00eda al \u201cenemigo\u201d.<\/p>\n\n\n\n<p>No importa que la justicia penal considere m\u00e1s graves los delitos de terrorismo de estado que los del terrorismo civil. No les alcanza. Consideran a quienes integraron los grupos guerrilleros como luchadores sociales, y por lo tanto no merecer\u00edan ning\u00fan castigo.&nbsp;<strong>En esa construcci\u00f3n pol\u00edtica, los cr\u00edmenes de la dictadura merecen condena y los de la guerrilla no.&nbsp;<\/strong>As\u00ed de simple. Como si la muerte de unas y de otras v\u00edctimas fuera diferente. Como si la sangre derramada fuera cruel en un caso y justificada en el otro.<\/p>\n\n\n\n<p>Por esa raz\u00f3n, grupos kirchneristas y otros acompa\u00f1antes \u00fatiles ir\u00e1n a manifestarse en la Legislatura Porte\u00f1a. La idea es impedir el homenaje y\u00a0<strong>generar un nuevo foco de confrontaci\u00f3n<\/strong>\u00a0a siete semanas de las elecciones presidenciales. La campa\u00f1a electoral ha tenido todo tipo de irregularidades, pero ser\u00eda una p\u00e9sima noticia que adem\u00e1s se derrumbe en un laberinto de violencia.<\/p>\n\n\n\n<p>La impulsora del homenaje, la abogada, legisladora y candidata&nbsp;<strong>Victoria Villarruel hace tiempo que trabaja con las v\u00edctimas de los grupos terroristas.&nbsp;<\/strong>Ella ha dicho siempre que nunca defendi\u00f3 a los militares que cometieron asesinatos, los que desaparecieron personas o robaron a los hijos de los terroristas para darlos a familias amigas, pero esa es la acusaci\u00f3n que le hacen desde los grupos de derechos humanos afines al kirchnerismo.&nbsp;<strong>No hay ni habr\u00e1 chances de reconciliaci\u00f3n entre esos dos extremos.<\/strong><\/p>\n\n\n\n<p>La intolerancia entre grupos pol\u00edticos enfrentados en el pasado con cad\u00e1veres en el medio no es un atributo exclusivo de la Argentina.&nbsp;<strong>En Espa\u00f1a se mantiene la confrontaci\u00f3n<\/strong>&nbsp;entre los descendientes del franquismo y los de la izquierda a m\u00e1s de ochenta a\u00f1os de la Guerra Civil que ensangrent\u00f3 a ese pa\u00eds, y&nbsp;<strong>lo mismo le sucede a Colombia&nbsp;<\/strong>entre las v\u00edctimas de la guerrilla y los partidos de izquierda. Ni siquiera el acuerdo de paz impulsado por el ex presidente de derecha, Juan Manuel Santos, ni el hecho de que el ex guerrillero, Gustavo Petro, haya alcanzado la presidencia parecen haber sido motivos suficientes para avanzar.<\/p>\n\n\n\n<p><strong>Solo la autocr\u00edtica profunda y sincera<\/strong>&nbsp;se puede convertir en una plataforma para resta\u00f1ar las heridas de la violencia armada. Y no hay en la Argentina de este tiempo discursos parecidos a los del ex tupamaro Jos\u00e9 Mujica. El mea culpa de \u201cPepe\u201d, y el de otros dirigentes menos conocidos, ha sido&nbsp;<strong>la base de los episodios de tolerancia que cimentan la salud de la democracia uruguaya.<\/strong><\/p>\n\n\n\n<p>Aunque poco difundida,&nbsp;<strong>hay declaraciones autocr\u00edticas de la candidata Patricia Bullrich<\/strong>, que siendo una muy joven militante de la Juventud Peronista tuvo momentos de cercan\u00eda familiar y hasta de simpat\u00eda hacia el grupo Montoneros. Conoci\u00f3 el exilio y siempre se refiere a esos tiempos con&nbsp;<strong>la distancia de los errores generacionales.<\/strong><\/p>\n\n\n\n<p>Pero esas demostraciones no le alcanzan a Juntos por el Cambio para darle al kirchnerismo la batalla cultural en esta discusi\u00f3n.&nbsp;<strong>Siempre han tenido una actitud defensiva<\/strong>, que ahora los libertarios de Javier Milei intentan aprovechar.<\/p>\n\n\n\n<p>En una l\u00facida columna publicada en La Naci\u00f3n, el periodista y gran escritor Jorge Fern\u00e1ndez D\u00edaz explica ese dilema con un t\u00edtulo que deja muy en claro las cosas desde el comienzo. \u201c<strong>Los republicanos calientan la pava y Milei se toma el mate\u201d<\/strong>, plantea el an\u00e1lisis, desarrollando luego una hip\u00f3tesis interesante. La posibilidad de que al populismo de izquierda (el kirchnerismo) lo reemplace un populismo de derecha (los libertarios), y que por defender a las v\u00edctimas de los grupos guerrilleros se terminen avalando los cr\u00edmenes de los militares terroristas de estado.<\/p>\n\n\n\n<p><strong>Lo que sin dudas atraviesa a la sociedad argentina es un cambio de paradigma.&nbsp;<\/strong>La crisis econ\u00f3mica de estos cuarenta a\u00f1os de democracia, sumada a la crisis de valores que gener\u00f3 el kirchnerismo en las \u00faltimas dos d\u00e9cadas, parecen haber abonado el terreno para&nbsp;<strong>un debate democr\u00e1tico sobre los derechos humanos bajo otra luz.&nbsp;<\/strong>La luminosidad de la autocr\u00edtica, que siempre brill\u00f3 por su ausencia en la Argentina. La soberbia es la que siempre domin\u00f3 el escenario del pa\u00eds y la que jam\u00e1s permiti\u00f3 revisar el pasado.<\/p>\n\n\n\n<p>Hace apenas cinco a\u00f1os, el entonces ministro de Cultura porte\u00f1o,&nbsp;<strong>Dar\u00edo Lop\u00e9rfido, hizo declaraciones p\u00fablicas desestimando que la cantidad de desaparecidos durante la dictadura militar haya sido de treinta mil<\/strong>, el n\u00famero que promocionaron algunos grupos de derechos humanos. No import\u00f3 que el radicalismo, partido del que proven\u00eda Lop\u00e9rfido, haya sido el sector que juzg\u00f3 a las juntas militares.&nbsp;<strong>El fuego de la cancelaci\u00f3n cay\u00f3 fulminante sobre \u00e9l<\/strong>&nbsp;y Horacio Rodr\u00edguez Larreta, jefe del gobierno de la Ciudad, le termin\u00f3 pidiendo la renuncia.<\/p>\n\n\n\n<p>Tiempo despu\u00e9s, Lop\u00e9rfido se fue a vivir a Alemania y hoy reside en Madrid, desde donde respald\u00f3 y trabaj\u00f3 para la candidatura presidencial de Bullrich.<\/p>\n\n\n\n<p><strong>El debate sobre los treinta mil desaparecidos vuelve una y otra vez al centro de la escena<\/strong>, como si los casi diez mil desaparecidos que registr\u00f3 la Conadep (la comisi\u00f3n que integraron&nbsp;<strong>Ernesto S\u00e1bato, Magdalena Ruiz Gui\u00f1az\u00fa, Monse\u00f1or Jaime de Nevares, el Rabino Marshall Meyer y Ren\u00e9 Favaloro, entre otros, pero que el peronismo se neg\u00f3 a integrar)<\/strong>&nbsp;en testimonios desgarradores no fueran suficientes para darle la dimensi\u00f3n exacta a la tragedia del terrorismo de estado, incluyendo torturas, muertes y robo de beb\u00e9s.<\/p>\n\n\n\n<p>Un debate honesto y despojado del marketing pol\u00edtico sobre el tema habr\u00eda aclarado las cosas hace mucho tiempo. Una de las tantas deudas pendientes de la democracia argentina.<\/p>\n\n\n\n<p><strong>Hay un clima renovado sobre esta discusi\u00f3n<\/strong>&nbsp;que lleva a Victoria Villarruel a declarar que la cifra de treinta mil desaparecidos, que algunos integrantes de grupos de derechos humanos reconocen como exagerada intencionalmente en su momento para fortalecer el reclamo en foros internacionales, es a su juicio parte de \u201c<strong>una mitolog\u00eda\u201d.<\/strong><\/p>\n\n\n\n<p>Algo va quedando en claro.&nbsp;<strong>Si el episodio Lop\u00e9rfido hubiera ocurrido ahora, posiblemente no le hubieran pedido la renuncia.<\/strong><\/p>\n\n\n\n<p>En t\u00e9rminos econ\u00f3micos, que es donde con mayor comodidad se mueve,&nbsp;<strong>Milei logr\u00f3 poner en marcha una batalla cultural lanzando el proyecto de dolarizaci\u00f3n.&nbsp;<\/strong>\u00bfQu\u00e9 mejor para un pa\u00eds con el d\u00f3lar disparado que proponer la conversi\u00f3n de pesos en d\u00f3lares? Despu\u00e9s vino la discusi\u00f3n sobre la viabilidad de la propuesta y la cantidad de d\u00f3lares que se necesitan para adoptar un sistema de econom\u00edas m\u00e1s peque\u00f1as como las de Ecuador o El Salvador.<\/p>\n\n\n\n<p>Pero&nbsp;<strong>al candidato le alcanz\u00f3 para aventajar a sus adversarios en las PASO y pasar de promesa a favorito en la carrera hacia la Casa Rosada.<\/strong>&nbsp;All\u00ed est\u00e1 Carlos Melconian ahora tratando de explicarle a una sociedad agobiada que la dolarizaci\u00f3n es magia y que un shock de econom\u00eda bimonetaria puede acabar con la decadencia argenta.<\/p>\n\n\n\n<p>Con el mismo \u00edmpetu con el que lanz\u00f3 la dolarizaci\u00f3n, ahora un poco atenuada,&nbsp;<strong>Milei y sus libertarios se animan ahora a dar la batalla cultural sobre la violencia armada<\/strong>&nbsp;que llen\u00f3 al pa\u00eds adolescente de cad\u00e1veres. Con dos tercios de sus votantes menores de treinta y cinco a\u00f1os, es posible que el abordaje de blanco o negro con el que intentan zanjar la discusi\u00f3n les termine dando resultados favorables.<\/p>\n\n\n\n<p><strong>La sociedad argentina est\u00e1 rota en muchos aspectos<\/strong>&nbsp;y los \u00fanicos que no parecen advertirlo son los dirigentes pol\u00edticos tradicionales. All\u00ed radica el \u00e9xito de Milei.<\/p>\n\n\n\n<p>\u201c<strong>La historia va a juzgar a Javier Milei como el principal referente de un cambio de ciclo en lo ideol\u00f3gico; nunca hubo un Milei de izquierda o un espacio llamado el Socialismo Avanza\u201d<\/strong>, explica el candidato porte\u00f1o de LLA, Ramiro Marra, en una entrevista con&nbsp;<em>CNN Radio.<\/em><\/p>\n\n\n\n<p>Siendo parte de una coalici\u00f3n de varios partidos diferentes,&nbsp;<strong>a Juntos por el Cambio le cuestan m\u00e1s estos desaf\u00edos que tienen la m\u00fasica electoral de la provocaci\u00f3n.<\/strong><\/p>\n\n\n\n<p>Y hablando de provocaci\u00f3n, Milei ha dicho hace un par de a\u00f1os que&nbsp;<strong>sol\u00eda divertirse peg\u00e1ndole a un mu\u00f1eco con la cara de Ra\u00fal Alfons\u00edn<\/strong>, a quien critica ferozmente y lo llama el padre de la hiperinflaci\u00f3n.<\/p>\n\n\n\n<p>Es cierto que el gobierno alfonsinista produjo un fracaso econ\u00f3mico,&nbsp;<strong>el primero desde la restauraci\u00f3n democr\u00e1tica<\/strong>&nbsp;y al que habr\u00edan de seguir otros tantos fracasos de todos los signos partidarios. Las cifras actuales de la pobreza de la Argentina siempre son la mejor demostraci\u00f3n de la ca\u00edda.<\/p>\n\n\n\n<p>Pero si Milei va a dar, como parece, una batalla cultural sobre el equilibrio en los derechos humanos, va encontrarse con un dato incontrastable: Ra\u00fal Alfons\u00edn fue el impulsor de la Conadep y&nbsp;<strong>el \u00fanico presidente que logr\u00f3 que se juzgara y condenara a los militares por terrorismo de estado y a los guerrilleros<\/strong>&nbsp;como Mario Firmenich, Fernando Vaca Narvaja y Roberto Perd\u00eda.<\/p>\n\n\n\n<p>Los tres estuvieron presos muy poco tiempo.&nbsp;<strong>En 1990 fueron indultados por Carlos Menem, el presidente peronista al que Milei m\u00e1s admira.<\/strong>&nbsp;Al que llama el mejor presidente de la historia.<\/p>\n\n\n\n<p>Milei es el candidato al que las estad\u00edsticas le otorgan las mayores chances de llegar a la Casa Rosada. Claro que si pretende llegar a presidente surfeando sobre la ola de un cambio cultural, econ\u00f3mico o pol\u00edtico, nada mejor entonces que comenzar a trabajar sobre la mochila personal de las contradicciones.<\/p>\n\n\n\n<p>Fuente: Infobae<\/p>\n","protected":false},"excerpt":{"rendered":"<div class=\"mh-excerpt\"><p>Entre las sorpresas que vienen alumbrando estas elecciones la \u00faltima es que se convierta en&nbsp;otro tema de campa\u00f1a&nbsp;la discusi\u00f3n por la violencia desatada sobre la Argentina durante los a\u00f1os \u201870. Eso va a suceder a partir de este lunes, a ra\u00edz de la convocatoria de la diputada y candidata a vicepresidenta de La Libertad Avanza, Victoria Villarruel, para que se lleve a cabo en la Legislatura Porte\u00f1a&nbsp;un homenaje a las v\u00edctimas de Montoneros y de otras agrupaciones guerrilleras.&nbsp;El evento, presumiblemente, despert\u00f3 la reacci\u00f3n de las agrupaciones kirchneristas de derechos humanos, sindicatos K y algunos sectores de la izquierda que siempre <a class=\"mh-excerpt-more\" href=\"http:\/\/dsrmedios.com.ar\/diario\/archivos\/39104\" title=\"Dolarizaci\u00f3n y terrorismo, la batalla cultural que quiere ganar Milei\">[Leer m\u00e1s]<\/a><\/p>\n<\/div>","protected":false},"author":8,"featured_media":39105,"comment_status":"open","ping_status":"closed","sticky":false,"template":"","format":"standard","meta":{"_jetpack_newsletter_access":""},"categories":[6],"tags":[],"jetpack_featured_media_url":"http:\/\/dsrmedios.com.ar\/diario\/wp-content\/uploads\/2023\/09\/sddefault.jpg","jetpack_sharing_enabled":true,"jetpack_shortlink":"https:\/\/wp.me\/p9fihK-aaI","_links":{"self":[{"href":"http:\/\/dsrmedios.com.ar\/diario\/wp-json\/wp\/v2\/posts\/39104"}],"collection":[{"href":"http:\/\/dsrmedios.com.ar\/diario\/wp-json\/wp\/v2\/posts"}],"about":[{"href":"http:\/\/dsrmedios.com.ar\/diario\/wp-json\/wp\/v2\/types\/post"}],"author":[{"embeddable":true,"href":"http:\/\/dsrmedios.com.ar\/diario\/wp-json\/wp\/v2\/users\/8"}],"replies":[{"embeddable":true,"href":"http:\/\/dsrmedios.com.ar\/diario\/wp-json\/wp\/v2\/comments?post=39104"}],"version-history":[{"count":1,"href":"http:\/\/dsrmedios.com.ar\/diario\/wp-json\/wp\/v2\/posts\/39104\/revisions"}],"predecessor-version":[{"id":39106,"href":"http:\/\/dsrmedios.com.ar\/diario\/wp-json\/wp\/v2\/posts\/39104\/revisions\/39106"}],"wp:featuredmedia":[{"embeddable":true,"href":"http:\/\/dsrmedios.com.ar\/diario\/wp-json\/wp\/v2\/media\/39105"}],"wp:attachment":[{"href":"http:\/\/dsrmedios.com.ar\/diario\/wp-json\/wp\/v2\/media?parent=39104"}],"wp:term":[{"taxonomy":"category","embeddable":true,"href":"http:\/\/dsrmedios.com.ar\/diario\/wp-json\/wp\/v2\/categories?post=39104"},{"taxonomy":"post_tag","embeddable":true,"href":"http:\/\/dsrmedios.com.ar\/diario\/wp-json\/wp\/v2\/tags?post=39104"}],"curies":[{"name":"wp","href":"https:\/\/api.w.org\/{rel}","templated":true}]}}