{"id":39101,"date":"2023-09-04T10:19:44","date_gmt":"2023-09-04T13:19:44","guid":{"rendered":"http:\/\/dsrmedios.com.ar\/diario\/?p=39101"},"modified":"2023-09-04T10:19:47","modified_gmt":"2023-09-04T13:19:47","slug":"el-crudo-diagnostico-en-washington-sobre-las-elecciones-y-el-futuro-de-la-argentina","status":"publish","type":"post","link":"http:\/\/dsrmedios.com.ar\/diario\/archivos\/39101","title":{"rendered":"El crudo diagn\u00f3stico en Washington sobre las elecciones y el futuro de la Argentina"},"content":{"rendered":"\n<p>\u201cEl\u00a0<strong>pr\u00f3ximo Gobierno<\/strong>\u00a0argentino deber\u00e1 tomar\u00a0<strong>decisiones muy dif\u00edciles<\/strong>. El nuevo Presidente tendr\u00e1 que estar dispuesto a\u00a0<strong>perder capital pol\u00edtico<\/strong>\u00a0para aplicar medidas que ayuden a encauzar la econom\u00eda\u201d. La sentencia resuena por estas horas en Washington, donde la mirada sobre el futuro del pa\u00eds recorre la sinuosa frontera de la bipolaridad.<\/p>\n\n\n\n<p>En la ciudad epicentro del poder de los Estados Unidos hay&nbsp;<strong>dos visiones bien dispares<\/strong>&nbsp;sobre la Argentina que viene: la&nbsp;<strong>optimista<\/strong>&nbsp;destaca la riqueza de recursos naturales, de capital humano y hasta de ubicaci\u00f3n geogr\u00e1fica (lejos de los escenarios b\u00e9licos) que le dan una enorme chance de lograr a mediano plazo un despegue econ\u00f3mico sostenible en el tiempo.<\/p>\n\n\n\n<p>\u201cEs un pa\u00eds que&nbsp;<strong>deber\u00eda nadar en d\u00f3lares<\/strong>&nbsp;si aprovechara las necesidades globales de energ\u00eda y alimentos\u201d, resumen sin pesta\u00f1ear desde el c\u00edrculo de poder norteamericano.<\/p>\n\n\n\n<p>Sin embargo, en un parpadeo la\u00a0<strong>perspectiva se carga de escepticismo<\/strong>\u00a0con un dato que consideran irrefutable: el historial de\u00a0<strong>reca\u00eddas<\/strong>\u00a0de una\u00a0<strong>dirigencia pol\u00edtica<\/strong>\u00a0que -entienden- siempre elige recalcular el rumbo cuando llega el momento de avanzar con reformas de fondo. Por el contrario, apelan a\u00a0<strong>f\u00f3rmulas cortoplacistas<\/strong>\u00a0que agravan un cuadro econ\u00f3mico y social desesperanzador que, aun en el mejor de los casos, no se revertir\u00e1 r\u00e1pidamente.<\/p>\n\n\n\n<p>La frase que mejor resume esa \u00faltima mirada la pronunci\u00f3&nbsp;<strong>Alejandro Werner<\/strong>, ex director del Departamento del Hemisferio Occidental del FMI, quien en 2018 supervis\u00f3 el acuerdo de pr\u00e9stamo por 57 mil millones de d\u00f3lares que se le otorg\u00f3 al gobierno de Mauricio Macri.<\/p>\n\n\n\n<p>\u201cEl de&nbsp;<strong>Argentina<\/strong>&nbsp;es un tema que&nbsp;<strong>genera muchas divisiones dentro del propio staff del Fondo<\/strong>; por eso se cambian los equipos (negociadores) cada cinco a\u00f1os\u2026 Es un caso profesionalmente&nbsp;<strong>fascinante<\/strong>, uno (se involucra porque) cree que ahora s\u00ed el pa\u00eds va a poder romper esa din\u00e1mica de inflaci\u00f3n y t\u00fa de alguna manera perif\u00e9rica vas a ser parte de esto. Luego te das cuenta de que no es el caso y&nbsp;<strong>tu reputaci\u00f3n se ve afectada<\/strong>\u201d, resumi\u00f3 entre risas y resignaci\u00f3n el economista durante una charla con periodistas que se realiz\u00f3 en la Universidad de Georgetown, en el marco de la 14 edici\u00f3n del programa Key Opini\u00f3n Leaders organizado por&nbsp;<strong>AmCham Argentina<\/strong>&nbsp;en Washington.<\/p>\n\n\n\n<h2>C\u00f3mo ven en Washington a Milei, Massa y Bullrich<\/h2>\n\n\n\n<figure class=\"wp-block-image\"><img decoding=\"async\" src=\"https:\/\/www.infobae.com\/new-resizer\/oS5ey5buswbtqYoxnbqeaBSzSSM=\/arc-anglerfish-arc2-prod-infobae\/public\/HGIMGPNQMZDVNDKHAWJKSSDXWM.png\" alt=\"infobae\"\/><\/figure>\n\n\n\n<p>En el centro del poder pol\u00edtico de los Estados Unidos repiten casi como un mantra que&nbsp;<strong>el gobierno de Joe Biden no tiene un favorito<\/strong>. Garantizan que la relaci\u00f3n bilateral con Argentina se mantendr\u00e1 y se trabajar\u00e1 con el que gane las elecciones, sea quien sea. Sin embargo, hay un perfil definido de cada uno de los candidatos.<\/p>\n\n\n\n<p>En Washington apelan a la\u00a0<strong>cautela<\/strong>\u00a0cuando se pide una definici\u00f3n sobre la figura de\u00a0<strong>Javier Milei<\/strong>. La tentaci\u00f3n de hablar de un \u201c<strong>little Trump<\/strong>\u201d en gestaci\u00f3n es grande, pero por ahora se evita para no apresurarse en colocar etiquetas ideol\u00f3gicas; sobre todo porque el l\u00edder libertario es todav\u00eda una verdadera inc\u00f3gnita.<\/p>\n\n\n\n<p>En su&nbsp;<strong>di\u00e1logo con el FMI<\/strong>, que fue p\u00fablico tras las PASO, el candidato de La Libertad Avanza hizo un diagn\u00f3stico realista de la actualidad y present\u00f3 un plan que apunta a consolidar las cuentas con una&nbsp;<strong>dr\u00e1stica reducci\u00f3n del gasto p\u00fablico<\/strong>&nbsp;en el primer a\u00f1o de gesti\u00f3n; c\u00f3mo lo lograr\u00e1 es la gran duda.&nbsp;<strong>\u00bfLa dolarizaci\u00f3n?&nbsp;<\/strong>Esa idea genera mucha incredulidad en varios sectores que tienen aceitados v\u00ednculos con el poder en los EEUU: \u201c<strong>Una cosa es estar en campa\u00f1a y otra muy distinta es gobernar<\/strong>\u201d, coinciden.<\/p>\n\n\n\n<p>Los analistas que siguen la din\u00e1mica de Latinoam\u00e9rica tienen curiosidad por conocer&nbsp;<strong>cu\u00e1l ser\u00e1 la estructura pol\u00edtica que respaldar\u00e1 al l\u00edder libertario<\/strong>&nbsp;en caso de llegar a la presidencia. Adem\u00e1s aguardan mayores precisiones sobre la hoja de ruta que utilizar\u00e1 para alcanzar r\u00e1pidamente metas ambiciosas, con medidas que, tal vez, una parte importante de la sociedad no estar\u00e1 dispuesta a acompa\u00f1ar.<\/p>\n\n\n\n<p>En el caso del proyecto de&nbsp;<strong>Patricia Bullrich<\/strong>, el desembarco de&nbsp;<strong>Carlos Melconian<\/strong>&nbsp;fue visto como una se\u00f1al importante. El economista visit\u00f3 personalmente las oficinas del FMI en el 700 de la calle 19th NW, y en esa reuni\u00f3n qued\u00f3 claro que&nbsp;<strong>su plan no contempla dolarizar<\/strong>. Uno de los ejes centrales de su propuesta estar\u00e1 enfocado en el aspecto fiscal para ordenar el gasto p\u00fablico.<\/p>\n\n\n\n<p>El desaf\u00edo de la candidata de Juntos por el Cambio ser\u00e1 encontrar la llave para salir de esa encerrona en la que se encuentra desde el d\u00eda despu\u00e9s de las PASO: su discurso qued\u00f3 a mitad de camino en un escenario de grieta que hoy tiene como referentes de cada extremo al l\u00edder de La Libertad Avanza y al referente de Uni\u00f3n por la Patria.<\/p>\n\n\n\n<p>La figura de&nbsp;<strong>Sergio Massa&nbsp;<\/strong>es la m\u00e1s&nbsp;<strong>conocida<\/strong>&nbsp;de las tres en Washington. Y aunque nadie lo admita en p\u00fablico, eso le da una&nbsp;<strong>luz de ventaja<\/strong>&nbsp;en la comparaci\u00f3n con Milei y Bullrich. All\u00ed destacan su carisma y&nbsp;<strong>habilidad<\/strong>&nbsp;<strong>para construir puentes diplom\u00e1ticos y sellar acuerdos<\/strong>. Sin embargo, se sabe que afronta un desaf\u00edo muy complejo porque hoy, m\u00e1s que pensar en el dise\u00f1o de un plan de futuro, el candidato de Uni\u00f3n por la Patria compite con el lastre (y el desgaste) que significa ser ministro de Econom\u00eda en un contexto de crisis profunda. La potencial influencia de&nbsp;<strong>Cristina Kirchner<\/strong>&nbsp;en su proyecto presidencial se tiene en cuenta, pero conf\u00edan en que Massa&nbsp;<strong>sabr\u00e1 hacer equilibrio en esa compleja relaci\u00f3n de poder<\/strong>.<\/p>\n\n\n\n<p>Claro que las buenas relaciones no alcanzan para maquillar la lectura fr\u00eda de la realidad: quienes conocen por dentro los pasillos de los organismos multilaterales coinciden en que, hasta ahora,&nbsp;<strong>los resultados de los ajustes econ\u00f3micos<\/strong>&nbsp;que se hicieron luego de las PASO -con devaluaci\u00f3n incluida-&nbsp;<strong>no han sido los esperados<\/strong>&nbsp;porque el&nbsp;<strong>impacto inflacionario fue mayor al que calculaban<\/strong>&nbsp;y la brecha cambiaria no se redujo del modo que preve\u00edan.<\/p>\n\n\n\n<p>A\u00fan en ese escenario, se especula con que&nbsp;<strong>la correcci\u00f3n cambiaria de agosto no fue suficiente<\/strong>&nbsp;y diagnostican que, a corto plazo, el&nbsp;<strong>tipo de cambio actual no ser\u00e1 consistente con un plan serio de acumulaci\u00f3n de reservas<\/strong>. Algo similar pasa con los&nbsp;<strong>precios de las tarifas<\/strong>&nbsp;que, en ese contexto, deber\u00edan incrementarse para ayudar a ordenar las cuentas.<\/p>\n\n\n\n<p>Un an\u00e1lisis coincidente que se oye en Washington es que, para que la recuperaci\u00f3n de la Argentina sea posible y perdure, es obligatorio tener una mirada de mediano plazo y ser\u00e1&nbsp;<strong>imprescindible sellar un acuerdo pol\u00edtico y social<\/strong>&nbsp;que permita mantener el&nbsp;<strong>orden en las calles durante la primera etapa del pr\u00f3ximo gobierno<\/strong>.<\/p>\n\n\n\n<p><img decoding=\"async\" loading=\"lazy\" alt=\"Una marcha de piqueteros frente al Ministerio de Desarrollo (Foto: Franco Fafasuli)\" height=\"1080\" width=\"1920\" src=\"https:\/\/www.infobae.com\/new-resizer\/xXhUfZqivbnrvCrNaDIbuwGm3Zk=\/arc-anglerfish-arc2-prod-infobae\/public\/AWI74XKHT5BSLPRHLLZST2FF2I.jpg\" srcset=\"https:\/\/www.infobae.com\/new-resizer\/CMFlMpmN-OIwdqj_8uH8_UgrJDU=\/420x236\/filters:format(webp):quality(85)\/cloudfront-us-east-1.images.arcpublishing.com\/infobae\/AWI74XKHT5BSLPRHLLZST2FF2I.jpg 420w,https:\/\/www.infobae.com\/new-resizer\/Ohlb2GkeGNfxiIF0aLxidqyo3ng=\/768x432\/filters:format(webp):quality(85)\/cloudfront-us-east-1.images.arcpublishing.com\/infobae\/AWI74XKHT5BSLPRHLLZST2FF2I.jpg 768w,https:\/\/www.infobae.com\/new-resizer\/ICi0PGV23w_WjZ7F1qOZhdNODTE=\/992x558\/filters:format(webp):quality(85)\/cloudfront-us-east-1.images.arcpublishing.com\/infobae\/AWI74XKHT5BSLPRHLLZST2FF2I.jpg 992w,https:\/\/www.infobae.com\/new-resizer\/Q5KbdK2zS0qdDPl4zlHNwBw3C8Q=\/1200x675\/filters:format(webp):quality(85)\/cloudfront-us-east-1.images.arcpublishing.com\/infobae\/AWI74XKHT5BSLPRHLLZST2FF2I.jpg 1200w,https:\/\/www.infobae.com\/new-resizer\/HA4RS37ztHl3fYcJmjAUu0Y3FdY=\/1440x810\/filters:format(webp):quality(85)\/cloudfront-us-east-1.images.arcpublishing.com\/infobae\/AWI74XKHT5BSLPRHLLZST2FF2I.jpg 1440w\">Una marcha de piqueteros frente al Ministerio de Desarrollo (Foto: Franco Fafasuli)<\/p>\n\n\n\n<p>Un aporte final interesante al an\u00e1lisis de c\u00f3mo ven en EEUU a la Argentina surge de boca del referente de un importante think tank dem\u00f3crata, quien asegura que hoy no hay tantas expectativas sobre lo que puede pasar en el pa\u00eds tras las elecciones: \u201c<strong>Existe el \u2018Efecto Macri\u2019, que afecta a Milei, a Bullrich e incluso a Massa<\/strong>\u201d;. \u00bfA qu\u00e9 apunta la definici\u00f3n? A que en 2015 el triunfo de Cambiemos -en combo con el fin del mandato de Cristina Kirchner- se vio como un quiebre positivo que pod\u00eda marcar un antes y despu\u00e9s en la din\u00e1mica pol\u00edtica local, pero esa esperanza se evapor\u00f3 cuando Macri no pudo ser reelecto y se fue del poder sin realizar las reformas de fondo que se esperaban. \u201cPor qu\u00e9 ser\u00eda diferente ahora\u201d, pregunta la misma fuente con una sonrisa.<\/p>\n\n\n\n<h2>El avance de China en Latinoam\u00e9rica y el rol de Brasil<\/h2>\n\n\n\n<p>M\u00e1s all\u00e1 del diagn\u00f3stico que puedan realizar diversas voces influyentes sobre las elecciones en Argentina, en los Estados Unidos hay una serie de&nbsp;<strong>temas que est\u00e1n muy por encima en la escala de prioridades<\/strong>: la&nbsp;<strong>econom\u00eda<\/strong>&nbsp;local, en el marco de la competencia con&nbsp;<strong>Donald Trump<\/strong>&nbsp;que se avecina por las elecciones del a\u00f1o pr\u00f3ximo; y la feroz&nbsp;<strong>pulseada geopol\u00edtica con China<\/strong>, que convive en la agenda con la inquietud provocada por la&nbsp;<strong>invasi\u00f3n de Rusia a Ucrania<\/strong>&nbsp;que, estiman, podr\u00eda extenderse a\u00fan m\u00e1s en el tiempo.<\/p>\n\n\n\n<p><img decoding=\"async\" loading=\"lazy\" alt=\"Xi Jinping y el presidente de Brasil, Lula Da Silva, se saludan durante un acto que se realiz\u00f3 en abril en Beijing (Foto: Ricardo Stuckert\/Brazil Presidency)\" height=\"3589\" width=\"5424\" src=\"https:\/\/www.infobae.com\/new-resizer\/TKoGwixgI7ex7znEhU0Ni3mGgGc=\/arc-anglerfish-arc2-prod-infobae\/public\/BYYBZVXPTZGJ2QTXPOV6YCOQZU.jpg\" srcset=\"https:\/\/www.infobae.com\/new-resizer\/GtcvqvwmLR7iwlqqsf-feFTfyL8=\/420x280\/filters:format(webp):quality(85)\/cloudfront-us-east-1.images.arcpublishing.com\/infobae\/BYYBZVXPTZGJ2QTXPOV6YCOQZU.jpg 420w,https:\/\/www.infobae.com\/new-resizer\/b9xxvhFomW_CYEWrqCi_Gdz8xL8=\/768x512\/filters:format(webp):quality(85)\/cloudfront-us-east-1.images.arcpublishing.com\/infobae\/BYYBZVXPTZGJ2QTXPOV6YCOQZU.jpg 768w,https:\/\/www.infobae.com\/new-resizer\/vyX5tPcdHGu-4K4NV7V9hrODnLQ=\/992x661\/filters:format(webp):quality(85)\/cloudfront-us-east-1.images.arcpublishing.com\/infobae\/BYYBZVXPTZGJ2QTXPOV6YCOQZU.jpg 992w,https:\/\/www.infobae.com\/new-resizer\/TRJdmwKgPr2JGGEHl1jf289wtnI=\/1200x800\/filters:format(webp):quality(85)\/cloudfront-us-east-1.images.arcpublishing.com\/infobae\/BYYBZVXPTZGJ2QTXPOV6YCOQZU.jpg 1200w,https:\/\/www.infobae.com\/new-resizer\/cDREGIC7FYsO32GGfniHb9JKXV4=\/1440x960\/filters:format(webp):quality(85)\/cloudfront-us-east-1.images.arcpublishing.com\/infobae\/BYYBZVXPTZGJ2QTXPOV6YCOQZU.jpg 1440w\">Xi Jinping y el presidente de Brasil, Lula Da Silva, se saludan durante un acto que se realiz\u00f3 en abril en Beijing (Foto: Ricardo Stuckert\/Brazil Presidency)<\/p>\n\n\n\n<p>La mirada sobre Latinoam\u00e9rica recobra relevancia por dos aspectos: 1)&nbsp;<strong>el avance del r\u00e9gimen de Ji Jinping en la zona<\/strong>; 2) las&nbsp;<strong>crisis migratorias<\/strong>&nbsp;que se registran en la&nbsp;<strong>regi\u00f3n<\/strong>, que pueden afectar de modo directo el futuro de los Estados Unidos. Las m\u00e1s importantes son la&nbsp;<strong>venezolana<\/strong>, con m\u00e1s de siete millones de expatriados. Y los movimientos que se registran en&nbsp;<strong>pa\u00edses del Caribe y en M\u00e9xico<\/strong>, que generan zozobra en la frontera sur de los EEUU. El martes pasado, el presidente&nbsp;<a rel=\"noreferrer noopener\" href=\"https:\/\/www.infobae.com\/america\/america-latina\/2023\/08\/29\/joe-biden-recibio-al-presidente-de-costa-rica-en-la-casa-blanca-el-gesto-por-su-ayuda-con-la-inmigracion-y-el-mensaje-sobre-china\/#:~:text=%E2%80%9CEstoy%20totalmente%20de%20acuerdo%20con,nuestro%20pueblo%2C%20incluyendo%20seguridad%E2%80%9D.\" target=\"_blank\"><strong>Joe Biden<\/strong>&nbsp;recibi\u00f3 en la Casa Blanca a su par de Costa Rica,&nbsp;<strong>Rodrigo Chaves<\/strong><\/a>, al que le agradeci\u00f3 su colaboraci\u00f3n en el control de los flujos migratorios.<\/p>\n\n\n\n<p>La pelea con el r\u00e9gimen de Xi Jinping se libra a todas las horas y en todos los territorios donde se ponga en juego el liderazgo global del pr\u00f3ximo siglo: posicionamiento territorial;&nbsp;<strong>competencia por el 5G<\/strong>; acceso a fuentes de&nbsp;<strong>energ\u00eda<\/strong>&nbsp;y a&nbsp;<strong>minerales<\/strong>&nbsp;estrat\u00e9gicos como el&nbsp;<strong>litio<\/strong>.<\/p>\n\n\n\n<p>En ese contexto preocupan algunos gestos de la pol\u00edtica internacional de Lula, que acaba de promover el ingreso de la Argentina al bloque&nbsp;<strong>BRICS<\/strong>, el grupo de pa\u00edses conformado por&nbsp;<strong>Brasil, Rusia, India, China y Sud\u00e1frica<\/strong>, al que en EEUU consideran un foro pol\u00edtico con&nbsp;<strong>est\u00e1ndares poco rigurosos en materia de defensa de la democracia y de los derechos humanos<\/strong>.<\/p>\n\n\n\n<p>En el caso de&nbsp;<strong>Argentina<\/strong>, conf\u00edan en que el nuevo gobierno (gane quien gane)&nbsp;<strong>tomar\u00e1 distancia de ese espacio<\/strong>, sin importar los acuerdos que haya cerrado la administraci\u00f3n saliente.<\/p>\n\n\n\n<p>En Washington que est\u00e1n convencidos de que<strong>\u00a0China<\/strong>\u00a0lleva adelante un\u00a0<strong>plan de expansi\u00f3n global con fuerzas militares<\/strong>, que tiene como \u00faltimo fin llegar a un enfrentamiento directo con los Estados Unidos.<\/p>\n\n\n\n<p>Fuente: Infobae<\/p>\n","protected":false},"excerpt":{"rendered":"<div class=\"mh-excerpt\"><p>\u201cEl\u00a0pr\u00f3ximo Gobierno\u00a0argentino deber\u00e1 tomar\u00a0decisiones muy dif\u00edciles. El nuevo Presidente tendr\u00e1 que estar dispuesto a\u00a0perder capital pol\u00edtico\u00a0para aplicar medidas que ayuden a encauzar la econom\u00eda\u201d. La sentencia resuena por estas horas en Washington, donde la mirada sobre el futuro del pa\u00eds recorre la sinuosa frontera de la bipolaridad. En la ciudad epicentro del poder de los Estados Unidos hay&nbsp;dos visiones bien dispares&nbsp;sobre la Argentina que viene: la&nbsp;optimista&nbsp;destaca la riqueza de recursos naturales, de capital humano y hasta de ubicaci\u00f3n geogr\u00e1fica (lejos de los escenarios b\u00e9licos) que le dan una enorme chance de lograr a mediano plazo un despegue econ\u00f3mico sostenible en <a class=\"mh-excerpt-more\" href=\"http:\/\/dsrmedios.com.ar\/diario\/archivos\/39101\" title=\"El crudo diagn\u00f3stico en Washington sobre las elecciones y el futuro de la Argentina\">[Leer m\u00e1s]<\/a><\/p>\n<\/div>","protected":false},"author":8,"featured_media":39102,"comment_status":"open","ping_status":"closed","sticky":false,"template":"","format":"standard","meta":{"_jetpack_newsletter_access":""},"categories":[6],"tags":[],"jetpack_featured_media_url":"http:\/\/dsrmedios.com.ar\/diario\/wp-content\/uploads\/2023\/09\/casa-blanca-940x626-1.png","jetpack_sharing_enabled":true,"jetpack_shortlink":"https:\/\/wp.me\/p9fihK-aaF","_links":{"self":[{"href":"http:\/\/dsrmedios.com.ar\/diario\/wp-json\/wp\/v2\/posts\/39101"}],"collection":[{"href":"http:\/\/dsrmedios.com.ar\/diario\/wp-json\/wp\/v2\/posts"}],"about":[{"href":"http:\/\/dsrmedios.com.ar\/diario\/wp-json\/wp\/v2\/types\/post"}],"author":[{"embeddable":true,"href":"http:\/\/dsrmedios.com.ar\/diario\/wp-json\/wp\/v2\/users\/8"}],"replies":[{"embeddable":true,"href":"http:\/\/dsrmedios.com.ar\/diario\/wp-json\/wp\/v2\/comments?post=39101"}],"version-history":[{"count":1,"href":"http:\/\/dsrmedios.com.ar\/diario\/wp-json\/wp\/v2\/posts\/39101\/revisions"}],"predecessor-version":[{"id":39103,"href":"http:\/\/dsrmedios.com.ar\/diario\/wp-json\/wp\/v2\/posts\/39101\/revisions\/39103"}],"wp:featuredmedia":[{"embeddable":true,"href":"http:\/\/dsrmedios.com.ar\/diario\/wp-json\/wp\/v2\/media\/39102"}],"wp:attachment":[{"href":"http:\/\/dsrmedios.com.ar\/diario\/wp-json\/wp\/v2\/media?parent=39101"}],"wp:term":[{"taxonomy":"category","embeddable":true,"href":"http:\/\/dsrmedios.com.ar\/diario\/wp-json\/wp\/v2\/categories?post=39101"},{"taxonomy":"post_tag","embeddable":true,"href":"http:\/\/dsrmedios.com.ar\/diario\/wp-json\/wp\/v2\/tags?post=39101"}],"curies":[{"name":"wp","href":"https:\/\/api.w.org\/{rel}","templated":true}]}}