{"id":39095,"date":"2023-09-04T10:15:54","date_gmt":"2023-09-04T13:15:54","guid":{"rendered":"http:\/\/dsrmedios.com.ar\/diario\/?p=39095"},"modified":"2023-09-04T10:15:57","modified_gmt":"2023-09-04T13:15:57","slug":"gascon-festejo-el-dia-de-la-ninez","status":"publish","type":"post","link":"http:\/\/dsrmedios.com.ar\/diario\/archivos\/39095","title":{"rendered":"<strong>Gasc\u00f3n festej\u00f3 el D\u00eda de la Ni\u00f1ez<\/strong>"},"content":{"rendered":"\n<p>Finalizando el mes de la ni\u00f1ez, Esteban A. Gasc\u00f3n festej\u00f3 el D\u00eda de la Ni\u00f1ez en el Parque de la Paz frente a la Estaci\u00f3n Cultural.<\/p>\n\n\n\n<p>Juegos, baile, colorido y merienda reunieron a m\u00e1s de 16 ni\u00f1os\/as y sus acompa\u00f1antes.<\/p>\n\n\n\n<p>El evento fue organizado por la Municipalidad de Adolfo Alsina, a trav\u00e9s de la secretar\u00eda de Cultura y la Delegaci\u00f3n Municipal.<\/p>\n","protected":false},"excerpt":{"rendered":"<div class=\"mh-excerpt\"><p>Finalizando el mes de la ni\u00f1ez, Esteban A. Gasc\u00f3n festej\u00f3 el D\u00eda de la Ni\u00f1ez en el Parque de la Paz frente a la Estaci\u00f3n Cultural. Juegos, baile, colorido y merienda reunieron a m\u00e1s de 16 ni\u00f1os\/as y sus acompa\u00f1antes. El evento fue organizado por la Municipalidad de Adolfo Alsina, a trav\u00e9s de la secretar\u00eda de Cultura y la Delegaci\u00f3n Municipal.<\/p>\n<\/div>","protected":false},"author":8,"featured_media":39096,"comment_status":"open","ping_status":"closed","sticky":false,"template":"","format":"standard","meta":{"_jetpack_newsletter_access":""},"categories":[18,31,5],"tags":[],"jetpack_featured_media_url":"http:\/\/dsrmedios.com.ar\/diario\/wp-content\/uploads\/2023\/09\/WhatsApp-Image-2023-09-04-at-08.55.52.jpeg","jetpack_sharing_enabled":true,"jetpack_shortlink":"https:\/\/wp.me\/p9fihK-aaz","_links":{"self":[{"href":"http:\/\/dsrmedios.com.ar\/diario\/wp-json\/wp\/v2\/posts\/39095"}],"collection":[{"href":"http:\/\/dsrmedios.com.ar\/diario\/wp-json\/wp\/v2\/posts"}],"about":[{"href":"http:\/\/dsrmedios.com.ar\/diario\/wp-json\/wp\/v2\/types\/post"}],"author":[{"embeddable":true,"href":"http:\/\/dsrmedios.com.ar\/diario\/wp-json\/wp\/v2\/users\/8"}],"replies":[{"embeddable":true,"href":"http:\/\/dsrmedios.com.ar\/diario\/wp-json\/wp\/v2\/comments?post=39095"}],"version-history":[{"count":1,"href":"http:\/\/dsrmedios.com.ar\/diario\/wp-json\/wp\/v2\/posts\/39095\/revisions"}],"predecessor-version":[{"id":39097,"href":"http:\/\/dsrmedios.com.ar\/diario\/wp-json\/wp\/v2\/posts\/39095\/revisions\/39097"}],"wp:featuredmedia":[{"embeddable":true,"href":"http:\/\/dsrmedios.com.ar\/diario\/wp-json\/wp\/v2\/media\/39096"}],"wp:attachment":[{"href":"http:\/\/dsrmedios.com.ar\/diario\/wp-json\/wp\/v2\/media?parent=39095"}],"wp:term":[{"taxonomy":"category","embeddable":true,"href":"http:\/\/dsrmedios.com.ar\/diario\/wp-json\/wp\/v2\/categories?post=39095"},{"taxonomy":"post_tag","embeddable":true,"href":"http:\/\/dsrmedios.com.ar\/diario\/wp-json\/wp\/v2\/tags?post=39095"}],"curies":[{"name":"wp","href":"https:\/\/api.w.org\/{rel}","templated":true}]}}