{"id":3908,"date":"2018-01-31T08:02:51","date_gmt":"2018-01-31T11:02:51","guid":{"rendered":"http:\/\/dsrmedios.com.ar\/diario\/?p=3908"},"modified":"2018-01-31T08:02:51","modified_gmt":"2018-01-31T11:02:51","slug":"la-pampa-confirmo-que-desde-noviembre-se-han-quemado-470-mil-hectareas-de-campos","status":"publish","type":"post","link":"http:\/\/dsrmedios.com.ar\/diario\/archivos\/3908","title":{"rendered":"La Pampa confirm\u00f3 que desde Noviembre se han quemado 470 mil hect\u00e1reas de campos"},"content":{"rendered":"<p>El gobierno pampeano confirm\u00f3 que desde noviembre hasta hoy los incendios rurales arrasaron casi 470 mil hect\u00e1res.<\/p>\n<p>El subsecretario de Protecci\u00f3n Ciudadada de La Pampa, Agust\u00edn Garc\u00eda, puntualiz\u00f3 que el primer foco se registr\u00f3 el 22 de noviembre pasado. De all\u00ed en m\u00e1s hubo otros 81, que afectaron 466.620 hect\u00e1reas.<\/p>\n<p>La estad\u00edstica oficial marca que, el promedio, cada 5 d\u00edas se desataron 6 incendios.<\/p>\n<p>El \u00faltimo registrado segu\u00eda activo en la tarde de ayer en la zona del paraje El Carancho y las inmediaciones de las rutas 11 y 24. Para sofocarlo se movilizaron cinco cuadrillas de la direcci\u00f3n de Defensa Civil y bomberos de las localidades de Macach\u00edn, Miguel Riglos y Anguil.<\/p>\n<p>Bomberos combaten un incendio de pastos por la zona de Palos Verdes<br \/>\n\u201cEl fuego que se inici\u00f3 en El Carancho se convirti\u00f3 en un verdadero dolor de cabeza con las condiciones clim\u00e1ticas extremas que se registraron. Hubo r\u00e1fagas de casi 50 kil\u00f3metros y 38 grados de temperatura\u201d, destac\u00f3 el funcionario.<\/p>\n<p>\u201cEsas condiciones hicieron que no se pudiera usar el avi\u00f3n hidrante y que no se pudieran hacer contrafuegos, porque se corr\u00eda el riesgo de que el fuego, con los remolinos, cambiara de direcci\u00f3n o generara focos secundarios\u201d, subray\u00f3 Garc\u00eda.<\/p>\n<p>Debido a los siniestros, desde hace varias jornadas una densa cortina de humo sobrevuela la ciudad de Santa Rosa y otras localidades pampeanas.<\/p>\n<p>fuente:www.lanueva.com<\/p>\n","protected":false},"excerpt":{"rendered":"<div class=\"mh-excerpt\"><p>El gobierno pampeano confirm\u00f3 que desde noviembre hasta hoy los incendios rurales arrasaron casi 470 mil hect\u00e1res. El subsecretario de Protecci\u00f3n Ciudadada de La Pampa, Agust\u00edn Garc\u00eda, puntualiz\u00f3 que el primer foco se registr\u00f3 el 22 de noviembre pasado. De all\u00ed en m\u00e1s hubo otros 81, que afectaron 466.620 hect\u00e1reas. La estad\u00edstica oficial marca que, el promedio, cada 5 d\u00edas se desataron 6 incendios. El \u00faltimo registrado segu\u00eda activo en la tarde de ayer en la zona del paraje El Carancho y las inmediaciones de las rutas 11 y 24. Para sofocarlo se movilizaron cinco cuadrillas de la direcci\u00f3n de <a class=\"mh-excerpt-more\" href=\"http:\/\/dsrmedios.com.ar\/diario\/archivos\/3908\" title=\"La Pampa confirm\u00f3 que desde Noviembre se han quemado 470 mil hect\u00e1reas de campos\">[Leer m\u00e1s]<\/a><\/p>\n<\/div>","protected":false},"author":5,"featured_media":3909,"comment_status":"open","ping_status":"closed","sticky":false,"template":"","format":"standard","meta":{"_jetpack_newsletter_access":""},"categories":[18,8],"tags":[],"jetpack_featured_media_url":"http:\/\/dsrmedios.com.ar\/diario\/wp-content\/uploads\/2018\/01\/incendioslp.jpg","jetpack_sharing_enabled":true,"jetpack_shortlink":"https:\/\/wp.me\/p9fihK-112","_links":{"self":[{"href":"http:\/\/dsrmedios.com.ar\/diario\/wp-json\/wp\/v2\/posts\/3908"}],"collection":[{"href":"http:\/\/dsrmedios.com.ar\/diario\/wp-json\/wp\/v2\/posts"}],"about":[{"href":"http:\/\/dsrmedios.com.ar\/diario\/wp-json\/wp\/v2\/types\/post"}],"author":[{"embeddable":true,"href":"http:\/\/dsrmedios.com.ar\/diario\/wp-json\/wp\/v2\/users\/5"}],"replies":[{"embeddable":true,"href":"http:\/\/dsrmedios.com.ar\/diario\/wp-json\/wp\/v2\/comments?post=3908"}],"version-history":[{"count":1,"href":"http:\/\/dsrmedios.com.ar\/diario\/wp-json\/wp\/v2\/posts\/3908\/revisions"}],"predecessor-version":[{"id":3910,"href":"http:\/\/dsrmedios.com.ar\/diario\/wp-json\/wp\/v2\/posts\/3908\/revisions\/3910"}],"wp:featuredmedia":[{"embeddable":true,"href":"http:\/\/dsrmedios.com.ar\/diario\/wp-json\/wp\/v2\/media\/3909"}],"wp:attachment":[{"href":"http:\/\/dsrmedios.com.ar\/diario\/wp-json\/wp\/v2\/media?parent=3908"}],"wp:term":[{"taxonomy":"category","embeddable":true,"href":"http:\/\/dsrmedios.com.ar\/diario\/wp-json\/wp\/v2\/categories?post=3908"},{"taxonomy":"post_tag","embeddable":true,"href":"http:\/\/dsrmedios.com.ar\/diario\/wp-json\/wp\/v2\/tags?post=3908"}],"curies":[{"name":"wp","href":"https:\/\/api.w.org\/{rel}","templated":true}]}}