{"id":39079,"date":"2023-09-02T20:06:32","date_gmt":"2023-09-02T23:06:32","guid":{"rendered":"http:\/\/dsrmedios.com.ar\/diario\/?p=39079"},"modified":"2023-09-02T20:06:36","modified_gmt":"2023-09-02T23:06:36","slug":"sergio-massa-libero-las-importaciones-que-estaban-pendientes-para-pymes-industriales","status":"publish","type":"post","link":"http:\/\/dsrmedios.com.ar\/diario\/archivos\/39079","title":{"rendered":"Sergio Massa liber\u00f3 las importaciones que estaban pendientes para pymes industriales"},"content":{"rendered":"\n<p>El ministro de Econom\u00eda,&nbsp;<strong>Sergio Massa<\/strong>, anunci\u00f3 este viernes la decisi\u00f3n de&nbsp;liberar a partir de hoy para las pymes industriales de la Argentina todas \u201clas SIRA\u201d pendientes, con el objetivo de garantizar los empleos y dinamizar la actividad.<\/p>\n\n\n\n<p>El Sistema de Importaciones de la Rep\u00fablica Argentina (SIRA) es un procedimiento electr\u00f3nico que se utiliza para la gesti\u00f3n de las importaciones, a partir del cual se autorizan las compras externas que realizan las empresas.<\/p>\n\n\n\n<p>La medida anunciada hoy era reclamada desde el sector corporativo, por entender que&nbsp;el mecanismo ralentizaba el abastecimiento de insumos y bienes intermedios necesarios para la actividad productiva.<\/p>\n\n\n\n<p>En su discurso de este mediod\u00eda por el D\u00eda de la Industria, el titular de la UIA,&nbsp;<strong>Daniel Funes de Rioja<\/strong>, dijo que&nbsp;\u201clas SIRA y SIRASE son un desencuentro que tenemos, pero entendemos las razones\u201d de utilizar ese sistema.<\/p>\n\n\n\n<figure class=\"wp-block-image\"><img decoding=\"async\" src=\"https:\/\/media.minutouno.com\/p\/898eaa7a8ba2c7b60b7efff3691fc427\/adjuntos\/150\/imagenes\/040\/934\/0040934691\/610x0\/smart\/massa-anuncios-telamjpg.jpg\" alt=\"\" title=\"\"\/><\/figure>\n\n\n\n<p>\u201cTenemos necesidades y&nbsp;no queremos parar la industria. Tambi\u00e9n sabemos que se han tomado determinadas medidas que nos han ayudado, pero tenemos angustias que tienen que ver con producir m\u00e1s y mantener los empleos\u201d, agreg\u00f3.<\/p>\n\n\n\n<p>A su turno, Massa le respondi\u00f3: \u201cReci\u00e9n Daniel hablaba de las SIRA y la verdad es que a mi tampoco me gustan. A mi me gustar\u00eda que cada uno de los que tiene la decisi\u00f3n de invertir, de agregar valor en la Argentina, tenga la mayor flexibilidad\u201d.<\/p>\n\n\n\n<p>Pero sostuvo que Argentina&nbsp;tiene un \u201cs\u00edndico\u201d que le audita la econom\u00eda (en relaci\u00f3n al rol del Fondo Monetario Internacional) y que ped\u00eda \u201c100% de devaluaci\u00f3n y congelamiento de las importaciones, que no es ni m\u00e1s ni menos que recesi\u00f3n con 30% de p\u00e9rdida de la masa de empleos industriales del pa\u00eds. Por eso nos llev\u00f3 4 meses de discusi\u00f3n, porque defendimos la industria y la capacidad de tomar decisiones\u201d, a\u00f1adi\u00f3 Massa.<\/p>\n\n\n\n<p>En ese sentido, indic\u00f3 que&nbsp;tom\u00f3 &#8220;la decisi\u00f3n de liberar para todas las pymes de todas las SIRAs que estaban pendientes&#8221;, al tiempo que explic\u00f3 que fue por la acumulaci\u00f3n de reservas y no &#8220;porque sea el D\u00eda de la Industria&#8221;.<\/p>\n\n\n\n<figure class=\"wp-block-image\"><img decoding=\"async\" src=\"https:\/\/media.minutouno.com\/p\/2a2f3538e116ab94a22b80d8e91cf4ff\/adjuntos\/150\/imagenes\/038\/869\/0038869197\/trabajadores-industria.jpg?2021-05-16-23-12-13\" alt=\"\" title=\"\"\/><\/figure>\n\n\n\n<p>\u201cNo lo hicimos porque es el D\u00eda de la Industria, sino porque&nbsp;en agosto acumulamos reservas y tenemos capacidad para ir pagando y acelerar el proceso de producci\u00f3n industrial y de pago de bienes\u201d, sostuvo el ministro de Econom\u00eda.<\/p>\n\n\n\n<p>El funcionario agreg\u00f3 que \u201cla decisi\u00f3n se tom\u00f3 junto a otras medidas que tomamos en los \u00faltimos d\u00edas y que&nbsp;tienen por objetivo cuidar sobre todo a nuestras pymes que representan 13.000 millones de d\u00f3lares de nuestras exportaciones y el 70% del empleo en la Argentina\u201d.<\/p>\n\n\n\n<p>Massa resalt\u00f3 que&nbsp;agosto &#8220;fue el mes de mayor acumulaci\u00f3n de reservas del Banco Central desde agosto de 2006,&nbsp;con casi 2.000 millones de d\u00f3lares&#8221; y eso permiti\u00f3 flexibilizar algunas restricciones al comercio exterior.<\/p>\n\n\n\n<p>Con el mecanismo SIRA, el Gobierno otorgaba distintos plazos de pago diferido de las importaciones que pod\u00edan ser de 30, 60, 90 y 180 d\u00edas dependiendo del sector y la envergadura de la compra.<\/p>\n\n\n\n<p>En la pr\u00e1ctica, implica que el Gobierno le otorga a los importadores las divisas que necesitan para pagar sus operaciones de comercio exterior luego de un tiempo y no en el mismo d\u00eda en que se realiza la transacci\u00f3n.<\/p>\n\n\n\n<p>Fuente: minutouno<\/p>\n","protected":false},"excerpt":{"rendered":"<div class=\"mh-excerpt\"><p>El ministro de Econom\u00eda,&nbsp;Sergio Massa, anunci\u00f3 este viernes la decisi\u00f3n de&nbsp;liberar a partir de hoy para las pymes industriales de la Argentina todas \u201clas SIRA\u201d pendientes, con el objetivo de garantizar los empleos y dinamizar la actividad. El Sistema de Importaciones de la Rep\u00fablica Argentina (SIRA) es un procedimiento electr\u00f3nico que se utiliza para la gesti\u00f3n de las importaciones, a partir del cual se autorizan las compras externas que realizan las empresas. La medida anunciada hoy era reclamada desde el sector corporativo, por entender que&nbsp;el mecanismo ralentizaba el abastecimiento de insumos y bienes intermedios necesarios para la actividad productiva. En <a class=\"mh-excerpt-more\" href=\"http:\/\/dsrmedios.com.ar\/diario\/archivos\/39079\" title=\"Sergio Massa liber\u00f3 las importaciones que estaban pendientes para pymes industriales\">[Leer m\u00e1s]<\/a><\/p>\n<\/div>","protected":false},"author":8,"featured_media":31416,"comment_status":"open","ping_status":"closed","sticky":false,"template":"","format":"standard","meta":{"_jetpack_newsletter_access":""},"categories":[6],"tags":[],"jetpack_featured_media_url":"http:\/\/dsrmedios.com.ar\/diario\/wp-content\/uploads\/2023\/04\/CULIKXKBYJ5VYCFKH4L7XKC57Q.jpg","jetpack_sharing_enabled":true,"jetpack_shortlink":"https:\/\/wp.me\/p9fihK-aaj","_links":{"self":[{"href":"http:\/\/dsrmedios.com.ar\/diario\/wp-json\/wp\/v2\/posts\/39079"}],"collection":[{"href":"http:\/\/dsrmedios.com.ar\/diario\/wp-json\/wp\/v2\/posts"}],"about":[{"href":"http:\/\/dsrmedios.com.ar\/diario\/wp-json\/wp\/v2\/types\/post"}],"author":[{"embeddable":true,"href":"http:\/\/dsrmedios.com.ar\/diario\/wp-json\/wp\/v2\/users\/8"}],"replies":[{"embeddable":true,"href":"http:\/\/dsrmedios.com.ar\/diario\/wp-json\/wp\/v2\/comments?post=39079"}],"version-history":[{"count":1,"href":"http:\/\/dsrmedios.com.ar\/diario\/wp-json\/wp\/v2\/posts\/39079\/revisions"}],"predecessor-version":[{"id":39080,"href":"http:\/\/dsrmedios.com.ar\/diario\/wp-json\/wp\/v2\/posts\/39079\/revisions\/39080"}],"wp:featuredmedia":[{"embeddable":true,"href":"http:\/\/dsrmedios.com.ar\/diario\/wp-json\/wp\/v2\/media\/31416"}],"wp:attachment":[{"href":"http:\/\/dsrmedios.com.ar\/diario\/wp-json\/wp\/v2\/media?parent=39079"}],"wp:term":[{"taxonomy":"category","embeddable":true,"href":"http:\/\/dsrmedios.com.ar\/diario\/wp-json\/wp\/v2\/categories?post=39079"},{"taxonomy":"post_tag","embeddable":true,"href":"http:\/\/dsrmedios.com.ar\/diario\/wp-json\/wp\/v2\/tags?post=39079"}],"curies":[{"name":"wp","href":"https:\/\/api.w.org\/{rel}","templated":true}]}}