{"id":39077,"date":"2023-09-02T20:05:10","date_gmt":"2023-09-02T23:05:10","guid":{"rendered":"http:\/\/dsrmedios.com.ar\/diario\/?p=39077"},"modified":"2023-09-02T20:05:13","modified_gmt":"2023-09-02T23:05:13","slug":"milei-acuso-a-pallarols-de-mentiroso-y-si-llega-a-la-presidencia-pedira-que-no-le-haga-el-baston","status":"publish","type":"post","link":"http:\/\/dsrmedios.com.ar\/diario\/archivos\/39077","title":{"rendered":"Milei acus\u00f3 a Pallarols de mentiroso y si llega a la Presidencia pedir\u00e1 que no le haga el bast\u00f3n"},"content":{"rendered":"\n<p>El candidato presidencial por La Libertad Avanza, Javier Milei, cruz\u00f3 al reconocido orfebre&nbsp;<strong>Juan Carlos Pallarols<\/strong>, quien cont\u00f3 que el economista lo llam\u00f3 para preguntarle si en caso de ganar le pod\u00eda hacer un &#8220;bast\u00f3n con melenita&#8221;.<\/p>\n\n\n\n<p><strong>Milei<\/strong>\u00a0desminti\u00f3 las afirmaciones de\u00a0<strong>Pallarols<\/strong>. &#8220;Tremendo mentiroso&#8221;, comenz\u00f3 su descargo Milei, y continu\u00f3: &#8220;No saben siquiera armar una mentira. Siendo yo un bilardista fan\u00e1tico jam\u00e1s me pondr\u00eda la vestimenta del ganador hasta que no termine el partido&#8230;&#8221;<\/p>\n\n\n\n<p>&#8220;FRENTE A ESTA MENTIRA en caso de ganar pedir\u00e9 de manera expl\u00edcita que mis atributos no los haga\u00a0<strong>Pallarols<\/strong>&#8220;, complet\u00f3 Milei, enojado con el reconocido orfebre.<\/p>\n\n\n\n<p>Fuente: Minutouno<\/p>\n","protected":false},"excerpt":{"rendered":"<div class=\"mh-excerpt\"><p>El candidato presidencial por La Libertad Avanza, Javier Milei, cruz\u00f3 al reconocido orfebre&nbsp;Juan Carlos Pallarols, quien cont\u00f3 que el economista lo llam\u00f3 para preguntarle si en caso de ganar le pod\u00eda hacer un &#8220;bast\u00f3n con melenita&#8221;. Milei\u00a0desminti\u00f3 las afirmaciones de\u00a0Pallarols. &#8220;Tremendo mentiroso&#8221;, comenz\u00f3 su descargo Milei, y continu\u00f3: &#8220;No saben siquiera armar una mentira. Siendo yo un bilardista fan\u00e1tico jam\u00e1s me pondr\u00eda la vestimenta del ganador hasta que no termine el partido&#8230;&#8221; &#8220;FRENTE A ESTA MENTIRA en caso de ganar pedir\u00e9 de manera expl\u00edcita que mis atributos no los haga\u00a0Pallarols&#8220;, complet\u00f3 Milei, enojado con el reconocido orfebre. Fuente: Minutouno<\/p>\n<\/div>","protected":false},"author":8,"featured_media":32666,"comment_status":"open","ping_status":"closed","sticky":false,"template":"","format":"standard","meta":{"_jetpack_newsletter_access":""},"categories":[6],"tags":[],"jetpack_featured_media_url":"http:\/\/dsrmedios.com.ar\/diario\/wp-content\/uploads\/2023\/05\/javier-milei.webp","jetpack_sharing_enabled":true,"jetpack_shortlink":"https:\/\/wp.me\/p9fihK-aah","_links":{"self":[{"href":"http:\/\/dsrmedios.com.ar\/diario\/wp-json\/wp\/v2\/posts\/39077"}],"collection":[{"href":"http:\/\/dsrmedios.com.ar\/diario\/wp-json\/wp\/v2\/posts"}],"about":[{"href":"http:\/\/dsrmedios.com.ar\/diario\/wp-json\/wp\/v2\/types\/post"}],"author":[{"embeddable":true,"href":"http:\/\/dsrmedios.com.ar\/diario\/wp-json\/wp\/v2\/users\/8"}],"replies":[{"embeddable":true,"href":"http:\/\/dsrmedios.com.ar\/diario\/wp-json\/wp\/v2\/comments?post=39077"}],"version-history":[{"count":1,"href":"http:\/\/dsrmedios.com.ar\/diario\/wp-json\/wp\/v2\/posts\/39077\/revisions"}],"predecessor-version":[{"id":39078,"href":"http:\/\/dsrmedios.com.ar\/diario\/wp-json\/wp\/v2\/posts\/39077\/revisions\/39078"}],"wp:featuredmedia":[{"embeddable":true,"href":"http:\/\/dsrmedios.com.ar\/diario\/wp-json\/wp\/v2\/media\/32666"}],"wp:attachment":[{"href":"http:\/\/dsrmedios.com.ar\/diario\/wp-json\/wp\/v2\/media?parent=39077"}],"wp:term":[{"taxonomy":"category","embeddable":true,"href":"http:\/\/dsrmedios.com.ar\/diario\/wp-json\/wp\/v2\/categories?post=39077"},{"taxonomy":"post_tag","embeddable":true,"href":"http:\/\/dsrmedios.com.ar\/diario\/wp-json\/wp\/v2\/tags?post=39077"}],"curies":[{"name":"wp","href":"https:\/\/api.w.org\/{rel}","templated":true}]}}