{"id":39069,"date":"2023-09-02T12:41:22","date_gmt":"2023-09-02T15:41:22","guid":{"rendered":"http:\/\/dsrmedios.com.ar\/diario\/?p=39069"},"modified":"2023-09-02T12:41:26","modified_gmt":"2023-09-02T15:41:26","slug":"un-choque-frontal-se-cobro-la-vida-de-una-menor-de-edad-en-dorrego","status":"publish","type":"post","link":"http:\/\/dsrmedios.com.ar\/diario\/archivos\/39069","title":{"rendered":"Un choque frontal se cobr\u00f3 la vida de una menor de edad en Dorrego"},"content":{"rendered":"\n<p>Un choque frontal ocurrido esta madrugada en jurisdicci\u00f3n de Coronel Dorrego se cobr\u00f3 la vida de una menor de edad.<\/p>\n\n\n\n<p>Alrededor de las 2.40 de este s\u00e1bado, por causas que se intentan determinar se embistieron a la altura del kil\u00f3metro 582 de la Ruta Nacional N\u00b0 3 un Renault Kangoo, conducido por Dar\u00edo Cifr\u00e9, de 46 a\u00f1os, y una moto Motomel de 110cc., al mando de una joven de 18 a\u00f1os de edad.<\/p>\n\n\n\n<p>Al momento del encontronazo, Cifr\u00e9 circulaba en sentido Tres Arroyos-Bah\u00eda Blanca y la moto lo hac\u00eda en direcci\u00f3n opuesta.<\/p>\n\n\n\n<p>La chica, con domicilio en Coronel Dorrego, falleci\u00f3 en el acto producto de las lesiones padecidas.<\/p>\n\n\n\n<p>Al lugar del incidente vial se dirigieron polic\u00edas y bomberos voluntarios dorreguenses. Los primeros instruyen actuaciones caratuladas inicialmente como homicidio culposo, con intervenci\u00f3n de la UFIJ N\u00b0 1 de Bah\u00eda Blanca.<\/p>\n\n\n\n<p>Fuente: LABRUJULA24<\/p>\n","protected":false},"excerpt":{"rendered":"<div class=\"mh-excerpt\"><p>Un choque frontal ocurrido esta madrugada en jurisdicci\u00f3n de Coronel Dorrego se cobr\u00f3 la vida de una menor de edad. Alrededor de las 2.40 de este s\u00e1bado, por causas que se intentan determinar se embistieron a la altura del kil\u00f3metro 582 de la Ruta Nacional N\u00b0 3 un Renault Kangoo, conducido por Dar\u00edo Cifr\u00e9, de 46 a\u00f1os, y una moto Motomel de 110cc., al mando de una joven de 18 a\u00f1os de edad. Al momento del encontronazo, Cifr\u00e9 circulaba en sentido Tres Arroyos-Bah\u00eda Blanca y la moto lo hac\u00eda en direcci\u00f3n opuesta. La chica, con domicilio en Coronel Dorrego, falleci\u00f3 <a class=\"mh-excerpt-more\" href=\"http:\/\/dsrmedios.com.ar\/diario\/archivos\/39069\" title=\"Un choque frontal se cobr\u00f3 la vida de una menor de edad en Dorrego\">[Leer m\u00e1s]<\/a><\/p>\n<\/div>","protected":false},"author":8,"featured_media":39070,"comment_status":"open","ping_status":"closed","sticky":false,"template":"","format":"standard","meta":{"_jetpack_newsletter_access":""},"categories":[8],"tags":[],"jetpack_featured_media_url":"http:\/\/dsrmedios.com.ar\/diario\/wp-content\/uploads\/2023\/09\/dorre.jpg","jetpack_sharing_enabled":true,"jetpack_shortlink":"https:\/\/wp.me\/p9fihK-aa9","_links":{"self":[{"href":"http:\/\/dsrmedios.com.ar\/diario\/wp-json\/wp\/v2\/posts\/39069"}],"collection":[{"href":"http:\/\/dsrmedios.com.ar\/diario\/wp-json\/wp\/v2\/posts"}],"about":[{"href":"http:\/\/dsrmedios.com.ar\/diario\/wp-json\/wp\/v2\/types\/post"}],"author":[{"embeddable":true,"href":"http:\/\/dsrmedios.com.ar\/diario\/wp-json\/wp\/v2\/users\/8"}],"replies":[{"embeddable":true,"href":"http:\/\/dsrmedios.com.ar\/diario\/wp-json\/wp\/v2\/comments?post=39069"}],"version-history":[{"count":1,"href":"http:\/\/dsrmedios.com.ar\/diario\/wp-json\/wp\/v2\/posts\/39069\/revisions"}],"predecessor-version":[{"id":39071,"href":"http:\/\/dsrmedios.com.ar\/diario\/wp-json\/wp\/v2\/posts\/39069\/revisions\/39071"}],"wp:featuredmedia":[{"embeddable":true,"href":"http:\/\/dsrmedios.com.ar\/diario\/wp-json\/wp\/v2\/media\/39070"}],"wp:attachment":[{"href":"http:\/\/dsrmedios.com.ar\/diario\/wp-json\/wp\/v2\/media?parent=39069"}],"wp:term":[{"taxonomy":"category","embeddable":true,"href":"http:\/\/dsrmedios.com.ar\/diario\/wp-json\/wp\/v2\/categories?post=39069"},{"taxonomy":"post_tag","embeddable":true,"href":"http:\/\/dsrmedios.com.ar\/diario\/wp-json\/wp\/v2\/tags?post=39069"}],"curies":[{"name":"wp","href":"https:\/\/api.w.org\/{rel}","templated":true}]}}