{"id":39057,"date":"2023-09-02T12:29:04","date_gmt":"2023-09-02T15:29:04","guid":{"rendered":"http:\/\/dsrmedios.com.ar\/diario\/?p=39057"},"modified":"2023-09-02T12:29:07","modified_gmt":"2023-09-02T15:29:07","slug":"mes-de-acumulacion-en-la-semana-el-bcra-compro-usd-242-millones-en-el-mercado-y-sumo-mas-de-usd-1-250-en-agosto","status":"publish","type":"post","link":"http:\/\/dsrmedios.com.ar\/diario\/archivos\/39057","title":{"rendered":"\u201cMes de acumulaci\u00f3n\u201d: en la semana, el BCRA compr\u00f3 USD 242 millones en el mercado y sum\u00f3 m\u00e1s de USD 1.250 en agosto"},"content":{"rendered":"\n<p>El&nbsp;<strong>BCRA<\/strong>&nbsp;termin\u00f3 la \u00faltima rueda operativa de la semana con una compra por USD 1 mill\u00f3n en el mercado de cambios, para redondear un&nbsp;<strong>saldo favorable de USD 242 millones por su intervenci\u00f3n semanal&nbsp;<\/strong>en el segmento de contado del mercado de cambios, seg\u00fan datos provisorios. La entidad monetaria hilvan\u00f3<strong>&nbsp;14 sesiones consecutivas con compras netas<\/strong>.<\/p>\n\n\n\n<p>\u201cAgosto fue el mes de mayor acumulaci\u00f3n de reservas del Banco Central desde agosto del 2006\u201d, dijo el ministro\u00a0<strong>Sergio Massa<\/strong>\u00a0esta tarde en la celebraci\u00f3n del D\u00eda de la Industria, en Entre R\u00edos.<\/p>\n\n\n\n<p>Los analistas de\u00a0<strong>Portfolio Personal Inversiones<\/strong>\u00a0recordaron que el Banco Central acumul\u00f3 \u201cun saldo positivo de USD 1.256 millones en el MULC en agosto, de los cuales USD 1.126 millones fueron adquiridos tras la devaluaci\u00f3n del 14 de agosto. Un detalle no menor es que USD 1.028 millones fueron utilizados para intervenir en MEP, por lo que las compras del BCRA neto de esta intervenci\u00f3n fueran apenas USD 228 millones. Destacamos que el ritmo de compras diarias en el MULC disminuy\u00f3 fuertemente de USD 162 millones los primeros cuatro d\u00edas tras el salto discreto a USD 53 millones desde entonces\u201d.<\/p>\n\n\n\n<p>\u201cEsto ven\u00eda ocurriendo dado que la \u2018otra\u2019 oferta, principal proveedor de divisas desde el 14\/08, comenz\u00f3 a perder impulso. Recordamos que, en nuestra opini\u00f3n, los bancos habr\u00edan irrigado de d\u00f3lares al MULC para hacer&nbsp;<em>carry<\/em>, aprovechando la fuerte suba de tasas de inter\u00e9s en pesos y la fijaci\u00f3n del d\u00f3lar oficial en $350. A esta contracci\u00f3n de la \u2018otra\u2019 oferta se le suma una relativa mayor demanda autorizada de yuanes\u201d, agregaron desde Portfolio Personal.<\/p>\n\n\n\n<figure class=\"wp-block-image\"><img decoding=\"async\" src=\"https:\/\/www.infobae.com\/new-resizer\/BgnJ6IztVm7vLi1ijfPN0WoiEAc=\/arc-anglerfish-arc2-prod-infobae\/public\/LRGYEHUMZBGX5BBLWAFZQHLD5Y.png\" alt=\"infobae\"\/><\/figure>\n\n\n\n<p>El ingreso de agrodivisas en agosto pasado fue de USD 1.746 millones y en lo que va del presente a\u00f1o acumula un total de USD 14.702 millones, un 42,8% menos que lo ingresado en los primeros ocho meses de 2022.<\/p>\n\n\n\n<p><\/p>\n\n\n\n<p>Tales cifras -informadas por&nbsp;<strong>CIARA<\/strong>&nbsp;(C\u00e1mara de la Industria Aceitera de la Rep\u00fablica Argentina) y&nbsp;<strong>CEC<\/strong>&nbsp;(Centro Exportador de Cereales)- si bien son sustancialmente menores a las registradas el a\u00f1o pasado, son muy aceptables si se tiene en cuenta que la Argentina registr\u00f3 en el ciclo 2022\/23 uno de los peores desastres clim\u00e1ticos de su historia productiva a partir de heladas y sequ\u00edas que se llevaron la mayor parte de las cosechas de granos finos y gruesos.<\/p>\n\n\n\n<figure class=\"wp-block-image\"><img decoding=\"async\" src=\"https:\/\/www.infobae.com\/new-resizer\/KN5TB6SZepdwjStP05MRRzng7_I=\/arc-anglerfish-arc2-prod-infobae\/public\/SXRDARSKPJGDTDNEVJMGNVOALU.png\" alt=\"infobae\"\/><\/figure>\n\n\n\n<p>\u201cEl impacto de la sequ\u00eda est\u00e1 siendo muy significativo en dos frentes sensibles: el flujo de d\u00f3lares por un lado y la recaudaci\u00f3n de derechos de exportaci\u00f3n, por otro. El flujo de d\u00f3lares obliga al uso de otras fuentes, para evitar una mayor ca\u00edda del nivel de actividad. La menor recaudaci\u00f3n de derechos de exportaci\u00f3n tambi\u00e9n obliga a buscar otra fuentes de recursos, ya que el FMI mantuvo sin cambios la meta fiscal del 1,9% del PIB definida previamente, a pesar de la gran sequ\u00eda\u201d, explic\u00f3\u00a0<strong>Nadin Arga\u00f1araz<\/strong>, director del IARAF (Instituto Argentino de An\u00e1lisis Fiscal).<\/p>\n\n\n\n<p>Las reservas internacionales brutas del Banco Central se redujeron en USD 126 millones el jueves, para finalizar en los&nbsp;<strong>27.814 millones&nbsp;<\/strong>de d\u00f3lares. Estos activos subieron un USD 3.782 millones en el transcurso de agosto, con la inyecci\u00f3n de DEG (Derechos Especiales de Giro) del Fondo Monetario.<\/p>\n\n\n\n<figure class=\"wp-block-image\"><img decoding=\"async\" src=\"https:\/\/www.infobae.com\/new-resizer\/FzT6phlZq7B7pXD-GttNMnseT3s=\/arc-anglerfish-arc2-prod-infobae\/public\/5IXSFPXNNJF2BEEJ5GXCA7D3IE.png\" alt=\"infobae\"\/><\/figure>\n\n\n\n<p>Seg\u00fan un an\u00e1lisis elaborado por\u00a0<strong>Romano Group<\/strong>, las reservas internacionales al 30 de agosto contaban con divisas por USD 7.356 millones en activo, con el aporte fundamental del desembolso de DEG (Derechos Especiales de Giro) efectuado la semana pasada por el Fondo Monetario Internacional (FMI), mientras que las reservas netas -descontados pr\u00e9stamos y encajes privados- alcanzaban los USD 4.476 millones negativos.<\/p>\n\n\n\n<p>Fuente: Infobae<\/p>\n","protected":false},"excerpt":{"rendered":"<div class=\"mh-excerpt\"><p>El&nbsp;BCRA&nbsp;termin\u00f3 la \u00faltima rueda operativa de la semana con una compra por USD 1 mill\u00f3n en el mercado de cambios, para redondear un&nbsp;saldo favorable de USD 242 millones por su intervenci\u00f3n semanal&nbsp;en el segmento de contado del mercado de cambios, seg\u00fan datos provisorios. La entidad monetaria hilvan\u00f3&nbsp;14 sesiones consecutivas con compras netas. \u201cAgosto fue el mes de mayor acumulaci\u00f3n de reservas del Banco Central desde agosto del 2006\u201d, dijo el ministro\u00a0Sergio Massa\u00a0esta tarde en la celebraci\u00f3n del D\u00eda de la Industria, en Entre R\u00edos. Los analistas de\u00a0Portfolio Personal Inversiones\u00a0recordaron que el Banco Central acumul\u00f3 \u201cun saldo positivo de USD 1.256 <a class=\"mh-excerpt-more\" href=\"http:\/\/dsrmedios.com.ar\/diario\/archivos\/39057\" title=\"\u201cMes de acumulaci\u00f3n\u201d: en la semana, el BCRA compr\u00f3 USD 242 millones en el mercado y sum\u00f3 m\u00e1s de USD 1.250 en agosto\">[Leer m\u00e1s]<\/a><\/p>\n<\/div>","protected":false},"author":8,"featured_media":35036,"comment_status":"open","ping_status":"closed","sticky":false,"template":"","format":"standard","meta":{"_jetpack_newsletter_access":""},"categories":[6],"tags":[],"jetpack_featured_media_url":"http:\/\/dsrmedios.com.ar\/diario\/wp-content\/uploads\/2023\/06\/banco-central-a-1024x585-1.jpg","jetpack_sharing_enabled":true,"jetpack_shortlink":"https:\/\/wp.me\/p9fihK-a9X","_links":{"self":[{"href":"http:\/\/dsrmedios.com.ar\/diario\/wp-json\/wp\/v2\/posts\/39057"}],"collection":[{"href":"http:\/\/dsrmedios.com.ar\/diario\/wp-json\/wp\/v2\/posts"}],"about":[{"href":"http:\/\/dsrmedios.com.ar\/diario\/wp-json\/wp\/v2\/types\/post"}],"author":[{"embeddable":true,"href":"http:\/\/dsrmedios.com.ar\/diario\/wp-json\/wp\/v2\/users\/8"}],"replies":[{"embeddable":true,"href":"http:\/\/dsrmedios.com.ar\/diario\/wp-json\/wp\/v2\/comments?post=39057"}],"version-history":[{"count":1,"href":"http:\/\/dsrmedios.com.ar\/diario\/wp-json\/wp\/v2\/posts\/39057\/revisions"}],"predecessor-version":[{"id":39058,"href":"http:\/\/dsrmedios.com.ar\/diario\/wp-json\/wp\/v2\/posts\/39057\/revisions\/39058"}],"wp:featuredmedia":[{"embeddable":true,"href":"http:\/\/dsrmedios.com.ar\/diario\/wp-json\/wp\/v2\/media\/35036"}],"wp:attachment":[{"href":"http:\/\/dsrmedios.com.ar\/diario\/wp-json\/wp\/v2\/media?parent=39057"}],"wp:term":[{"taxonomy":"category","embeddable":true,"href":"http:\/\/dsrmedios.com.ar\/diario\/wp-json\/wp\/v2\/categories?post=39057"},{"taxonomy":"post_tag","embeddable":true,"href":"http:\/\/dsrmedios.com.ar\/diario\/wp-json\/wp\/v2\/tags?post=39057"}],"curies":[{"name":"wp","href":"https:\/\/api.w.org\/{rel}","templated":true}]}}