{"id":39054,"date":"2023-09-02T12:25:59","date_gmt":"2023-09-02T15:25:59","guid":{"rendered":"http:\/\/dsrmedios.com.ar\/diario\/?p=39054"},"modified":"2023-09-02T12:26:02","modified_gmt":"2023-09-02T15:26:02","slug":"fmi-cual-es-la-unica-meta-que-cumplio-el-gobierno-y-como-podria-alcanzar-el-objetivo-de-deficit","status":"publish","type":"post","link":"http:\/\/dsrmedios.com.ar\/diario\/archivos\/39054","title":{"rendered":"FMI: cu\u00e1l es la \u00fanica meta que cumpli\u00f3 el Gobierno y c\u00f3mo podr\u00eda alcanzar el objetivo de d\u00e9ficit"},"content":{"rendered":"\n<p>El programa con el FMI, en palabras del organismo en su \u00faltimo reporte,&nbsp;<strong>\u201cdescarril\u00f3\u201d&nbsp;<\/strong>a lo largo del 2023 y tuvo a sus principales metas, como la acumulaci\u00f3n de reservas en el BCRA, el tope al d\u00e9ficit primario y la emisi\u00f3n de pesos para asistir al Tesoro, incumplidas en los dos primeros trimestres del a\u00f1o. Hay, por debajo de ese esquema de objetivos -que son los m\u00e1s relevantes del acuerdo- uno que todav\u00eda aparece, en las planillas, con<strong>&nbsp;la leyenda&nbsp;<\/strong><em><strong>Met<\/strong><\/em>&nbsp;(en ingl\u00e9s, cumplido): la del&nbsp;<strong>ritmo de pagos atrasados<\/strong>&nbsp;que tiene el sector p\u00fablico. Ese n\u00famero asoma como uno de los factores por los cuales el Gobierno pueda, o no, alcanzar la meta de reducci\u00f3n del rojo fiscal.<\/p>\n\n\n\n<figure class=\"wp-block-image\"><img decoding=\"async\" src=\"https:\/\/www.infobae.com\/new-resizer\/K0gaye5rM0ENWv-C02ywoAWVWSc=\/filters:format(webp):quality(85)\/cloudfront-us-east-1.images.arcpublishing.com\/infobae\/AKESVNCNO5A63BIIHJHFI2W7LQ.jpg\" alt=\"\"\/><\/figure>\n\n\n\n<p>En la completa radiograf\u00eda que hizo el Fondo Monetario sobre el estado de la econom\u00eda argentina y de la marcha del programa renegociado durante los \u00faltimos cuatro meses, el cap\u00edculo fiscal ocupa un lugar vertebral. En ese sentido, el staff t\u00e9cnico asegur\u00f3 que espera que durante la segunda mitad del a\u00f1o el<strong>&nbsp;gasto p\u00fablico caiga 11%<\/strong>&nbsp;en t\u00e9rminos reales hasta fin de a\u00f1o.<\/p>\n\n\n\n<p>Solo de esa forma podr\u00eda ser viable el cumplimiento de la meta anual de&nbsp;<strong>1,9% del PBI&nbsp;<\/strong>como techo del d\u00e9ficit primario. Hay, en ese diagn\u00f3stico, una serie de pasos que el organismo consider\u00f3 imprescindibles. Y asegur\u00f3 que se necesitar\u00e1n&nbsp;<a rel=\"noreferrer noopener\" href=\"https:\/\/www.infobae.com\/economia\/2023\/08\/27\/con-deuda-comercial-record-y-sin-reservas-el-fmi-recomendo-endurecer-el-acceso-a-dolares-a-los-importadores\/\" target=\"_blank\">\u201cesfuerzos significativos para movilizar temporalmente los ingresos en divisas de las importaciones<\/a>&nbsp;y contener el gasto p\u00fablico\u201d.<\/p>\n\n\n\n<blockquote class=\"wp-block-quote\">\n<p>En julio la deuda flotante fue de $1,28 billones, mientras que un mes antes hab\u00eda sido de $1,61 billones (Tesorer\u00eda)<\/p>\n<\/blockquote>\n\n\n\n<p>\u201cEsto evitar\u00eda la financiaci\u00f3n monetaria directa del Presupuesto y al mismo tiempo limitar\u00eda la dependencia de fuentes internas, en consonancia con los objetivos de desinflaci\u00f3n. A mediano plazo, se supone que<strong>&nbsp;la consolidaci\u00f3n fiscal se acelerar\u00e1,<\/strong>&nbsp;en consonancia con los compromisos program\u00e1ticos y las plataformas pol\u00edticas declaradas p\u00fablicamente por los principales partidos pol\u00edticos, para fortalecer la sostenibilidad de la deuda y asegurar un reingreso gradual a los mercados internacionales a partir de 2025\u2033, proyect\u00f3.<\/p>\n\n\n\n<p><img decoding=\"async\" loading=\"lazy\" alt=\"Nivel de deuda flotante, seg\u00fan la consultora LCG\" height=\"508\" width=\"742\" src=\"https:\/\/www.infobae.com\/new-resizer\/WqG9Kp1C9i1p6U0dScj8b534F_U=\/arc-anglerfish-arc2-prod-infobae\/public\/DNKIROQWOBHCRFV5YUIOZ4YTNQ.jpg\" srcset=\"https:\/\/www.infobae.com\/new-resizer\/Lf1_Az898yso35gqEhJkjz3WE0M=\/420x280\/filters:format(webp):quality(85)\/cloudfront-us-east-1.images.arcpublishing.com\/infobae\/DNKIROQWOBHCRFV5YUIOZ4YTNQ.jpg 420w,https:\/\/www.infobae.com\/new-resizer\/6tdlTnuHgXO2acK4IsUW99jMoLY=\/768x512\/filters:format(webp):quality(85)\/cloudfront-us-east-1.images.arcpublishing.com\/infobae\/DNKIROQWOBHCRFV5YUIOZ4YTNQ.jpg 768w,https:\/\/www.infobae.com\/new-resizer\/egNrU9w0OP8NerTrtdQ0_EGexUs=\/992x661\/filters:format(webp):quality(85)\/cloudfront-us-east-1.images.arcpublishing.com\/infobae\/DNKIROQWOBHCRFV5YUIOZ4YTNQ.jpg 992w,https:\/\/www.infobae.com\/new-resizer\/tMsK2UvQaXjBtvZaIU7GA-TyiTE=\/1200x800\/filters:format(webp):quality(85)\/cloudfront-us-east-1.images.arcpublishing.com\/infobae\/DNKIROQWOBHCRFV5YUIOZ4YTNQ.jpg 1200w,https:\/\/www.infobae.com\/new-resizer\/SUcvhPoBIoVBxyX7J_pdKPFISrk=\/1440x960\/filters:format(webp):quality(85)\/cloudfront-us-east-1.images.arcpublishing.com\/infobae\/DNKIROQWOBHCRFV5YUIOZ4YTNQ.jpg 1440w\">Nivel de deuda flotante, seg\u00fan la consultora LCG<\/p>\n\n\n\n<p>Seg\u00fan el informe, publicado el viernes 25 de septiembre, hacia fines de diciembre 2023 el tope de d\u00e9ficit fiscal primario deber\u00eda ser, en t\u00e9rminos nominales, de\u00a0<strong>$3,2 billones<\/strong>.\u00a0<a href=\"https:\/\/www.infobae.com\/economia\/2023\/08\/23\/el-gasto-publico-crecio-en-julio-y-le-resto-margen-al-gobierno-para-cumplir-la-meta-fiscal-anual-con-el-fmi\/\">Hasta julio<\/a>, con los \u00faltimos datos oficiales, el rojo primario hab\u00eda alcanzado los<strong>\u00a02,2 billones de pesos<\/strong>.La meta fiscal para lo que resta del a\u00f1o se avizora, as\u00ed, como exigente para el Gobierno. Entre otras cosas porque\u00a0<strong>estacionalmente el gasto p\u00fablico es mayor durante la segunda parte de cada a\u00f1o\u00a0<\/strong>y la ejecuci\u00f3n presupuestaria, en algunas \u00e1reas, acelera sobre el fin del calendario.<\/p>\n\n\n\n<p>\u201cSe espera que esto se logre mediante una combinaci\u00f3n de medidas de ingresos (algunas temporales) y gastos para lograr la<strong>&nbsp;contracci\u00f3n del 11%&nbsp;<\/strong>en el gasto de agosto a diciembre de este a\u00f1o, protegiendo al mismo tiempo la infraestructura prioritaria (gasoducto) y los programas sociales\u201d, mencion\u00f3 el organismo.<\/p>\n\n\n\n<p>Tambi\u00e9n le dedic\u00f3 un p\u00e1rrafo a la cuesti\u00f3n de los subsidios. \u201cSe requieren&nbsp;<strong>mayores esfuerzos para alinear las tarifas&nbsp;<\/strong>con los mayores costos de producci\u00f3n (tras la devaluaci\u00f3n del tipo de cambio), lograr los objetivos de recuperaci\u00f3n de costos establecidos en la cuarta revisi\u00f3n y cumplir con los objetivos de reducci\u00f3n de los subsidios a la energ\u00eda (0,5 por ciento del PIB en 2023)\u201d, plante\u00f3 el FMI.<\/p>\n\n\n\n<blockquote class=\"wp-block-quote\">\n<p>Hacia fines de diciembre el tope de d\u00e9ficit primario deber\u00eda ser, en t\u00e9rminos nominales, de $3,2 billones. Hasta julio, el rojo primario hab\u00eda alcanzado a $2,2 billones<\/p>\n<\/blockquote>\n\n\n\n<p>M\u00e1s all\u00e1 de ese panorama fiscal, hay una cifra, que en el informe del FMI se plantea como con\u00a0<strong>meta trimestral cumplida en lo que va del a\u00f1o<\/strong>\u00a0y que puede ser decisivo para conocer si el Poder Ejecutivo tiene probabilidades de cumplir con el objetivo de recorte del d\u00e9ficit: la\u00a0<strong>deuda flotante<\/strong>.<\/p>\n\n\n\n<p>Se trata de un n\u00famero, medido por la Tesorer\u00eda que depende del Ministerio de Econom\u00eda, que refleja el nivel de pagos atrasados que acumula la Administraci\u00f3n Central. Para algunos analistas, ese recurso es interpretado como una manera de&nbsp;<strong>\u201cfinanciamiento indirecto\u201d<\/strong>: el ritmo de pagos que realiza efectivamente el Estado le da margen para que su balance de \u201cbase caja\u201d, el m\u00e9todo contable que toma en consideraci\u00f3n el FMI, le d\u00e9 con n\u00fameros suficientes.<\/p>\n\n\n\n<p><img decoding=\"async\" loading=\"lazy\" alt=\"La deuda flotante es uno de los elementos que explican el comportamiento del gasto p\u00fablico\" height=\"1079\" width=\"1920\" src=\"https:\/\/www.infobae.com\/new-resizer\/Im-Vaml7NzHD8LHtp4E1cXYtVYI=\/arc-anglerfish-arc2-prod-infobae\/public\/AAMOQIHJBJGI5KL4YPSOS6L5ZM.jpeg\" srcset=\"https:\/\/www.infobae.com\/new-resizer\/2mZUbDeSa2aM9XraAPb2b62RQ5w=\/420x236\/filters:format(webp):quality(85)\/cloudfront-us-east-1.images.arcpublishing.com\/infobae\/AAMOQIHJBJGI5KL4YPSOS6L5ZM.jpeg 420w,https:\/\/www.infobae.com\/new-resizer\/WET1-j9BCLNFoN8LnXDGJm4gFF8=\/768x432\/filters:format(webp):quality(85)\/cloudfront-us-east-1.images.arcpublishing.com\/infobae\/AAMOQIHJBJGI5KL4YPSOS6L5ZM.jpeg 768w,https:\/\/www.infobae.com\/new-resizer\/hiE3PheUZxP_u3ODe14xwO5Ptc8=\/992x558\/filters:format(webp):quality(85)\/cloudfront-us-east-1.images.arcpublishing.com\/infobae\/AAMOQIHJBJGI5KL4YPSOS6L5ZM.jpeg 992w,https:\/\/www.infobae.com\/new-resizer\/YtCKiZVqr7L_V72wpApWXF4YlCY=\/1200x675\/filters:format(webp):quality(85)\/cloudfront-us-east-1.images.arcpublishing.com\/infobae\/AAMOQIHJBJGI5KL4YPSOS6L5ZM.jpeg 1200w,https:\/\/www.infobae.com\/new-resizer\/Fq0GajbnzNKAPusgCbaklNu2Mi4=\/1440x810\/filters:format(webp):quality(85)\/cloudfront-us-east-1.images.arcpublishing.com\/infobae\/AAMOQIHJBJGI5KL4YPSOS6L5ZM.jpeg 1440w\">La deuda flotante es uno de los elementos que explican el comportamiento del gasto p\u00fablico<\/p>\n\n\n\n<p>\u201cLa deuda flotante tiene un rol clave para explicar la din\u00e1mica del gasto. En los \u00faltimos meses, el atraso en los pagos<strong>&nbsp;fue uno de los principales instrumentos<\/strong>&nbsp;del Gobierno para contener el gasto en base caja. Esto se verifica con el salto y la posterior normalizaci\u00f3n de la deuda flotante en los<strong>&nbsp;cierres trimestrales<\/strong>, es decir, para los meses en los que el Gobierno deb\u00eda cumplir con las metas fiscales pactadas con el FMI\u201d, explic\u00f3 un informe de la consultora Ecolatina.<\/p>\n\n\n\n<p>En julio hubo una reducci\u00f3n de la deuda flotante, seg\u00fan pudo saber<strong>&nbsp;Infobae<\/strong>&nbsp;en base a datos oficiales, lo que implica que Econom\u00eda aceler\u00f3 pagos que ten\u00eda atrasados. De acuerdo a la Tesorer\u00eda, en julio la deuda flotante fue de $1,28 billones, mientras que un mes antes hab\u00eda sido de $1,61 billones.<\/p>\n\n\n\n<p>La deuda flotante forma parte de las metas consideradas de segundo orden de importancia en el programa -como la del piso de gasto social o el tope de intervenci\u00f3n en el mercado de futuros- pero el Fondo Monetario le asigna un lugar especial a esa cifra. La cifra techo establecida para 2023 hab\u00eda sido de<strong>&nbsp;$1,18 billones&nbsp;<\/strong>al cierre de cada trimestre, equivalente -al momento de diagramarse el acuerdo- a<strong>&nbsp;0,8% del PBI<\/strong>. Por efecto de la inflaci\u00f3n ese objetivo fue redefinido en el \u00faltimo informe y pas\u00f3 a ser, as\u00ed, de&nbsp;<strong>$1,36 billones<\/strong>. Es decir, actualiz\u00f3 la nominalidad de esa meta solo en&nbsp;<strong>17 por ciento<\/strong>.<\/p>\n\n\n\n<p>El desempe\u00f1o cambia cuando se considera el consolidado del sector p\u00fablico en su conjunto (Administraci\u00f3n Central, m\u00e1s provincias y municipios), seg\u00fan resalta un informe de la consultora LCG: \u201c<strong>La deuda flotante de la Administraci\u00f3n P\u00fablica Nacional volvi\u00f3 a crecer en julio alcanzando el equivalente a 1,1% del PBI (vs. 0,7% PBI en junio)<\/strong>. Sigue ubic\u00e1ndose por encima del promedio de la \u00faltima d\u00e9cada a esta altura del a\u00f1o y su correcci\u00f3n seguramente tendr\u00e1 impacto sobre el d\u00e9ficit primario. La devaluaci\u00f3n fiscal de julio y la devaluaci\u00f3n real de agosto tendr\u00e1n impacto sobre los ingresos del Sector P\u00fablico (m\u00ednimo de 0,4% del PBI)\u201d.<\/p>\n\n\n\n<p>Fuente: Infobae<\/p>\n","protected":false},"excerpt":{"rendered":"<div class=\"mh-excerpt\"><p>El programa con el FMI, en palabras del organismo en su \u00faltimo reporte,&nbsp;\u201cdescarril\u00f3\u201d&nbsp;a lo largo del 2023 y tuvo a sus principales metas, como la acumulaci\u00f3n de reservas en el BCRA, el tope al d\u00e9ficit primario y la emisi\u00f3n de pesos para asistir al Tesoro, incumplidas en los dos primeros trimestres del a\u00f1o. Hay, por debajo de ese esquema de objetivos -que son los m\u00e1s relevantes del acuerdo- uno que todav\u00eda aparece, en las planillas, con&nbsp;la leyenda&nbsp;Met&nbsp;(en ingl\u00e9s, cumplido): la del&nbsp;ritmo de pagos atrasados&nbsp;que tiene el sector p\u00fablico. Ese n\u00famero asoma como uno de los factores por los cuales el <a class=\"mh-excerpt-more\" href=\"http:\/\/dsrmedios.com.ar\/diario\/archivos\/39054\" title=\"FMI: cu\u00e1l es la \u00fanica meta que cumpli\u00f3 el Gobierno y c\u00f3mo podr\u00eda alcanzar el objetivo de d\u00e9ficit\">[Leer m\u00e1s]<\/a><\/p>\n<\/div>","protected":false},"author":8,"featured_media":39055,"comment_status":"open","ping_status":"closed","sticky":false,"template":"","format":"standard","meta":{"_jetpack_newsletter_access":""},"categories":[6],"tags":[],"jetpack_featured_media_url":"http:\/\/dsrmedios.com.ar\/diario\/wp-content\/uploads\/2023\/09\/images-53.jpg","jetpack_sharing_enabled":true,"jetpack_shortlink":"https:\/\/wp.me\/p9fihK-a9U","_links":{"self":[{"href":"http:\/\/dsrmedios.com.ar\/diario\/wp-json\/wp\/v2\/posts\/39054"}],"collection":[{"href":"http:\/\/dsrmedios.com.ar\/diario\/wp-json\/wp\/v2\/posts"}],"about":[{"href":"http:\/\/dsrmedios.com.ar\/diario\/wp-json\/wp\/v2\/types\/post"}],"author":[{"embeddable":true,"href":"http:\/\/dsrmedios.com.ar\/diario\/wp-json\/wp\/v2\/users\/8"}],"replies":[{"embeddable":true,"href":"http:\/\/dsrmedios.com.ar\/diario\/wp-json\/wp\/v2\/comments?post=39054"}],"version-history":[{"count":1,"href":"http:\/\/dsrmedios.com.ar\/diario\/wp-json\/wp\/v2\/posts\/39054\/revisions"}],"predecessor-version":[{"id":39056,"href":"http:\/\/dsrmedios.com.ar\/diario\/wp-json\/wp\/v2\/posts\/39054\/revisions\/39056"}],"wp:featuredmedia":[{"embeddable":true,"href":"http:\/\/dsrmedios.com.ar\/diario\/wp-json\/wp\/v2\/media\/39055"}],"wp:attachment":[{"href":"http:\/\/dsrmedios.com.ar\/diario\/wp-json\/wp\/v2\/media?parent=39054"}],"wp:term":[{"taxonomy":"category","embeddable":true,"href":"http:\/\/dsrmedios.com.ar\/diario\/wp-json\/wp\/v2\/categories?post=39054"},{"taxonomy":"post_tag","embeddable":true,"href":"http:\/\/dsrmedios.com.ar\/diario\/wp-json\/wp\/v2\/tags?post=39054"}],"curies":[{"name":"wp","href":"https:\/\/api.w.org\/{rel}","templated":true}]}}