{"id":39048,"date":"2023-09-02T12:20:39","date_gmt":"2023-09-02T15:20:39","guid":{"rendered":"http:\/\/dsrmedios.com.ar\/diario\/?p=39048"},"modified":"2023-09-02T12:20:42","modified_gmt":"2023-09-02T15:20:42","slug":"eduardo-valdes-critico-las-ideas-de-javier-milei-y-dijo-que-patricia-bullrich-tercerizo-el-ministerio-de-economia","status":"publish","type":"post","link":"http:\/\/dsrmedios.com.ar\/diario\/archivos\/39048","title":{"rendered":"Eduardo Vald\u00e9s critic\u00f3 las ideas de Javier Milei y dijo que Patricia Bullrich \u201cterceriz\u00f3 el Ministerio de Econom\u00eda\u201d"},"content":{"rendered":"\n<p>El diputado nacional y presidente de la Comisi\u00f3n de Relaciones Exteriores de la C\u00e1mara baja,&nbsp;<strong>Eduardo Vald\u00e9s<\/strong>, critic\u00f3 las ideas que plante\u00f3&nbsp;<strong>Javier Milei,<\/strong>&nbsp;admiti\u00f3 que muchos peronistas terminaron votando al candidato libertario en las PASO y se refiri\u00f3 de manera cr\u00edtica al anuncio que hizo&nbsp;<strong>Patricia Bullrich<\/strong>&nbsp;de que&nbsp;<strong>Carlos Melconian&nbsp;<\/strong>ser\u00e1 su ministro de Econom\u00eda en caso de llegar a la Presidencia de la Naci\u00f3n.<\/p>\n\n\n\n<p>En una entrevista con&nbsp;<strong>Infobae<\/strong>, el dirigente de Uni\u00f3n por la Patria asegur\u00f3 que \u201cPatricia Bullrich est\u00e1 tercerizando el Ministerio de Econom\u00eda, porque lo que ella ven\u00eda hablando no tiene nada que ver con lo que ven\u00eda planteando&nbsp;<strong>Carlos Melconian<\/strong>\u201d. De todos modos, afirm\u00f3 que \u201cvalora\u201d al economista porque \u201ctiene potrero y sensibilidad humana\u201d.<\/p>\n\n\n\n<p>Adem\u00e1s, Vald\u00e9s asegur\u00f3 que&nbsp;<strong>Cristina Kirchner&nbsp;<\/strong>\u201cest\u00e1 apoyando incondicionalmente la f\u00f3rmula&nbsp;<strong>Sergio Massa-Agust\u00edn Rossi<\/strong>\u201d y se diferenci\u00f3 del sindicalista camionero, Pablo Moyano, que pidi\u00f3 que salga a hacer declaraciones: \u201cHoy se requiere que el candidato Massa sea el que hable\u201d, destac\u00f3 el diputado.<\/p>\n\n\n\n<p>Y habl\u00f3 sobre el<strong>&nbsp;papa Francisco<\/strong>, su v\u00ednculo con la Argentina y la posibilidad de que el a\u00f1o que viene se concrete su demorado viaje de reencuentro con el pa\u00eds que lo vio nacer: \u201cOjal\u00e1 que el a\u00f1o que viene -gobierne quien gobierne- el Papa venga. Si viene, es s\u00edmbolo de unidad entre los que piensan distinto, s\u00edmbolo de amor entre los que no se quieren\u201d.<\/p>\n\n\n\n<h2>Le entrevista a Eduardo Vald\u00e9s<\/h2>\n\n\n\n<p><strong>-De la foto de Cristina Kirchner, Alberto Fern\u00e1ndez y Sergio Massa de 2019 a este presente \u00bfqu\u00e9 cambi\u00f3 y qu\u00e9 qued\u00f3?<\/strong><\/p>\n\n\n\n<p>Siempre me defin\u00ed \u201c<em>frentetodista al palo<\/em>\u201d y hubo circunstancias que alejaron la foto, acercaron la foto, pero creo que hay que dejar pasar un tiempo para poder evaluar c\u00f3mo fue la experiencia de este gobierno del Frente de Todos.<\/p>\n\n\n\n<p><strong>-\u00bfEs decepci\u00f3n? \u00bfQu\u00e9 es lo que puede sentir un peronista al ver esa foto?<\/strong><\/p>\n\n\n\n<p>Decepci\u00f3n no. Yo tengo la obligaci\u00f3n de construir esperanzas. Si estoy en un medio de comunicaci\u00f3n y genero desesperanza, me tengo que dedicar a otra cosa. Bastante dura a veces es la realidad como para que yo venga a generar otra cosa. Sucedieron cosas pero no viene al caso ahora venir a llorar, porque las ten\u00edamos que haber resuelto, y lo que no resolvimos bien, lo tenemos que resolver en el corto y el mediano plazo. El tema del endeudamiento que heredamos la poblaci\u00f3n no nos pregunta si hicimos tal o cual cosa, pregunta en qu\u00e9 los benefici\u00f3 a ellos. Y est\u00e1 claro que no los benefici\u00f3. Estamos en una etapa donde tenemos que resolver el d\u00eda a d\u00eda de los argentinos, ya no la negociaci\u00f3n internacional. Ah\u00ed est\u00e1 el desaf\u00edo, el construir pol\u00edticas que le permitan a la gente vivir mejor.<\/p>\n\n\n\n<p><strong>-Arrancamos con una foto de hace mucho tiempo y lo quiero traer a una foto de hace d\u00edas. Hablo de la reuni\u00f3n de Sergio Massa con Lula en Brasil. Usted estuvo en ese encuentro. Quer\u00eda saber de qu\u00e9 hablaron, c\u00f3mo lo vio usted al presidente. Y qu\u00e9 temas le preocupan a Lula.<\/strong><\/p>\n\n\n\n<p>-Lula est\u00e1 preocupado por algo que \u00e9l mismo lo dijo en los BRICS, cuando fue a Sud\u00e1frica. No es posible el desarrollo de Argentina, si Brasil no se desarrolla y viceversa. No es posible el desarrollo de Brasil si Argentina no se desarrolla. Las pol\u00edticas de integraci\u00f3n de Argentina y Brasil son claves para los dos pa\u00edses y hay discursos de la oposici\u00f3n que no continuar\u00edan con esa relaci\u00f3n que inaugur\u00f3 Ra\u00fal Alfons\u00edn. Debemos reconocer que en estos 40 a\u00f1os de democracia uno de los grandes capitales es esa visi\u00f3n de Alfons\u00edn y Sarney de juntar a Brasil y a la Argentina, a Paraguay y Uruguay, a partir de que recuperan la democracia. La condici\u00f3n de la fundaci\u00f3n del Mercosur fue la recuperaci\u00f3n democr\u00e1tica, al punto que reci\u00e9n se funda Sarney y Alfons\u00edn se juntan en el 86, pero el bloque s\u00f3lo se funda cuando en el 91 Paraguay recupera la democracia.<\/p>\n\n\n\n<p>No es un bien de una pol\u00edtica partidaria, es una pol\u00edtica de Estado y entonces Brasil y Lula, en este caso, valora mucho esa pol\u00edtica de Estado y siente que ser\u00eda un gran retroceso para la regi\u00f3n que Argentina abandone los foros en com\u00fan que tenemos con Brasil.<\/p>\n\n\n\n<p><img decoding=\"async\" loading=\"lazy\" alt=\"Los diputados Eduardo Vald\u00e9s, Tanya Bertoldi, Natalia De la Sota y Alejandro \u201cTopo\u201d Rodr\u00edguez estuvieron el lunes pasado con Lula junto a Sergio Massa\" height=\"1066\" width=\"1332\" src=\"https:\/\/www.infobae.com\/new-resizer\/lWaFBszvK1bHGqy3DPYVIesYGAg=\/arc-anglerfish-arc2-prod-infobae\/public\/SZSH6J6LFRC63OY23PFAZSDPWU.jpeg\" srcset=\"https:\/\/www.infobae.com\/new-resizer\/qOWAecfnFpDurI-r2hQx0bOotDE=\/420x315\/filters:format(webp):quality(85)\/cloudfront-us-east-1.images.arcpublishing.com\/infobae\/SZSH6J6LFRC63OY23PFAZSDPWU.jpeg 420w,https:\/\/www.infobae.com\/new-resizer\/89Vg0KzDkmotgtHDsmva0lhaPfo=\/768x576\/filters:format(webp):quality(85)\/cloudfront-us-east-1.images.arcpublishing.com\/infobae\/SZSH6J6LFRC63OY23PFAZSDPWU.jpeg 768w,https:\/\/www.infobae.com\/new-resizer\/0czcRye6xCI3G1ueqfXXdbU3_0s=\/992x744\/filters:format(webp):quality(85)\/cloudfront-us-east-1.images.arcpublishing.com\/infobae\/SZSH6J6LFRC63OY23PFAZSDPWU.jpeg 992w,https:\/\/www.infobae.com\/new-resizer\/k7bSO8WyHz0J72OVvSceQpY5-GA=\/1200x900\/filters:format(webp):quality(85)\/cloudfront-us-east-1.images.arcpublishing.com\/infobae\/SZSH6J6LFRC63OY23PFAZSDPWU.jpeg 1200w,https:\/\/www.infobae.com\/new-resizer\/PqoKQ1N7rJUNVxFHR1xoTXmGWTc=\/1440x1080\/filters:format(webp):quality(85)\/cloudfront-us-east-1.images.arcpublishing.com\/infobae\/SZSH6J6LFRC63OY23PFAZSDPWU.jpeg 1440w\">Los diputados Eduardo Vald\u00e9s, Tanya Bertoldi, Natalia De la Sota y Alejandro \u201cTopo\u201d Rodr\u00edguez estuvieron el lunes pasado con Lula junto a Sergio Massa<\/p>\n\n\n\n<p><strong>-\u00bfHabla por Javier Milei o tambi\u00e9n por Patricia Bullrich?<\/strong><\/p>\n\n\n\n<p>-Hablo por los dos. Hablo por la oposici\u00f3n. Ellos han manifestado su oposici\u00f3n a la pol\u00edtica que hoy est\u00e1n llevando adelante a Argentina junto con Brasil. El \u00faltimo caso fue la propuesta de integraci\u00f3n a los BRICS, a ese acuerdo internacional de geopol\u00edtica de Rusia, Brasil, India, Sud\u00e1frica y China.<\/p>\n\n\n\n<p><strong>-\u00bfNo nos estamos juntando con los malos? Hablo por Rusia, que es un pa\u00eds que est\u00e1 bombardeando a un vecino y China con todos los problemas que tiene como sistema pol\u00edtico.<\/strong><\/p>\n\n\n\n<p>Ingresamos junto a Arabia Saudita.<\/p>\n\n\n\n<p><strong>-Y con Ir\u00e1n, Eduardo.<\/strong><\/p>\n\n\n\n<p>\u00bfD\u00f3nde estaba antes Arabia Saudita? En el mundo occidental. Existe el d\u00f3lar porque hubo un acuerdo entre Estados Unidos y Arabia Saudita en la d\u00e9cada del 70, que en la crisis del petr\u00f3leo y despu\u00e9s de la Guerra de los Seis D\u00edas el mundo requiere el petr\u00f3leo y acuerdan que el valor petr\u00f3leo se iba a vender en d\u00f3lares. \u00bfAlguien cuestion\u00f3 la diferencia de r\u00e9gimen democr\u00e1tico entre uno y otro? Son acuerdos que no hacen al sistema pol\u00edtico interno de cada pa\u00eds. El acuerdo de los BRICS tiene que ver con que est\u00e1n juntos los pa\u00edses que producen los recursos naturales y que producen los alimentos.<\/p>\n\n\n\n<p>Cuando se fundan el G7, el agrupamiento de los siete pa\u00edses m\u00e1s importantes de Occidente, eran el 42% del PBI global y hoy son solo el 31%. Y este acuerdo BRICS es el 42% del PBI. Pero fundamentalmente est\u00e1n los pa\u00edses que tienen el petr\u00f3leo, que tienen el litio, que tienen los alimentos. No es un acuerdo de violencia, no es un acuerdo b\u00e9lico, es un acuerdo de valoraci\u00f3n de los recursos que tiene cada uno.<\/p>\n\n\n\n<p><strong>-Se dice que Lula tambi\u00e9n andaba preocupado por la campa\u00f1a electoral de Argentina y sobre todo por el avance de Milei. \u00bfFue as\u00ed?<\/strong><\/p>\n\n\n\n<p>S\u00ed, estaba preocupado por esto por lo que \u00e9l escuchaba de los discursos. Ve\u00eda que estaba un discurso muy cercano a Bolsonaro que es la contracara de la vida, de la pol\u00edtica, de la visi\u00f3n de Luiz Inacio Lula Da Silva.<\/p>\n\n\n\n<p><strong>-Pablo Moyano sali\u00f3 a decir que Alberto Fern\u00e1ndez, Cristina y M\u00e1ximo Kirchner tendr\u00edan que salir a hablar m\u00e1s en este momento. \u00bfCoincide?<\/strong><\/p>\n\n\n\n<p>Creo que se est\u00e1 coordinando bien entre ellos. Y me parece que el protagonismo lo tiene el candidato a presidente. A m\u00ed me parece muy bueno cuando aparece Sergio Massa, porque se tranquilizan los mercados. Desde que Massa sali\u00f3 primero en TN con los tres candidatos juntos, y al d\u00eda siguiente sali\u00f3 en Cr\u00f3nica TV, empez\u00f3 a subir el d\u00f3lar, baj\u00f3 el riesgo pa\u00eds, las acciones vuelan. Me parece que hoy es tiempo de que hable el candidato a presidente.<\/p>\n\n\n\n<p><img decoding=\"async\" loading=\"lazy\" alt=\"Cristina y M\u00e1ximo Kirchner, Axel Kicillof, Wado De Pedro y Sergio Massa (foto Franco Fafasuli)\" height=\"1280\" width=\"1920\" src=\"https:\/\/www.infobae.com\/new-resizer\/MLRU0LZ3TRKXRNZAnxgNYvqDL1U=\/arc-anglerfish-arc2-prod-infobae\/public\/SXXEDB64ONB6RCVY57N5UGU3OI.jpg\" srcset=\"https:\/\/www.infobae.com\/new-resizer\/GodlIXwS1Bl7qKaCCOTHU9AtITk=\/420x280\/filters:format(webp):quality(85)\/cloudfront-us-east-1.images.arcpublishing.com\/infobae\/SXXEDB64ONB6RCVY57N5UGU3OI.jpg 420w,https:\/\/www.infobae.com\/new-resizer\/RfRsz1F_NRUK92eiFZmlvB2vWfE=\/768x512\/filters:format(webp):quality(85)\/cloudfront-us-east-1.images.arcpublishing.com\/infobae\/SXXEDB64ONB6RCVY57N5UGU3OI.jpg 768w,https:\/\/www.infobae.com\/new-resizer\/2OTo3CLbVGpxU52p_5iF0M62Azo=\/992x661\/filters:format(webp):quality(85)\/cloudfront-us-east-1.images.arcpublishing.com\/infobae\/SXXEDB64ONB6RCVY57N5UGU3OI.jpg 992w,https:\/\/www.infobae.com\/new-resizer\/Xjj5TUOmQI1_qbPfYYPpo7ilWF4=\/1200x800\/filters:format(webp):quality(85)\/cloudfront-us-east-1.images.arcpublishing.com\/infobae\/SXXEDB64ONB6RCVY57N5UGU3OI.jpg 1200w,https:\/\/www.infobae.com\/new-resizer\/m1UanlZfMKCff_k9Zfwdi3fgzCM=\/1440x960\/filters:format(webp):quality(85)\/cloudfront-us-east-1.images.arcpublishing.com\/infobae\/SXXEDB64ONB6RCVY57N5UGU3OI.jpg 1440w\">Cristina y M\u00e1ximo Kirchner, Axel Kicillof, Wado De Pedro y Sergio Massa (foto Franco Fafasuli)<\/p>\n\n\n\n<p><strong>-\u00bfNo es que se est\u00e1n escondiendo?<\/strong><\/p>\n\n\n\n<p>Yo no lo creo, para nada. Y quiero decir una cosa: Alberto Fern\u00e1ndez sale, lo he visto. Cristina Kirchner est\u00e1 pendiente todo el tiempo. No es una persona de jugar a medias tinta. Est\u00e1 apoyando incondicionalmente la f\u00f3rmula Massa-Rossi. Y hablar\u00e1 cuando corresponda. Si algo le valoro a Cristina que a veces yo no lo tengo es que carece de ansiedad. Tiene la fineza de leer la pol\u00edtica en el momento oportuno. Aparte, he compartido momentos con Sergio Massa en este viaje y vi que tiene un di\u00e1logo permanente con Cristina. Hoy requiere que el candidato sea el que hable.<\/p>\n\n\n\n<p>\u00bfEst\u00e1n hablando los padrinos? Yo no lo veo a Macri, \u00bfest\u00e1 jugando al bridge? Y nadie dice por qu\u00e9 no habla Macri, en el caso de Bullrich. Y a veces mejor que no hable, porque se le va la lengua.<\/p>\n\n\n\n<p><strong>-\u00bfQui\u00e9n va a ser el responsable del resultado electoral del oficialismo, sea cual fuere? As\u00ed ganen, pierdan salgan terceros. \u00bfMassa solo, Cristina, los dos?<\/strong><\/p>\n\n\n\n<p>Yo voy a ser responsable. Soy diputado nacional, pero soy parte de un gobierno. Juego a fondo, pongo la cara. Soy peronista sin beneficio de inventario y asumo al gobierno con todos sus mejoras y todas sus cr\u00edticas. No hay forma que nos corramos y digamos este tiene m\u00e1s la culpa que el otro.<\/p>\n\n\n\n<p><strong>-Anunci\u00f3 Sergio Massa una serie de medidas. \u00bfQu\u00e9 piensa del rechazo a pagar los 60 mil pesos de bonos que plantearon empresarios y gobernadores, algunos de ellos del PJ?<\/strong><\/p>\n\n\n\n<p>Hay provincias -cerca de 12- que dicen que el bono lo est\u00e1n discutiendo en paritarias que est\u00e1n abiertas. Eso es lo que yo sent\u00ed del grueso. Hay provincias, como Mendoza, que es de un signo pol\u00edtico contrario a nosotros, que dice que lo va a pagar, y hay provincias oficialistas como La Rioja que tambi\u00e9n dicen que lo van a pagar. Hay otras que dicen estamos en paritarias y lo vamos a incluir dentro de las paritarias. Creo que hay dos que dijeron que no: la ciudad de Buenos Aires y Jujuy. Independientemente de qui\u00e9n lo decide, siento que despu\u00e9s de ese ajuste que hubo que hacer inmediatamente del d\u00eda de la elecci\u00f3n este dinero es necesario para las personas que m\u00e1s sufren el ajuste, que son los m\u00e1s vulnerables. No est\u00e1 para que nos peleemos por estas cosas.<\/p>\n\n\n\n<p><strong>-\u00bfA ver?<\/strong><\/p>\n\n\n\n<p>Que no creo que estemos para pelear por estas cosas. Se tiene que resolver.<\/p>\n\n\n\n<p><img decoding=\"async\" loading=\"lazy\" alt=\"Massa estuvo el viernes encabezando el acto por el D\u00eda de la Industria\" height=\"1080\" width=\"1920\" src=\"https:\/\/www.infobae.com\/new-resizer\/j6VV3De8PIhzt6xjn3Zkp6T2KFU=\/arc-anglerfish-arc2-prod-infobae\/public\/QEV7K4WRTNFSRNDNMVNFQIE644.jpg\" srcset=\"https:\/\/www.infobae.com\/new-resizer\/RW_gfQRj4l2pl4ZlJYe5yZI276M=\/420x236\/filters:format(webp):quality(85)\/cloudfront-us-east-1.images.arcpublishing.com\/infobae\/QEV7K4WRTNFSRNDNMVNFQIE644.jpg 420w,https:\/\/www.infobae.com\/new-resizer\/yA4pskATRMuTnM9dbgiPphYSnmM=\/768x432\/filters:format(webp):quality(85)\/cloudfront-us-east-1.images.arcpublishing.com\/infobae\/QEV7K4WRTNFSRNDNMVNFQIE644.jpg 768w,https:\/\/www.infobae.com\/new-resizer\/1kl1f0YdcpGZ5GvYC7pxpkSQ2nE=\/992x558\/filters:format(webp):quality(85)\/cloudfront-us-east-1.images.arcpublishing.com\/infobae\/QEV7K4WRTNFSRNDNMVNFQIE644.jpg 992w,https:\/\/www.infobae.com\/new-resizer\/OTTv24ok5ATq-EDcUyD6MeYFgQY=\/1200x675\/filters:format(webp):quality(85)\/cloudfront-us-east-1.images.arcpublishing.com\/infobae\/QEV7K4WRTNFSRNDNMVNFQIE644.jpg 1200w,https:\/\/www.infobae.com\/new-resizer\/9_8XjaifWGe_FkWrFDS4bS4ObkY=\/1440x810\/filters:format(webp):quality(85)\/cloudfront-us-east-1.images.arcpublishing.com\/infobae\/QEV7K4WRTNFSRNDNMVNFQIE644.jpg 1440w\">Massa estuvo el viernes encabezando el acto por el D\u00eda de la Industria<\/p>\n\n\n\n<p><strong>-Se ve un ministro de Econom\u00eda que es candidato a presidente, patea el centro, cabecea, mete el gol, grita y vuelve al banco de t\u00e9cnico.<\/strong><\/p>\n\n\n\n<p>Escuch\u00e9 eso, pero estamos muy cerquita de la toma de esa decisi\u00f3n. Creo que eso se va a ir resolviendo. Pero lo que es una cr\u00edtica al candidato es una gran virtud tambi\u00e9n. Estamos frente a un cuadro pol\u00edtico que sabe de qu\u00e9 se trata, es un gran capital que tiene el candidato de Uni\u00f3n por la Patria respecto a los otros dos. Se not\u00f3 mucho al menos cuando los vi a los tres juntos en un programa de televisi\u00f3n. Para m\u00ed es una virtud de Sergio Massa.<\/p>\n\n\n\n<p><strong>-Que pueda hacer todo eso.<\/strong><\/p>\n\n\n\n<p>La capacidad que \u00e9l tiene de poder tomar decisiones y comunicarlas y, a su vez, tratar de revertir. Convengamos que mi respeto hacia el cuadro pol\u00edtico Sergio Massa fue el d\u00eda que \u00e9l tom\u00f3 de la decisi\u00f3n de dejar la presidencia de la C\u00e1mara de Diputados y agarrar la brasa de ese Ministerio de Econom\u00eda ,que se hab\u00eda ido Mart\u00edn Guzm\u00e1n de un d\u00eda para el otro y los mercados empezaron a temblar y en ese tembladeral \u00e9l dijo acepto. A partir de ah\u00ed creo que ha ido resolviendo los dram\u00e1ticos momentos de la Argentina.<\/p>\n\n\n\n<p><strong>-Algunos ven que la inflaci\u00f3n est\u00e1 mucho m\u00e1s alta, que el d\u00f3lar est\u00e1 mucho m\u00e1s alto que cuando asumi\u00f3 en el Ministerio.<\/strong><\/p>\n\n\n\n<p>A Sergio Massa hay que empezar a contarles los d\u00edas a partir de que este Fondo Monetario Internacional -a quien nosotros no convocamos- permite llegar hasta de noviembre de una manera que no se comport\u00f3 con el gobierno anterior igual. A partir de ah\u00ed, Sergio puede plantear un mundo distinto o una sociedad distinta. Me parece que es a partir de ah\u00ed, hace unas semanas.<\/p>\n\n\n\n<p><img decoding=\"async\" loading=\"lazy\" alt=\"Javier Milei, el candidato presidencial de la coalici\u00f3n La Libertad Avanza, festejando su victoria\" height=\"5760\" width=\"8640\" src=\"https:\/\/www.infobae.com\/new-resizer\/al4i6tjoNpmH0wd7QQL6EH9aUCU=\/arc-anglerfish-arc2-prod-infobae\/public\/B2K63FQ2RQ4ERWVCDAGOSX2VXI.jpg\" srcset=\"https:\/\/www.infobae.com\/new-resizer\/yO9YOofmozQGM0CQc4vVXQyAhHk=\/420x280\/filters:format(webp):quality(85)\/cloudfront-us-east-1.images.arcpublishing.com\/infobae\/B2K63FQ2RQ4ERWVCDAGOSX2VXI.jpg 420w,https:\/\/www.infobae.com\/new-resizer\/Ex2r0zs3ETGClQqHgSydC3ftECI=\/768x512\/filters:format(webp):quality(85)\/cloudfront-us-east-1.images.arcpublishing.com\/infobae\/B2K63FQ2RQ4ERWVCDAGOSX2VXI.jpg 768w,https:\/\/www.infobae.com\/new-resizer\/xTiCwVRS1-FRS7TkeBF0o0ceLC0=\/992x661\/filters:format(webp):quality(85)\/cloudfront-us-east-1.images.arcpublishing.com\/infobae\/B2K63FQ2RQ4ERWVCDAGOSX2VXI.jpg 992w,https:\/\/www.infobae.com\/new-resizer\/M7rK-WH1q8As-XEvrCxSoAtmcX4=\/1200x800\/filters:format(webp):quality(85)\/cloudfront-us-east-1.images.arcpublishing.com\/infobae\/B2K63FQ2RQ4ERWVCDAGOSX2VXI.jpg 1200w,https:\/\/www.infobae.com\/new-resizer\/4lfO5BCG01AMKCAHZVKcnJsD4Lc=\/1440x960\/filters:format(webp):quality(85)\/cloudfront-us-east-1.images.arcpublishing.com\/infobae\/B2K63FQ2RQ4ERWVCDAGOSX2VXI.jpg 1440w\">Javier Milei, el candidato presidencial de la coalici\u00f3n La Libertad Avanza, festejando su victoria<\/p>\n\n\n\n<p><strong>-Vamos a hablar un poco tambi\u00e9n de la pol\u00edtica electoral del \u00e1mbito de la oposici\u00f3n. Le pido un comentario sobre el fen\u00f3meno Milei. \u00bfQu\u00e9 representa para usted Javier Milei?<\/strong><\/p>\n\n\n\n<p>-Sigo pensando que los pueblos no se equivocan. Lo dije cuando nos iba bien y lo dije cuando nos iba mal. Particularmente, como peronista, tengo que mirar votos que tienen nuestra identidad y que votaron a Milei. Pongo el ejemplo del Cuartel V de Moreno, donde hab\u00edamos alcanzado el 70% en el a\u00f1o 2019 con la f\u00f3rmula Fern\u00e1ndez-Fern\u00e1ndez, y ahora tuvimos el 40%. Y Juntos por el Cambio hab\u00eda sacado 18 y ahora sac\u00f3 13. Milei sac\u00f3 26. Nos sac\u00f3 m\u00e1s a nosotros que a Juntos por el Cambio y ah\u00ed es donde siento que las pol\u00edticas nuestras tienen que llegar. Esa decisi\u00f3n que ha tomado ahora el ministro tienen como destinatario los m\u00faltiples Cuartel V de Moreno. Porque el hambre no espera, no puede esperar.<\/p>\n\n\n\n<p><strong>-\u00bfAhora traduce este fen\u00f3meno como una cuesti\u00f3n de que la gente econ\u00f3micamente est\u00e1 en una mala situaci\u00f3n o hay otra cuesti\u00f3n tambi\u00e9n?<\/strong><\/p>\n\n\n\n<p>Hay sectores que est\u00e1n en una mala posici\u00f3n, en mala situaci\u00f3n -y eso me interpela- y hay sectores que est\u00e1n mejor. En esta misma ciudad de Buenos Aires vemos esa complejidad: los restaurantes trabajan a full, los de clase media, los de clase alta y, sin embargo, hay un sector de la poblaci\u00f3n que no la est\u00e1 pasando bien. Hay cosas que se habr\u00e1n hecho bien en el Gobierno y hay cosas pol\u00edticas que no han llegado a donde ten\u00edan que llegar.<\/p>\n\n\n\n<p><strong>-Me interesa el razonamiento este de que hay mucho voto de mire que era voto peronista, qu\u00e9 le pas\u00f3 a ese voto peronista para irse de Uni\u00f3n por Todos?<\/strong><\/p>\n\n\n\n<p>-Que no vivi\u00f3 mejor que antes. Hay 11 millones de personas que no fueron a votar, de los cuales quiz\u00e1s la mayor\u00eda son personas que antes nos hab\u00edan votado a nosotros. El desaf\u00edo est\u00e1 en ir a buscar a esas personas, pero no es que la voy a buscar y la traigo. Mostrarles que podemos, mostrar que van a vivir mejor, de esos es que yo siento la interpelaci\u00f3n. No me interesa salir a denostar a la persona del candidato Milei, eso no sirve. Sirve saber este d\u00f3nde estuvo mal lo m\u00edo, porque tengo vocaci\u00f3n mayoritaria, no tengo vocaci\u00f3n de lamentarme y ponerme a llorar y no resolver el problema. Los peronistas tenemos la obligaci\u00f3n de resolver los problemas, no de llorar y lamentarlo.<\/p>\n\n\n\n<p><strong>-En general lo que hay es mucha cr\u00edtica a la figura de Javier Milei y a lo que est\u00e1 proponiendo.<\/strong><\/p>\n\n\n\n<p>Sinceramente, las propuestas de Javier Milei las discuto. La persona no la voy a discutir. Sobre las propuestas, \u00e9l plantea generar un voucher para cada persona que quiere ir a la escuela. Yo creo en la Ley 1.420 de Domingo Faustino Sarmiento -yo, peronista- que es la educaci\u00f3n p\u00fablica obligatoria e igualitaria. La virtud que tuvo Sarmiento. con el cual tengo muchas diferencias en otros temas, pero esa ley 1420 es un orgullo de la Argentina ante el mundo. Hasta ponernos el guardapolvo blanco para igualar socialmente a las personas, para que la escuela sea un lugar de encuentro entre familias que ven\u00edan de distintos lugares del mundo y en esa escuela p\u00fablica se encontraban para construir la argentinidad. Eso es lo que nos hizo llegar hasta hoy: la Argentina es famosa por \u201cM\u2019hijo el dotor\u201d, por la movilidad social ascendente, ese es el orgullo. Y esto se hizo con la escuela p\u00fablica, no con la escuela voucher. Y hago una cr\u00edtica: no es justo tambi\u00e9n que la escuela p\u00fablica tenga menos d\u00edas de clase que la escuela privada.<\/p>\n\n\n\n<p><img decoding=\"async\" loading=\"lazy\" alt=\"Axel Kicillof y Roberto Baradel\" height=\"1080\" width=\"1920\" src=\"https:\/\/www.infobae.com\/new-resizer\/x9VxRq9qee6eDbp0Ns_Zy9ZEFu0=\/arc-anglerfish-arc2-prod-infobae\/public\/KXT7BVUKV5AWXAF57L4FUNMJXI.jpg\" srcset=\"https:\/\/www.infobae.com\/new-resizer\/T5dShxUnx8Fguz_L2X3jJh8kLco=\/420x236\/filters:format(webp):quality(85)\/cloudfront-us-east-1.images.arcpublishing.com\/infobae\/KXT7BVUKV5AWXAF57L4FUNMJXI.jpg 420w,https:\/\/www.infobae.com\/new-resizer\/iLPNqEJwoMqLljBwpYSfriUXjmA=\/768x432\/filters:format(webp):quality(85)\/cloudfront-us-east-1.images.arcpublishing.com\/infobae\/KXT7BVUKV5AWXAF57L4FUNMJXI.jpg 768w,https:\/\/www.infobae.com\/new-resizer\/29N4YeO5_iyAX7ukabxWYYHkmB4=\/992x558\/filters:format(webp):quality(85)\/cloudfront-us-east-1.images.arcpublishing.com\/infobae\/KXT7BVUKV5AWXAF57L4FUNMJXI.jpg 992w,https:\/\/www.infobae.com\/new-resizer\/utg_EP7lL_U0Bvq2tiTCBYvkXMg=\/1200x675\/filters:format(webp):quality(85)\/cloudfront-us-east-1.images.arcpublishing.com\/infobae\/KXT7BVUKV5AWXAF57L4FUNMJXI.jpg 1200w,https:\/\/www.infobae.com\/new-resizer\/jBa5Xykh3875bMBGaOLH0bBOgFw=\/1440x810\/filters:format(webp):quality(85)\/cloudfront-us-east-1.images.arcpublishing.com\/infobae\/KXT7BVUKV5AWXAF57L4FUNMJXI.jpg 1440w\">Axel Kicillof y Roberto Baradel<\/p>\n\n\n\n<p><strong>-A ese punto iba, porque los que hacen paro no son de Milei ni de Juntos por el Cambio. Son todos peronistas. Baradel hace campa\u00f1a con Kicillof.<\/strong><\/p>\n\n\n\n<p>Pero Baradel no hizo paro ahora. \u00bfSabe por qu\u00e9? \u00c9l Estado, los que gobiernan, no puede esperar a febrero para resolver la cuesti\u00f3n salarial de los docentes, deber\u00edan resolverlo en diciembre, porque no es justo que lleven hasta el \u00faltimo d\u00eda para ver si los docentes empiezan las clases o no empiezan las clases. Es responsabilidad del gobernante tratar de resolver los temas aqu\u00ed y ahora. Para m\u00ed la paritaria docente deber\u00eda hacerse en diciembre y en enero, para tener respeto a la escuela p\u00fablica. Esta es una visi\u00f3n m\u00eda y la digo p\u00fablicamente porque creo que es lo que tiene que hacer. Creo en la escuela p\u00fablica, soy egresado de la universidad p\u00fablica y tengo orgullo de que los cinco premios Nobel salieron de mi universidad, uno de ellos de mi facultad de la Universidad de Buenos Aires.<\/p>\n\n\n\n<p><strong>-\u00bfPero el peronismo no descuid\u00f3 el Estado, la calidad de los servicios que presta?<\/strong><\/p>\n\n\n\n<p>Pero no tengo dudas que se ha descuidado el Estado, pero no significa que yo no crea que el Estado es el nivelador social en la Argentina, para eso est\u00e1 el Estado. Me acuerdo de una gran definici\u00f3n desde la pr\u00e1ctica no de la teor\u00eda daba el presidente Lula en alg\u00fan reportaje que le escuche. Dec\u00eda que el Estado era para \u00e9l como su mam\u00e1. \u00c9l era el noveno hijo y dice \u201cyo pod\u00eda llegar a comer almuerzo y cena porque mi mam\u00e1 interced\u00eda, porque sino mis hermanos mayores se llevaban la comida\u201d. El Estado tiene esa funci\u00f3n de que los m\u00e1s vulnerables, los m\u00e1s d\u00e9biles, tengan el mismo nivel de posibilidades que los que m\u00e1s pueden. Eso lo da la escuela p\u00fablica. Esa es una discrepancia que tengo con el candidato a presidente Milei.<\/p>\n\n\n\n<p>Y otra discrepancia es que creo que los \u00f3rganos no se venden. Tengo orgullo de la creaci\u00f3n del INCUCAI, de la Ley de Trasplante que se hizo all\u00e1 por el a\u00f1o 97 98. Recuerdo haber generado una publicidad con ese orgullo \u201cno se lleve sus \u00f3rganos, en el cielo saben que ac\u00e1 son necesario\u201d. Uno de los organismos que m\u00e1s y mejor funcionan del Estado es el INCUCAI \u00bfc\u00f3mo lo vamos a romper por el libre juego la oferta y la demanda? \u00bfQui\u00e9n va a donar? \u00bfQui\u00e9n va a vender los \u00f3rganos?<\/p>\n\n\n\n<p><strong>-Ya Milei dijo que esa era una cuesti\u00f3n te\u00f3rica y no ten\u00eda nada que ver con sus ideas de gobierno.<\/strong><\/p>\n\n\n\n<p>Es un concepto que se dijo. Es un concepto trasladable a otras situaciones.<\/p>\n\n\n\n<p><strong>-Le pido una opini\u00f3n ante la decisi\u00f3n de Patricia Bullrich de nombrar a Melconian como su ministro de Econom\u00eda, si llega a la Presidencia. \u00bfQu\u00e9 le parece?<\/strong><\/p>\n\n\n\n<p>Patricia Bullrich est\u00e1 tercerizando el Ministerio de Econom\u00eda, porque lo que ella ven\u00eda hablando no tiene nada que ver con lo que ven\u00eda planteando Melconian. Es como un cambio a lo que ella ven\u00eda predicando hasta ahora. Es una decisi\u00f3n de ella. De Melconian no comparto su idea respecto del Estado, de un Estado m\u00ednimo, pero le valoro que Melconian tiene potrero. Y a veces, tener potrero en la pol\u00edtica es muy importante. Tener sensibilidad humana. Los trabajadores del Banco Naci\u00f3n me hablaron bien de Melconian, cuando estuvo al frente del Banco. Para m\u00ed, un ministro que respeta a los trabajadores es una persona que yo respeto, porque respeto mucho el derecho del trabajador. El problema de Melconian es que es hincha de Racing.<\/p>\n\n\n\n<p><strong>-\u00bfEl pa\u00eds se corri\u00f3 a la derecha?<\/strong><\/p>\n\n\n\n<p>A la izquierda seguro que no.<\/p>\n\n\n\n<p><strong>-\u00bfCree que al papa Francisco lo tratan bien en la Argentina?<\/strong><\/p>\n\n\n\n<p>Hay una encuesta que hace una consultora mexicana internacional que mide toda Am\u00e9rica Latina. Y el papa Francisco sali\u00f3 el hombre m\u00e1s querido de Am\u00e9rica Latina. Inclusive en Argentina tuvo una gran recepci\u00f3n positiva. Las bases lo aman al Papa. A los que les molesta el discurso del Papa es a los poderosos, no quiere decir eso que en la Argentina no lo quieran. Muchos de esos poderosos escriben en los medios y dan una imagen de que el Papa no ser\u00eda querido. Pero en las bases sociales de todos los barrios, de la ciudad de Buenos Aires para darle un marco, Francisco es muy querido, muy amado y ojal\u00e1 que venga. Una de las frustraciones que tengo de mi vida es cuando fui embajador en el Vaticano no haber venido con \u00e9l a Buenos Aires.<\/p>\n\n\n\n<p><img decoding=\"async\" loading=\"lazy\" alt=\"Tiempos de embajador. En el Vaticano, Vald\u00e9s, Cristina Kirchner y el papa Francisco.\" height=\"890\" width=\"1583\" src=\"https:\/\/www.infobae.com\/new-resizer\/3Si-L4av4S1N_D9adYcTHaemwwk=\/arc-anglerfish-arc2-prod-infobae\/public\/CJTVKF7CDZFXZCAVMNFKP2VE2E\" srcset=\"https:\/\/www.infobae.com\/new-resizer\/-veHSXER0T0sIUeiGj2U969na5w=\/420x236\/filters:format(webp):quality(85)\/arc-anglerfish-arc2-prod-infobae.s3.amazonaws.com\/public\/CJTVKF7CDZFXZCAVMNFKP2VE2E 420w,https:\/\/www.infobae.com\/new-resizer\/_-w9B5vvEshwC2zo9P8fWLj3qBo=\/768x432\/filters:format(webp):quality(85)\/arc-anglerfish-arc2-prod-infobae.s3.amazonaws.com\/public\/CJTVKF7CDZFXZCAVMNFKP2VE2E 768w,https:\/\/www.infobae.com\/new-resizer\/T20MvPG7G1O0pqOSMDHttcOO3zc=\/992x558\/filters:format(webp):quality(85)\/arc-anglerfish-arc2-prod-infobae.s3.amazonaws.com\/public\/CJTVKF7CDZFXZCAVMNFKP2VE2E 992w,https:\/\/www.infobae.com\/new-resizer\/eyzMwvphg3OWrxLFvuz_A73AHuU=\/1200x675\/filters:format(webp):quality(85)\/arc-anglerfish-arc2-prod-infobae.s3.amazonaws.com\/public\/CJTVKF7CDZFXZCAVMNFKP2VE2E 1200w,https:\/\/www.infobae.com\/new-resizer\/tA-3R5h1GJ6KMfGorZVILUPSbCY=\/1440x810\/filters:format(webp):quality(85)\/arc-anglerfish-arc2-prod-infobae.s3.amazonaws.com\/public\/CJTVKF7CDZFXZCAVMNFKP2VE2E 1440w\">Tiempos de embajador. En el Vaticano, Vald\u00e9s, Cristina Kirchner y el papa Francisco.<\/p>\n\n\n\n<p><strong>-\u00bfY por qu\u00e9 no viene?<\/strong><\/p>\n\n\n\n<p>Son decisiones que toma el Pont\u00edfice y la Iglesia en los momentos y en las oportunidades. So\u00f1aba con ese momento. Ojal\u00e1 que el a\u00f1o que viene -gobierne quien gobierne- el Papa venga, porque si viene es s\u00edmbolo de unidad entre los que piensan distinto, s\u00edmbolo de amor entre los que no se quieren. Yo de Francisco me toc\u00f3 ser parte estando yo de embajador en el Vaticano ver c\u00f3mo \u00e9l lograba el pedido que le hizo Obama de abrir las embajadas de Cuba y de Estados Unidos. Lo hizo en seis meses, algo impensable y ver que eso se pudo hacer. Despu\u00e9s vino Trump y rompi\u00f3 todo, pero no fue por lo que hab\u00eda hecho Francisco. Se meti\u00f3, puso el cuerpo para lograr la pacificaci\u00f3n en Colombia. Sinceramente, creo que los argentinos tenemos que valorar que tenemos un santo en el mundo. Hoy es el&nbsp;<em>primus inter pares<\/em>&nbsp;en la humanidad.<\/p>\n\n\n\n<p>Si el mundo no se corri\u00f3 amurallado, separ\u00e1ndonos los unos a los otros es gracias a la palabra p\u00fablica de Francisco. Ambiciono eso. De la palabra de Francisco para la Argentina lo que no nos puede ganar es la cultura del descarte: descartar a los j\u00f3venes, descartar a los viejos. Esos planes econ\u00f3micos que descartan a un sector de la sociedad es lo que tenemos que impedir. En eso tomar\u00eda Francisco para Melconian, para Milei, para Vald\u00e9s, para Massa.<\/p>\n\n\n\n<p><strong>-Usted es diputado por la Ciudad de Buenos Aires. Estamos tambi\u00e9n en plena batalla electoral, con Jorge Macri liderando los sondeos. \u00bfQu\u00e9 piensa? \u00bfEst\u00e1 mejor o peor?<\/strong><\/p>\n\n\n\n<p>Hay un sector muy importante de la poblaci\u00f3n que piensa as\u00ed, pero hay otro sector, el que no piensa esa manera, que ser\u00e1 la mitad de la poblaci\u00f3n, siente que el sur de la ciudad no es igual al norte, el sur de la ciudad no es igual al norte. La cultura de agencia inmobiliaria, de vender las tierras p\u00fablicas para hacer grandes torres que encarecen vivir en la ciudad de Buenos Aires creo que est\u00e1 llegando a su fin. Vi la lucha para que no se vendan las tierras de Costa Salguero del r\u00edo, que la vista al r\u00edo sea una posibilidad para todos los vecinos de la ciudad. Fue una lucha muy importante: se consiguieron firmas impensadas, la Sociedad Central de Arquitectos de la ciudad de Buenos Aires. Todo eso est\u00e1 llegando a su fin. Leandro Santoro y B\u00e1rbara Rossen -casualmente la arquitecta que llev\u00f3 adelante la lucha esa- es una gran oportunidad para plebiscitar la ciudad de Buenos Aires. Estos 16 a\u00f1os de macrismo o hay otra opci\u00f3n.<\/p>\n\n\n\n<p>Leandro Santoro siempre me ense\u00f1a que esto es cultural m\u00e1s que pol\u00edtico. Siento que est\u00e1 creciendo la cultura de valorar el espacio p\u00fablico, la escuela p\u00fablica. Una cr\u00edtica que le har\u00eda hoy es la educaci\u00f3n especial, un tema donde los m\u00e1s vulnerables la escuela p\u00fablica de la ciudad los integraba hasta los 30 a\u00f1os de edad, pero han sacado una resoluci\u00f3n a principios de este a\u00f1o que a los 21 tienen que dejar la escuela y no ha creado los lugares de aprendizaje del oficio para esas personas que vuelven a encerrarse en sus casas. Estas cosas tienen que cambiar en la ciudad y le tengo mucha confianza a Leandro Santoro.<\/p>\n\n\n\n<p><strong>-\u00bfQu\u00e9 le dir\u00eda a los peronistas? \u00bfSe puede ganar?<\/strong><\/p>\n\n\n\n<p>Si no se pudiera ganar, Eduardo Vald\u00e9s no estar\u00eda con usted ac\u00e1 construyendo esperanza, construyendo la posibilidad de que la hemos pasado mal, pero nosotros los peronistas tenemos historia detr\u00e1s de que han vivido mucho mejor la poblaci\u00f3n argentina con las pol\u00edticas p\u00fablicas que hemos llevado adelante en su momento. No hemos renegado de esas pol\u00edticas y creo que Sergio Massa las est\u00e1 planteando y la va a concretar.<\/p>\n\n\n\n<p>Fuente: Infobae<\/p>\n","protected":false},"excerpt":{"rendered":"<div class=\"mh-excerpt\"><p>El diputado nacional y presidente de la Comisi\u00f3n de Relaciones Exteriores de la C\u00e1mara baja,&nbsp;Eduardo Vald\u00e9s, critic\u00f3 las ideas que plante\u00f3&nbsp;Javier Milei,&nbsp;admiti\u00f3 que muchos peronistas terminaron votando al candidato libertario en las PASO y se refiri\u00f3 de manera cr\u00edtica al anuncio que hizo&nbsp;Patricia Bullrich&nbsp;de que&nbsp;Carlos Melconian&nbsp;ser\u00e1 su ministro de Econom\u00eda en caso de llegar a la Presidencia de la Naci\u00f3n. En una entrevista con&nbsp;Infobae, el dirigente de Uni\u00f3n por la Patria asegur\u00f3 que \u201cPatricia Bullrich est\u00e1 tercerizando el Ministerio de Econom\u00eda, porque lo que ella ven\u00eda hablando no tiene nada que ver con lo que ven\u00eda planteando&nbsp;Carlos Melconian\u201d. De todos <a class=\"mh-excerpt-more\" href=\"http:\/\/dsrmedios.com.ar\/diario\/archivos\/39048\" title=\"Eduardo Vald\u00e9s critic\u00f3 las ideas de Javier Milei y dijo que Patricia Bullrich \u201cterceriz\u00f3 el Ministerio de Econom\u00eda\u201d\">[Leer m\u00e1s]<\/a><\/p>\n<\/div>","protected":false},"author":8,"featured_media":39049,"comment_status":"open","ping_status":"closed","sticky":false,"template":"","format":"standard","meta":{"_jetpack_newsletter_access":""},"categories":[6],"tags":[],"jetpack_featured_media_url":"http:\/\/dsrmedios.com.ar\/diario\/wp-content\/uploads\/2023\/09\/images-52.jpg","jetpack_sharing_enabled":true,"jetpack_shortlink":"https:\/\/wp.me\/p9fihK-a9O","_links":{"self":[{"href":"http:\/\/dsrmedios.com.ar\/diario\/wp-json\/wp\/v2\/posts\/39048"}],"collection":[{"href":"http:\/\/dsrmedios.com.ar\/diario\/wp-json\/wp\/v2\/posts"}],"about":[{"href":"http:\/\/dsrmedios.com.ar\/diario\/wp-json\/wp\/v2\/types\/post"}],"author":[{"embeddable":true,"href":"http:\/\/dsrmedios.com.ar\/diario\/wp-json\/wp\/v2\/users\/8"}],"replies":[{"embeddable":true,"href":"http:\/\/dsrmedios.com.ar\/diario\/wp-json\/wp\/v2\/comments?post=39048"}],"version-history":[{"count":1,"href":"http:\/\/dsrmedios.com.ar\/diario\/wp-json\/wp\/v2\/posts\/39048\/revisions"}],"predecessor-version":[{"id":39050,"href":"http:\/\/dsrmedios.com.ar\/diario\/wp-json\/wp\/v2\/posts\/39048\/revisions\/39050"}],"wp:featuredmedia":[{"embeddable":true,"href":"http:\/\/dsrmedios.com.ar\/diario\/wp-json\/wp\/v2\/media\/39049"}],"wp:attachment":[{"href":"http:\/\/dsrmedios.com.ar\/diario\/wp-json\/wp\/v2\/media?parent=39048"}],"wp:term":[{"taxonomy":"category","embeddable":true,"href":"http:\/\/dsrmedios.com.ar\/diario\/wp-json\/wp\/v2\/categories?post=39048"},{"taxonomy":"post_tag","embeddable":true,"href":"http:\/\/dsrmedios.com.ar\/diario\/wp-json\/wp\/v2\/tags?post=39048"}],"curies":[{"name":"wp","href":"https:\/\/api.w.org\/{rel}","templated":true}]}}