{"id":39045,"date":"2023-09-02T12:17:41","date_gmt":"2023-09-02T15:17:41","guid":{"rendered":"http:\/\/dsrmedios.com.ar\/diario\/?p=39045"},"modified":"2023-09-02T12:17:45","modified_gmt":"2023-09-02T15:17:45","slug":"todavia-en-silencio-la-dirigencia-peronista-prepara-el-desembarco-en-la-campana-para-apoyar-a-massa","status":"publish","type":"post","link":"http:\/\/dsrmedios.com.ar\/diario\/archivos\/39045","title":{"rendered":"Todav\u00eda en silencio, la dirigencia peronista prepara el desembarco en la campa\u00f1a para apoyar a Massa"},"content":{"rendered":"\n<p>Pasaron 20 d\u00edas desde que&nbsp;<strong>Uni\u00f3n por la Patria (UP)<\/strong>&nbsp;qued\u00f3 tercero en las&nbsp;<strong>PASO<\/strong>&nbsp;presidenciales. En ese tiempo hubo un&nbsp;<strong>extenso silencio<\/strong>&nbsp;de la mayor parte de la dirigencia del peronismo. De la primera l\u00ednea, Alberto Fern\u00e1ndez reapareci\u00f3 hace un pu\u00f1ado de d\u00edas y Cristina Kirchner se sumergi\u00f3 en el m\u00e1s profundo silencio. Sindicalistas, intendentes, ministros, gobernadores y legisladores no hablaron m\u00e1s.<\/p>\n\n\n\n<figure class=\"wp-block-image\"><img decoding=\"async\" src=\"https:\/\/www.infobae.com\/new-resizer\/pb-X9idK9Zb3vq1-N3YjV4_Shlk=\/filters:format(webp):quality(85)\/cloudfront-us-east-1.images.arcpublishing.com\/infobae\/GIOF6E4IPVHRVK4ND3OI3WUVXQ.jpeg\" alt=\"\"\/><\/figure>\n\n\n\n<p><strong>M\u00e1ximo Kirchner<\/strong>, primer candidato a diputado nacional por Buenos Aires y presidente del PJ Bonaerense, no se expresa en p\u00fablico desde la campa\u00f1a previa a las elecciones primarias.&nbsp;<strong>Eduardo \u201cWado\u201d de Pedro<\/strong>, ministro del Interior y jefe de campa\u00f1a de Sergio Massa, reapareci\u00f3 hace una semana en un acto del Frente Renovador y el \u00faltimo mi\u00e9rcoles respald\u00f3 las medidas que el ministro de Econom\u00eda anunci\u00f3 el domingo.<\/p>\n\n\n\n<p>Los movimientos de los principales referentes del oficialismo fueron lentos, inconclusos y extra\u00f1os. Todo a cuentagotas. Las acciones del peronismo quedaron supeditadas a la figura de Massa, que hizo una mixtura de gesti\u00f3n y campa\u00f1a en medios para dar luz verde a la polarizaci\u00f3n con Javier Milei.<strong>&nbsp;El segundo tramo de la campa\u00f1a estar\u00e1 dedicado a desarticular las propuestas del libertario.<\/strong><\/p>\n\n\n\n<p>Durante los d\u00edas que pasaron la dirigencia no salt\u00f3 al escenario pol\u00edtico y electoral a dar la batalla dial\u00e9ctica con la oposici\u00f3n. A contrarrestar los argumentos de Milei y Patricia Bullrich para aplicar las medidas que creen necesarias. Hubo un vac\u00edo. La centralidad fue absoluta de Massa. Pero fue en total soledad y en el medio de una compleja negociaci\u00f3n con el FMI para lograr el desembolso de u$s7.500 millones. Nadie puede explicar con claridad semejante silencio.<\/p>\n\n\n\n<p>Reci\u00e9n el \u00faltimo jueves por la noche, en la sede del PJ Nacional, el Jefe de Gabinete y candidato a vicepresidente,&nbsp;<strong>Agust\u00edn Rossi<\/strong>, encabez\u00f3 un acto en el que le habl\u00f3 a la militancia peronista de todo el pa\u00eds. Defendi\u00f3 la gesti\u00f3n de Alberto Fern\u00e1ndez, cuestion\u00f3 las propuestas de Milei y explic\u00f3 los principales lineamientos de las propuestas de campa\u00f1a de Uni\u00f3n por la Patria. Una primera se\u00f1al de movimiento. Un despertador.<\/p>\n\n\n\n<p><img decoding=\"async\" loading=\"lazy\" alt=\"El titular del sindicato de Camioneros, Pablo Moyano, pidi\u00f3 en dos oportunidades que la dirigencia peronista rompa el silencio (T\u00e9lam)\" height=\"1280\" width=\"1920\" src=\"https:\/\/www.infobae.com\/new-resizer\/pnxCN7v248TjsNKr1v3rGOGutwQ=\/arc-anglerfish-arc2-prod-infobae\/public\/KR3G4DI73ZCIXN53ZRXYSNHLCY.jpg\" srcset=\"https:\/\/www.infobae.com\/new-resizer\/uJqSVARK3iCVYZVeb2A0zrbLW7g=\/420x280\/filters:format(webp):quality(85)\/cloudfront-us-east-1.images.arcpublishing.com\/infobae\/KR3G4DI73ZCIXN53ZRXYSNHLCY.jpg 420w,https:\/\/www.infobae.com\/new-resizer\/KLylLbtnC-KqmLEbN3g_ms1G_nU=\/768x512\/filters:format(webp):quality(85)\/cloudfront-us-east-1.images.arcpublishing.com\/infobae\/KR3G4DI73ZCIXN53ZRXYSNHLCY.jpg 768w,https:\/\/www.infobae.com\/new-resizer\/suS4sQVHKzNE4Ak8CyjmfrPZl3g=\/992x661\/filters:format(webp):quality(85)\/cloudfront-us-east-1.images.arcpublishing.com\/infobae\/KR3G4DI73ZCIXN53ZRXYSNHLCY.jpg 992w,https:\/\/www.infobae.com\/new-resizer\/Dd5EuxfxUFONlrEbACNfBMKctao=\/1200x800\/filters:format(webp):quality(85)\/cloudfront-us-east-1.images.arcpublishing.com\/infobae\/KR3G4DI73ZCIXN53ZRXYSNHLCY.jpg 1200w,https:\/\/www.infobae.com\/new-resizer\/BpzyoelIYClglQx_35WjV5d-mIU=\/1440x960\/filters:format(webp):quality(85)\/cloudfront-us-east-1.images.arcpublishing.com\/infobae\/KR3G4DI73ZCIXN53ZRXYSNHLCY.jpg 1440w\">El titular del sindicato de Camioneros, Pablo Moyano, pidi\u00f3 en dos oportunidades que la dirigencia peronista rompa el silencio (T\u00e9lam)<\/p>\n\n\n\n<p>De a poco el peronismo se reacomodar\u00e1 y entrar\u00e1 en la din\u00e1mica electoral. Los obliga el calendario. En las usinas oficialistas hay quienes aseguran que la decisi\u00f3n de postergar el comienzo de la campa\u00f1a para septiembre fue atinada porque \u201cla gente no quiere escuchar m\u00e1s nada de las elecciones\u201d.<\/p>\n\n\n\n<p><\/p>\n\n\n\n<p>Entienden que el triunfo del candidato libertario expres\u00f3 el hartazgo de la pol\u00edtica, por lo que hubiese sido il\u00f3gico extender el clima de campa\u00f1a despu\u00e9s de las primarias. Otros, piensan lo contrario. Est\u00e1n convencidos de que era necesario salir a discutir las propuestas y las ideas.<\/p>\n\n\n\n<p>Uno de ellos es el titular del Sindicato de Camioneros,&nbsp;<strong>Pablo Moyano<\/strong>, que se quej\u00f3 dos veces por la falta de aparici\u00f3n de los principales nombres propios. \u201cDespu\u00e9s no lloremos cuando, si ganan estos tipos, te sacan la indemnizaci\u00f3n o te quedas sin laburo\u201d, asegur\u00f3.&nbsp;<strong>Lo que desnudan las declaraciones del sindicalistas es que a\u00fan no hay una estrategia consensuada entre los distintos sectores de UP<\/strong>.<\/p>\n\n\n\n<p>Tanto en el sindicalismo, como en los movimientos sociales y las intendencias coinciden en un punto respecto al segundo tramo de la campa\u00f1a:<strong>&nbsp;es necesario que haya mayor cercan\u00eda con el ciudadano<\/strong>. Hay que concretar, con mayor efectividad, el ejercicio de ir puerta por puerta en todos los barrios. Pero esta vez no solo pidiendo el voto, sino, sobre todo, escuchando a los vecinos.<\/p>\n\n\n\n<p><strong>\u201cHay que acompa\u00f1ar a la gente. Sentarse con ellos. Escucharlos. Charlar. Poner la cara y el cuerpo<\/strong>. Eso hace falta, m\u00e1s que pedir el voto. Hay que empatizar con una sociedad que est\u00e1 harta de los pol\u00edticos y no le alcanza la plata\u201d, analiz\u00f3 un dirigente peronista que integra la conducci\u00f3n de uno de los movimientos sociales m\u00e1s importantes del pa\u00eds.<\/p>\n\n\n\n<p>La campa\u00f1a de cercan\u00eda ya fue recomendada por el consultor catal\u00e1n Antoni Guti\u00e9rrez Rub\u00ed, que sigue trabajando en el b\u00fanker oficialista ubicado a pocos metros de la Casa Rosada y que empez\u00f3 a asesorar a los dirigentes que oficiar\u00e1n de voceros en los pr\u00f3ximos sesenta d\u00edas de campa\u00f1a.&nbsp;<strong>\u201cTendr\u00edamos que salir todos a la cancha. A militar la candidatura de Sergio. Y eso no est\u00e1 pasando\u201d<\/strong>, reflexion\u00f3 un importante funcionario nacional.<\/p>\n\n\n\n<p><img decoding=\"async\" loading=\"lazy\" alt=\"En el peronismo creen que es necesario que haya una campa\u00f1a de cercan\u00eda para empatizar con el electorado\" height=\"1064\" width=\"1600\" src=\"https:\/\/www.infobae.com\/new-resizer\/1Ag7-LjFNutN96LhHf-igLhJ_dE=\/arc-anglerfish-arc2-prod-infobae\/public\/IZKTJPUE6ZF7DKQOYLSELMBRPU.jpeg\" srcset=\"https:\/\/www.infobae.com\/new-resizer\/eEX6MTY2cZujJFqwN5H4QbwlxNA=\/420x280\/filters:format(webp):quality(85)\/cloudfront-us-east-1.images.arcpublishing.com\/infobae\/IZKTJPUE6ZF7DKQOYLSELMBRPU.jpeg 420w,https:\/\/www.infobae.com\/new-resizer\/KGR7v-hKBmrBw6uu8qRVFWWg1do=\/768x512\/filters:format(webp):quality(85)\/cloudfront-us-east-1.images.arcpublishing.com\/infobae\/IZKTJPUE6ZF7DKQOYLSELMBRPU.jpeg 768w,https:\/\/www.infobae.com\/new-resizer\/9wy2I78QEG4fOSdF9zlkm4tZPPg=\/992x661\/filters:format(webp):quality(85)\/cloudfront-us-east-1.images.arcpublishing.com\/infobae\/IZKTJPUE6ZF7DKQOYLSELMBRPU.jpeg 992w,https:\/\/www.infobae.com\/new-resizer\/0-iS_JUevKoMI0Mi1ryNKCM-zN4=\/1200x800\/filters:format(webp):quality(85)\/cloudfront-us-east-1.images.arcpublishing.com\/infobae\/IZKTJPUE6ZF7DKQOYLSELMBRPU.jpeg 1200w,https:\/\/www.infobae.com\/new-resizer\/IG8V5yT3Mp6dcECAJ34Bc41bFGc=\/1440x960\/filters:format(webp):quality(85)\/cloudfront-us-east-1.images.arcpublishing.com\/infobae\/IZKTJPUE6ZF7DKQOYLSELMBRPU.jpeg 1440w\">En el peronismo creen que es necesario que haya una campa\u00f1a de cercan\u00eda para empatizar con el electorado<\/p>\n\n\n\n<p>En el sector oficialista m\u00e1s distante del kirchnerismo aseguran que&nbsp;<strong>para la etapa que viene es primordial que Cristina y M\u00e1ximo Kirchner no est\u00e9n presentes en la campa\u00f1a.<\/strong>&nbsp;\u00bfEl motivo? Para buscar votantes que acompa\u00f1aron a Horacio Rodr\u00edguez Larreta y Juan Schiaretti, es importante reducir a la m\u00ednima expresi\u00f3n la identidad K. Adem\u00e1s, el electorado que responde a la Vicepresidenta est\u00e1 asegurado.<\/p>\n\n\n\n<p><strong>Esos votantes, muy distantes del kirchnerismo, puede ser importantes para la elecci\u00f3n general pero, sobre todo, para un eventual balotaje<\/strong>. Ese tipo de elector, entienden en el peronismo, se inclinar\u00eda por Massa en el caso de que la elecci\u00f3n se defina entre \u00e9l y el referente de la Libertad Avanza. Es un votante al que hay que persuadirlo y presentarle propuestas. Hay que cuidarlo. Es un trabajo fino.<\/p>\n\n\n\n<p>M\u00e1s all\u00e1 de las peceras donde ir a buscar los votos y la confrontaci\u00f3n decidida con Milei, al peronismo lo atraviesa una enorme preocupaci\u00f3n por el impacto real de la inflaci\u00f3n en el mensaje de la campa\u00f1a.&nbsp;<strong>\u201c\u00bfQu\u00e9 le decimos al tipo que no le alcanza la plata? \u00bfQu\u00e9 Milei ser\u00e1 peor que nosotros?\u201d<\/strong>, se pregunt\u00f3 un ministro del gabinete nacional.<\/p>\n\n\n\n<p>Hay una l\u00ednea muy delgada que divide la campa\u00f1a del miedo con la estrategia de desarticular las propuestas del libertario, contando cu\u00e1l ser\u00eda el efecto concreto en el caso de que se aplicaran. El temor que est\u00e1 instalado en el oficialismo es que ninguna de esas dos estrategias alcancen y las posibles dos cifras de la inflaci\u00f3n de agosto (que se conocer\u00e1 en septiembre) termine debilitando la candidatura de Massa.<\/p>\n\n\n\n<p><img decoding=\"async\" loading=\"lazy\" alt=\"En el oficialismo hay mucha preocupaci\u00f3n por el impacto de la inflaci\u00f3n en el segundo tramo de la campa\u00f1a (Adrian Escandar)\" height=\"1080\" width=\"1920\" src=\"https:\/\/www.infobae.com\/new-resizer\/Aog3NwjXeWkN7q34QGrbFruzMLQ=\/arc-anglerfish-arc2-prod-infobae\/public\/4POKS4UUCFAYNJB7AZPXL2HNDM.jpg\" srcset=\"https:\/\/www.infobae.com\/new-resizer\/_SMbr5Y1x8z20PENIUX3w2Id73Y=\/420x236\/filters:format(webp):quality(85)\/cloudfront-us-east-1.images.arcpublishing.com\/infobae\/4POKS4UUCFAYNJB7AZPXL2HNDM.jpg 420w,https:\/\/www.infobae.com\/new-resizer\/vwZknGyZeLu9FT46-xzcylzy_P8=\/768x432\/filters:format(webp):quality(85)\/cloudfront-us-east-1.images.arcpublishing.com\/infobae\/4POKS4UUCFAYNJB7AZPXL2HNDM.jpg 768w,https:\/\/www.infobae.com\/new-resizer\/jEMipMyHtKnXnhjBnvh4HfE6O0c=\/992x558\/filters:format(webp):quality(85)\/cloudfront-us-east-1.images.arcpublishing.com\/infobae\/4POKS4UUCFAYNJB7AZPXL2HNDM.jpg 992w,https:\/\/www.infobae.com\/new-resizer\/dQ3w2djX-jTemwG793fsYjZE9ec=\/1200x675\/filters:format(webp):quality(85)\/cloudfront-us-east-1.images.arcpublishing.com\/infobae\/4POKS4UUCFAYNJB7AZPXL2HNDM.jpg 1200w,https:\/\/www.infobae.com\/new-resizer\/lD7k0V0dtEa8QI4_2YpYq6anujs=\/1440x810\/filters:format(webp):quality(85)\/cloudfront-us-east-1.images.arcpublishing.com\/infobae\/4POKS4UUCFAYNJB7AZPXL2HNDM.jpg 1440w\">En el oficialismo hay mucha preocupaci\u00f3n por el impacto de la inflaci\u00f3n en el segundo tramo de la campa\u00f1a (Adrian Escandar)<\/p>\n\n\n\n<p>Seg\u00fan los primeros n\u00fameros que recibieron en el b\u00fanker, las posibilidades de que Patricia Bullrich logre pasar al balotaje son pocas. En el peronismo las atribuyen a que el libertario absorbe la necesidad del cambio, el enojo y la juventud. Los tres estandartes de los casi 30 puntos que Milei logr\u00f3 en las PASO y que le sirven de piso para so\u00f1ar con un triunfo en primera vuelta.<\/p>\n\n\n\n<p>\u00bfY si Bullrich empieza a escalar por el efecto negativo de la inflaci\u00f3n en la candidatura oficialista? En Uni\u00f3n por la Patria est\u00e1n convencidos que ese movimiento de votos es imposible.&nbsp;<strong>\u201cSi un voto nuestro migrara a la oposici\u00f3n, ser\u00eda a Milei. Ah\u00ed el riesgo real que corremos es que Bullrich se desinfle demasiado y \u00e9l logre un batacazo en la primera vuelta\u201d<\/strong>, fue la sentencia de un funcionario que recorre a menudo los pasillos del b\u00fanker.<\/p>\n\n\n\n<p>El segundo tramo de la campa\u00f1a se activar\u00e1 en pocos d\u00edas. El camino es muy largo. En todo el universo oficialista hacen la misma cuenta. Estiman que no hay posibilidades de ganar la elecci\u00f3n general pero que estar\u00e1n en el balotaje.&nbsp;<strong>Deben asegurarse el segundo lugar. Esa es la misi\u00f3n esencial.<\/strong><\/p>\n\n\n\n<p>Lo que venga en la segunda vuelta es indescifrable. Depender\u00e1 del contexto y de la reacci\u00f3n de la gente en base a los protagonistas de la \u00faltima contienda electoral. De antemano, los pron\u00f3sticos no son buenos. Pero falta. Demasiado. Si hay algo que dejaron en claro las \u00faltimas elecciones es que no hay comportamientos lineales en el electorado. No hay sentencias ni sentenciados.<\/p>\n\n\n\n<p>Fuente: Infobae<\/p>\n","protected":false},"excerpt":{"rendered":"<div class=\"mh-excerpt\"><p>Pasaron 20 d\u00edas desde que&nbsp;Uni\u00f3n por la Patria (UP)&nbsp;qued\u00f3 tercero en las&nbsp;PASO&nbsp;presidenciales. En ese tiempo hubo un&nbsp;extenso silencio&nbsp;de la mayor parte de la dirigencia del peronismo. De la primera l\u00ednea, Alberto Fern\u00e1ndez reapareci\u00f3 hace un pu\u00f1ado de d\u00edas y Cristina Kirchner se sumergi\u00f3 en el m\u00e1s profundo silencio. Sindicalistas, intendentes, ministros, gobernadores y legisladores no hablaron m\u00e1s. M\u00e1ximo Kirchner, primer candidato a diputado nacional por Buenos Aires y presidente del PJ Bonaerense, no se expresa en p\u00fablico desde la campa\u00f1a previa a las elecciones primarias.&nbsp;Eduardo \u201cWado\u201d de Pedro, ministro del Interior y jefe de campa\u00f1a de Sergio Massa, reapareci\u00f3 hace <a class=\"mh-excerpt-more\" href=\"http:\/\/dsrmedios.com.ar\/diario\/archivos\/39045\" title=\"Todav\u00eda en silencio, la dirigencia peronista prepara el desembarco en la campa\u00f1a para apoyar a Massa\">[Leer m\u00e1s]<\/a><\/p>\n<\/div>","protected":false},"author":8,"featured_media":39046,"comment_status":"open","ping_status":"closed","sticky":false,"template":"","format":"standard","meta":{"_jetpack_newsletter_access":""},"categories":[6],"tags":[],"jetpack_featured_media_url":"http:\/\/dsrmedios.com.ar\/diario\/wp-content\/uploads\/2023\/09\/images-51.jpg","jetpack_sharing_enabled":true,"jetpack_shortlink":"https:\/\/wp.me\/p9fihK-a9L","_links":{"self":[{"href":"http:\/\/dsrmedios.com.ar\/diario\/wp-json\/wp\/v2\/posts\/39045"}],"collection":[{"href":"http:\/\/dsrmedios.com.ar\/diario\/wp-json\/wp\/v2\/posts"}],"about":[{"href":"http:\/\/dsrmedios.com.ar\/diario\/wp-json\/wp\/v2\/types\/post"}],"author":[{"embeddable":true,"href":"http:\/\/dsrmedios.com.ar\/diario\/wp-json\/wp\/v2\/users\/8"}],"replies":[{"embeddable":true,"href":"http:\/\/dsrmedios.com.ar\/diario\/wp-json\/wp\/v2\/comments?post=39045"}],"version-history":[{"count":1,"href":"http:\/\/dsrmedios.com.ar\/diario\/wp-json\/wp\/v2\/posts\/39045\/revisions"}],"predecessor-version":[{"id":39047,"href":"http:\/\/dsrmedios.com.ar\/diario\/wp-json\/wp\/v2\/posts\/39045\/revisions\/39047"}],"wp:featuredmedia":[{"embeddable":true,"href":"http:\/\/dsrmedios.com.ar\/diario\/wp-json\/wp\/v2\/media\/39046"}],"wp:attachment":[{"href":"http:\/\/dsrmedios.com.ar\/diario\/wp-json\/wp\/v2\/media?parent=39045"}],"wp:term":[{"taxonomy":"category","embeddable":true,"href":"http:\/\/dsrmedios.com.ar\/diario\/wp-json\/wp\/v2\/categories?post=39045"},{"taxonomy":"post_tag","embeddable":true,"href":"http:\/\/dsrmedios.com.ar\/diario\/wp-json\/wp\/v2\/tags?post=39045"}],"curies":[{"name":"wp","href":"https:\/\/api.w.org\/{rel}","templated":true}]}}