{"id":39039,"date":"2023-09-02T12:12:52","date_gmt":"2023-09-02T15:12:52","guid":{"rendered":"http:\/\/dsrmedios.com.ar\/diario\/?p=39039"},"modified":"2023-09-02T12:12:55","modified_gmt":"2023-09-02T15:12:55","slug":"el-detalle-en-la-publicacion-de-la-lista-de-francia-que-genero-la-respuesta-de-los-fanaticos-argentinos","status":"publish","type":"post","link":"http:\/\/dsrmedios.com.ar\/diario\/archivos\/39039","title":{"rendered":"El detalle en la publicaci\u00f3n de la lista de Francia que gener\u00f3 la respuesta de los fan\u00e1ticos argentinos"},"content":{"rendered":"\n<p>La final de la \u00faltima Copa del Mundo todav\u00eda est\u00e1 fresca, sobre todo en Sudam\u00e9rica y m\u00e1s precisamente en Argentina, que en los pr\u00f3ximos d\u00edas comenzar\u00e1 a transitar la clasificatoria para el siguiente Mundial. Lo mismo ocurrir\u00e1 con&nbsp;<strong>Francia<\/strong>, que acaba de publicar su lista de convocados para afrontar los duelos contra Irlanda y Alemania, en la doble Fecha FIFA. Un detalle en la imagen de la citaci\u00f3n de Didier Deschamps no fue pasada por alto por los fan\u00e1ticos argentinos.<\/p>\n\n\n\n<p><a href=\"https:\/\/www.infobae.com\/deportes\/2023\/09\/02\/dos-minutos-de-posesion-34-pases-asistencia-de-haaland-y-definicion-de-julian-alvarez-el-golazo-del-manchester-city-ante-fulham\/\" target=\"_blank\" rel=\"noreferrer noopener\"><\/a><\/p>\n\n\n\n<figure class=\"wp-block-image\"><a href=\"https:\/\/www.infobae.com\/deportes\/2023\/09\/02\/dos-minutos-de-posesion-34-pases-asistencia-de-haaland-y-definicion-de-julian-alvarez-el-golazo-del-manchester-city-ante-fulham\/\" target=\"_blank\" rel=\"noreferrer noopener\"><img decoding=\"async\" src=\"https:\/\/www.infobae.com\/new-resizer\/eWAvq2nVXR1kuObHBZti_BJhp9s=\/1200x630\/filters:format(webp):quality(85)\/cloudfront-us-east-1.images.arcpublishing.com\/infobae\/K62ZTZ2UWSZBSAR2WROCZYZKT4.jpg\" alt=\"Dos minutos de posesi\u00f3n, 34 pases, asistencia de Haaland y definici\u00f3n de Juli\u00e1n \u00c1lvarez: el golazo del Manchester City ante Fulham\"\/><\/a><\/figure>\n\n\n\n<p><a rel=\"noreferrer noopener\" href=\"https:\/\/www.infobae.com\/deportes\/2023\/09\/02\/dos-minutos-de-posesion-34-pases-asistencia-de-haaland-y-definicion-de-julian-alvarez-el-golazo-del-manchester-city-ante-fulham\/\" target=\"_blank\"><\/a><\/p>\n\n\n\n<p>Al lado de los 23 nombres llamados por el entrenador aparecen los futbolistas Lucas Hern\u00e1ndez, William Saliba, Eduardo Camavinga, Antoine Griezmann y Kylian Mbapp\u00e9, con la indumentaria que el ex campe\u00f3n del mundo utiliz\u00f3 en Qatar 2022. El logo de la pipa de la marca de la indumentaria, el gallo que caracteriza el escudo de la federaci\u00f3n francesa con las dos estrellas que simbolizan sus t\u00edtulos mundiales y&#8230;&nbsp;<strong>el parche dorado con la Copa del Mundo que suele usar el vigente campe\u00f3n<\/strong>.<\/p>\n\n\n\n<p>Este detalle hizo que muchos fan\u00e1ticos argentinos y hasta seguidores de Les Bleus comentaran el tuit en el que se public\u00f3 la lista. \u201cEl parche jajajaj no va mas gente, pasaron cosas en Qatar\u201d, \u201cQue hace el escudo de CAMPEON ah\u00ed??? O es un escudo de SUB-Campe\u00f3n??????\u201d, \u201cAlgo sobra en esta foto\u201d, \u201cF\u00edjense que les qued\u00f3 vieja la foto, el parchecito en el pecho lo pueden ir sacando\u201d y \u201cLo siento, pero esa insignia ya no te pertenece\u201d fueron algunos de las frases que fueron acompa\u00f1adas por im\u00e1genes con signos de interrogaci\u00f3n, c\u00edrculos en referencia al parche e im\u00e1genes de Messi con la Copa del Mundo para burlarse por el descuido.<\/p>\n\n\n\n<p>El equipo de Deschamps recibir\u00e1 a Irlanda en Parque de los Pr\u00edncipes, este jueves, en la que ser\u00e1 su quinta presentaci\u00f3n por el Grupo B de las Eliminatorias rumbo a la Eurocopa 2024. Por ahora, los franceses marchan l\u00edderes con 12 puntos sobre 12 en juego, en una zona que tambi\u00e9n est\u00e1 integrada por Grecia (6), Irlanda (3), Pa\u00edses Bajos (3) y Gibraltar (0). Los dos mejores se meter\u00e1n en la competici\u00f3n continental que defender\u00e1 el campe\u00f3n Italia en Alemania, el a\u00f1o que viene. Y justamente territorio germano pisar\u00e1n el pr\u00f3ximo martes, en un amistoso que se llevar\u00e1 a cabo en el estadio Signal Iduna Park de Dortmund.<\/p>\n\n\n\n<p><strong>LOS COMENTARIOS DE LOS FAN\u00c1TICOS<\/strong><\/p>\n\n\n\n<figure class=\"wp-block-image\"><img decoding=\"async\" src=\"https:\/\/www.infobae.com\/new-resizer\/okWaursfyApC84fT1_IAN_kZEMs=\/arc-anglerfish-arc2-prod-infobae\/public\/3UFDL72V7ZCEHKK6RYPSXLPSVI.jpg\" alt=\"infobae\"\/><\/figure>\n\n\n\n<figure class=\"wp-block-image\"><img decoding=\"async\" src=\"https:\/\/www.infobae.com\/new-resizer\/caW8XvgyDM_cHDU4gxXriyhpCvk=\/arc-anglerfish-arc2-prod-infobae\/public\/LGRHBXIMEFGEBHXZA3TZCAUJZE.jpg\" alt=\"infobae\"\/><\/figure>\n\n\n\n<figure class=\"wp-block-image\"><img decoding=\"async\" src=\"https:\/\/www.infobae.com\/new-resizer\/bDubzHIIHX4qrVgmtqYRyRuL7Tw=\/arc-anglerfish-arc2-prod-infobae\/public\/LVDJB6LY3FFXJNXMI4JXBPJZYM.jpg\" alt=\"infobae\"\/><\/figure>\n\n\n\n<figure class=\"wp-block-image\"><img decoding=\"async\" src=\"https:\/\/www.infobae.com\/new-resizer\/-K2E-ZgyQd3zNPoVmxCP_42befM=\/arc-anglerfish-arc2-prod-infobae\/public\/KCLGTNIKRJBQTO5XZ325VHLPJ4.jpg\" alt=\"infobae\"\/><\/figure>\n\n\n\n<figure class=\"wp-block-image\"><img decoding=\"async\" src=\"https:\/\/www.infobae.com\/new-resizer\/gKQfXhT2UdyGVKChyI7XdYI4ESw=\/arc-anglerfish-arc2-prod-infobae\/public\/CPAB3DFPMVAA7DVG4GMF7U5QRE.jpg\" alt=\"infobae\"\/><\/figure>\n\n\n\n<figure class=\"wp-block-image\"><img decoding=\"async\" src=\"https:\/\/www.infobae.com\/new-resizer\/luPCX42YqremAkJF5orsaVSCZVk=\/arc-anglerfish-arc2-prod-infobae\/public\/YTVDGVVLKNGMHHSDV2QTMB6T6Y.jpg\" alt=\"infobae\"\/><\/figure>\n\n\n\n<figure class=\"wp-block-image\"><img decoding=\"async\" src=\"https:\/\/www.infobae.com\/new-resizer\/6T5Ys64NpqPz3dDU15RfiMxfK-E=\/arc-anglerfish-arc2-prod-infobae\/public\/TE27SV37DNHITF2P5DOVYSARX4.jpg\" alt=\"infobae\"\/><\/figure>\n\n\n\n<figure class=\"wp-block-image\"><img decoding=\"async\" src=\"https:\/\/www.infobae.com\/new-resizer\/Og_UwAOewuk_8rvOXDM2t58O5pc=\/arc-anglerfish-arc2-prod-infobae\/public\/PQTKUVNKCFEXHBU7TYZGXEGSIE.jpg\" alt=\"infobae\"\/><\/figure>\n\n\n\n<figure class=\"wp-block-image\"><img decoding=\"async\" src=\"https:\/\/www.infobae.com\/new-resizer\/Yy7EeMnt7Plms94E4aXZkMlQ5u8=\/arc-anglerfish-arc2-prod-infobae\/public\/53SIYNQBJBBH7I65QJS5HKBBXA.jpg\" alt=\"infobae\"\/><\/figure>\n\n\n\n<figure class=\"wp-block-image\"><img decoding=\"async\" src=\"https:\/\/www.infobae.com\/new-resizer\/fg6AFhsKghKVQlW7dl28qEf7j8E=\/arc-anglerfish-arc2-prod-infobae\/public\/RAOXODJHZNEQTIIEJYSWDRLQTE.jpg\" alt=\"infobae\"\/><\/figure>\n\n\n\n<figure class=\"wp-block-image\"><img decoding=\"async\" src=\"https:\/\/www.infobae.com\/new-resizer\/Hxtf4fYj3qKo3qgTKtYcLvlxrjg=\/arc-anglerfish-arc2-prod-infobae\/public\/PEA76GDUS5DERNSUYHO5RT3GWE.jpg\" alt=\"infobae\"\/><\/figure>\n\n\n\n<p><strong>LA LISTA DE FRANCIA<\/strong><\/p>\n\n\n\n<p><strong>\u00b7 Arqueros:&nbsp;<\/strong>Brice Samba, Mike Maignan y Alphonse Areola<\/p>\n\n\n\n<p><strong>\u00b7 Defensores:<\/strong>&nbsp;Axel Disasi, Theo Hern\u00e1ndez, Dayot Upamecano, Ibrahima Konat\u00e9, Jules Kound\u00e9, Benjamin Pavard, William Saliba y Lucas Hern\u00e1ndez<\/p>\n\n\n\n<p><strong>\u00b7 Mediocampistas:&nbsp;<\/strong>Aur\u00e9lien Tchouam\u00e9ni, Adrien Rabiot, Youssouf Fofana, Eduardo Camavinga y Boubacar Kamara<\/p>\n\n\n\n<p><strong>\u00b7 Delanteros:\u00a0<\/strong>Kingsley Coman, Ousmane Demb\u00e9l\u00e9, Olivier Giroud, Antoine Griezmann, Randal Kolo Muani, Kylian Mbapp\u00e9 y Marcus Thuram<\/p>\n\n\n\n<p>Fuente: Infobae<\/p>\n","protected":false},"excerpt":{"rendered":"<div class=\"mh-excerpt\"><p>La final de la \u00faltima Copa del Mundo todav\u00eda est\u00e1 fresca, sobre todo en Sudam\u00e9rica y m\u00e1s precisamente en Argentina, que en los pr\u00f3ximos d\u00edas comenzar\u00e1 a transitar la clasificatoria para el siguiente Mundial. Lo mismo ocurrir\u00e1 con&nbsp;Francia, que acaba de publicar su lista de convocados para afrontar los duelos contra Irlanda y Alemania, en la doble Fecha FIFA. Un detalle en la imagen de la citaci\u00f3n de Didier Deschamps no fue pasada por alto por los fan\u00e1ticos argentinos. Al lado de los 23 nombres llamados por el entrenador aparecen los futbolistas Lucas Hern\u00e1ndez, William Saliba, Eduardo Camavinga, Antoine Griezmann <a class=\"mh-excerpt-more\" href=\"http:\/\/dsrmedios.com.ar\/diario\/archivos\/39039\" title=\"El detalle en la publicaci\u00f3n de la lista de Francia que gener\u00f3 la respuesta de los fan\u00e1ticos argentinos\">[Leer m\u00e1s]<\/a><\/p>\n<\/div>","protected":false},"author":8,"featured_media":39040,"comment_status":"open","ping_status":"closed","sticky":false,"template":"","format":"standard","meta":{"_jetpack_newsletter_access":""},"categories":[2],"tags":[],"jetpack_featured_media_url":"http:\/\/dsrmedios.com.ar\/diario\/wp-content\/uploads\/2023\/09\/bGg2TkHoA_1290x760__1.jpg","jetpack_sharing_enabled":true,"jetpack_shortlink":"https:\/\/wp.me\/p9fihK-a9F","_links":{"self":[{"href":"http:\/\/dsrmedios.com.ar\/diario\/wp-json\/wp\/v2\/posts\/39039"}],"collection":[{"href":"http:\/\/dsrmedios.com.ar\/diario\/wp-json\/wp\/v2\/posts"}],"about":[{"href":"http:\/\/dsrmedios.com.ar\/diario\/wp-json\/wp\/v2\/types\/post"}],"author":[{"embeddable":true,"href":"http:\/\/dsrmedios.com.ar\/diario\/wp-json\/wp\/v2\/users\/8"}],"replies":[{"embeddable":true,"href":"http:\/\/dsrmedios.com.ar\/diario\/wp-json\/wp\/v2\/comments?post=39039"}],"version-history":[{"count":1,"href":"http:\/\/dsrmedios.com.ar\/diario\/wp-json\/wp\/v2\/posts\/39039\/revisions"}],"predecessor-version":[{"id":39041,"href":"http:\/\/dsrmedios.com.ar\/diario\/wp-json\/wp\/v2\/posts\/39039\/revisions\/39041"}],"wp:featuredmedia":[{"embeddable":true,"href":"http:\/\/dsrmedios.com.ar\/diario\/wp-json\/wp\/v2\/media\/39040"}],"wp:attachment":[{"href":"http:\/\/dsrmedios.com.ar\/diario\/wp-json\/wp\/v2\/media?parent=39039"}],"wp:term":[{"taxonomy":"category","embeddable":true,"href":"http:\/\/dsrmedios.com.ar\/diario\/wp-json\/wp\/v2\/categories?post=39039"},{"taxonomy":"post_tag","embeddable":true,"href":"http:\/\/dsrmedios.com.ar\/diario\/wp-json\/wp\/v2\/tags?post=39039"}],"curies":[{"name":"wp","href":"https:\/\/api.w.org\/{rel}","templated":true}]}}