{"id":39036,"date":"2023-09-02T12:06:57","date_gmt":"2023-09-02T15:06:57","guid":{"rendered":"http:\/\/dsrmedios.com.ar\/diario\/?p=39036"},"modified":"2023-09-02T12:07:00","modified_gmt":"2023-09-02T15:07:00","slug":"comienza-la-veda-de-pesca-del-pejerrey","status":"publish","type":"post","link":"http:\/\/dsrmedios.com.ar\/diario\/archivos\/39036","title":{"rendered":"Comienza  la veda de pesca del pejerrey"},"content":{"rendered":"\n<p>La Direcci\u00f3n de Turismo del Municipio de Puan, recuerda que desde el 1\u00b0 de septiembre y hasta el 30 de noviembre, rige la veda de pesca del pejerrey en toda la Provincia de Buenos Aires, seg\u00fan lo establecen las Disposiciones de 483\/2019 y 116\/2021.<\/p>\n\n\n\n<p>En este per\u00edodo se permite \u00fanicamente la pr\u00e1ctica de la pesca deportiva de pejerrey los d\u00edas s\u00e1bados, domingos y feriados, respetando el n\u00famero m\u00e1ximo de piezas a extraer por pescador y por d\u00eda que es de veinticinco (25) en nuestro Distrito.<\/p>\n\n\n\n<p>La medida tiende a respetar el ciclo de reproducci\u00f3n y subsistencia de la especie, priorizando el cuidado de los recursos bonaerenses.<\/p>\n\n\n\n<p>Record\u00e1 contar con la licencia deportiva al d\u00eda y evitar multas.<\/p>\n\n\n\n<p><a href=\"Fuente:\"> <\/a>Fuente: diariodepuan<\/p>\n\n\n\n<p><\/p>\n","protected":false},"excerpt":{"rendered":"<div class=\"mh-excerpt\"><p>La Direcci\u00f3n de Turismo del Municipio de Puan, recuerda que desde el 1\u00b0 de septiembre y hasta el 30 de noviembre, rige la veda de pesca del pejerrey en toda la Provincia de Buenos Aires, seg\u00fan lo establecen las Disposiciones de 483\/2019 y 116\/2021. En este per\u00edodo se permite \u00fanicamente la pr\u00e1ctica de la pesca deportiva de pejerrey los d\u00edas s\u00e1bados, domingos y feriados, respetando el n\u00famero m\u00e1ximo de piezas a extraer por pescador y por d\u00eda que es de veinticinco (25) en nuestro Distrito. La medida tiende a respetar el ciclo de reproducci\u00f3n y subsistencia de la especie, priorizando <a class=\"mh-excerpt-more\" href=\"http:\/\/dsrmedios.com.ar\/diario\/archivos\/39036\" title=\"Comienza  la veda de pesca del pejerrey\">[Leer m\u00e1s]<\/a><\/p>\n<\/div>","protected":false},"author":8,"featured_media":39037,"comment_status":"open","ping_status":"closed","sticky":false,"template":"","format":"standard","meta":{"_jetpack_newsletter_access":""},"categories":[8],"tags":[],"jetpack_featured_media_url":"http:\/\/dsrmedios.com.ar\/diario\/wp-content\/uploads\/2023\/09\/lg-1.webp","jetpack_sharing_enabled":true,"jetpack_shortlink":"https:\/\/wp.me\/p9fihK-a9C","_links":{"self":[{"href":"http:\/\/dsrmedios.com.ar\/diario\/wp-json\/wp\/v2\/posts\/39036"}],"collection":[{"href":"http:\/\/dsrmedios.com.ar\/diario\/wp-json\/wp\/v2\/posts"}],"about":[{"href":"http:\/\/dsrmedios.com.ar\/diario\/wp-json\/wp\/v2\/types\/post"}],"author":[{"embeddable":true,"href":"http:\/\/dsrmedios.com.ar\/diario\/wp-json\/wp\/v2\/users\/8"}],"replies":[{"embeddable":true,"href":"http:\/\/dsrmedios.com.ar\/diario\/wp-json\/wp\/v2\/comments?post=39036"}],"version-history":[{"count":1,"href":"http:\/\/dsrmedios.com.ar\/diario\/wp-json\/wp\/v2\/posts\/39036\/revisions"}],"predecessor-version":[{"id":39038,"href":"http:\/\/dsrmedios.com.ar\/diario\/wp-json\/wp\/v2\/posts\/39036\/revisions\/39038"}],"wp:featuredmedia":[{"embeddable":true,"href":"http:\/\/dsrmedios.com.ar\/diario\/wp-json\/wp\/v2\/media\/39037"}],"wp:attachment":[{"href":"http:\/\/dsrmedios.com.ar\/diario\/wp-json\/wp\/v2\/media?parent=39036"}],"wp:term":[{"taxonomy":"category","embeddable":true,"href":"http:\/\/dsrmedios.com.ar\/diario\/wp-json\/wp\/v2\/categories?post=39036"},{"taxonomy":"post_tag","embeddable":true,"href":"http:\/\/dsrmedios.com.ar\/diario\/wp-json\/wp\/v2\/tags?post=39036"}],"curies":[{"name":"wp","href":"https:\/\/api.w.org\/{rel}","templated":true}]}}