{"id":39033,"date":"2023-09-02T12:04:00","date_gmt":"2023-09-02T15:04:00","guid":{"rendered":"http:\/\/dsrmedios.com.ar\/diario\/?p=39033"},"modified":"2023-09-02T12:04:03","modified_gmt":"2023-09-02T15:04:03","slug":"se-abre-la-inscripcion-a-los-80-lotes-del-plan-primero-el-terreno-en-carhue","status":"publish","type":"post","link":"http:\/\/dsrmedios.com.ar\/diario\/archivos\/39033","title":{"rendered":"Se abre\u00a0la\u00a0inscripci\u00f3n\u00a0a\u00a0los 80\u00a0Lotes del Plan Primero el Terreno en Carhu\u00e9"},"content":{"rendered":"\n<p>La Municipalidad de Adolfo Alsina abre la inscripci\u00f3n a los&nbsp;80 Lotes del Plan Primero el Terreno&nbsp;en Carhu\u00e9, del 4 al 30 de septiembre, inclusive, de 2023 en la Secretar\u00eda de Desarrollo Social, Palacio Municipal \u2013 Pellegrini y Rivadavia de Carhu\u00e9, ingreso por calle Rivadavia &#8211; de 13:00 a 15:00 horas.<br>&nbsp;<\/p>\n\n\n\n<p>Los interesados en inscribirse deber\u00e1n hacerlo de forma personal y cumplir con lo establecido en la&nbsp;Ordenanza&nbsp;N.\u00ba&nbsp;4499\/20 y&nbsp;su modificatoria &#8211;&nbsp;Ordenanza&nbsp;N.\u00ba&nbsp;4846\/23 &#8211;&nbsp;del Honorable Concejo Deliberante de Adolfo Alsina.<br>&nbsp;<\/p>\n\n\n\n<p><strong>Condiciones<\/strong><strong>:<\/strong><\/p>\n\n\n\n<p>Finalidad \u00fanica construcci\u00f3n de vivienda unifamiliar.<br>&nbsp;<\/p>\n\n\n\n<p><strong>La construcci\u00f3n se dividir\u00e1 en etapas:<\/strong><\/p>\n\n\n\n<p>En 60 d\u00edas desde la adjudicaci\u00f3n se deber\u00e1n conectar los servicios.<\/p>\n\n\n\n<p>En 12 meses se deber\u00e1 contar con la fundaci\u00f3n de la vivienda<\/p>\n\n\n\n<p>En 30 meses la obra aprobada deber\u00e1 estar finalizada.<\/p>\n\n\n\n<p><strong>Requisitos para Inscripci\u00f3n<\/strong><\/p>\n\n\n\n<p>1) Ser mayor de 18 a\u00f1os.<\/p>\n\n\n\n<p>2) No haber sido, ninguno de los miembros del grupo familiar, adjudicatario de viviendas financiadas por el Estado.<\/p>\n\n\n\n<p>3) No ser propietario, ninguno de los miembros del grupo familiar, de bienes inmuebles destinados a viviendas.<\/p>\n\n\n\n<p>4) Tener domicilio en el Partido de Adolfo Alsina durante los \u00faltimos 5 a\u00f1os.<br>&nbsp;<\/p>\n\n\n\n<p><strong>5) Documentaci\u00f3n a presentar:<\/strong><\/p>\n\n\n\n<p>Copia de DNI del grupo familiar y Constancia de CUIT o CUIL.<\/p>\n\n\n\n<p>Documentaci\u00f3n que acredite matrimonio, uni\u00f3n convivencial o divorcio.<\/p>\n\n\n\n<p>Copias de partidas de nacimiento de los hijos menores y de los hijos a cargo con discapacidad. Testimonio judicial de tutela, curatela, o guarda.<\/p>\n\n\n\n<p>Direcci\u00f3n y tel\u00e9fono actual del grupo familiar para futuro contacto.<\/p>\n\n\n\n<p>Acreditaci\u00f3n&nbsp;del ingreso mensual neto del grupo familiar, que deber\u00e1 estar entre<\/p>\n\n\n\n<p>2 y 8 salarios m\u00ednimos vitales y m\u00f3viles al momento de la inscripci\u00f3n.<\/p>\n\n\n\n<p><strong>Construcci\u00f3n<\/strong><\/p>\n\n\n\n<p>Las viviendas deber\u00e1n respetar la construcci\u00f3n de: una cocina, ba\u00f1o, y<\/p>\n\n\n\n<p>ambiente, constituyendo una unidad funcional de 40 m2 como m\u00ednimo.<br>&nbsp;<\/p>\n\n\n\n<p>Estos 80 lotes con servicios se inscriben en una pol\u00edtica de gesti\u00f3n que ha implementado el Intendente Javier Andres para poder generar suelo urbano y planes de vivienda para las familias de todo Adolfo Alsina: las 36 viviendas en Villa Maza, 37 en Rivera, 10 en Carhu\u00e9 y 8 en San Miguel.<br>&nbsp;<\/p>\n\n\n\n<p>M\u00e1s informaci\u00f3n en:&nbsp;<a href=\"https:\/\/adolfoalsina.us15.list-manage.com\/track\/click?u=5353644e475fca32bed1d20f8&amp;id=e0711759ae&amp;e=e41d8bec1e\" target=\"_blank\" rel=\"noreferrer noopener\">www.adolfoalsina.gov.ar\/80lotes<\/a><\/p>\n","protected":false},"excerpt":{"rendered":"<div class=\"mh-excerpt\"><p>La Municipalidad de Adolfo Alsina abre la inscripci\u00f3n a los&nbsp;80 Lotes del Plan Primero el Terreno&nbsp;en Carhu\u00e9, del 4 al 30 de septiembre, inclusive, de 2023 en la Secretar\u00eda de Desarrollo Social, Palacio Municipal \u2013 Pellegrini y Rivadavia de Carhu\u00e9, ingreso por calle Rivadavia &#8211; de 13:00 a 15:00 horas.&nbsp; Los interesados en inscribirse deber\u00e1n hacerlo de forma personal y cumplir con lo establecido en la&nbsp;Ordenanza&nbsp;N.\u00ba&nbsp;4499\/20 y&nbsp;su modificatoria &#8211;&nbsp;Ordenanza&nbsp;N.\u00ba&nbsp;4846\/23 &#8211;&nbsp;del Honorable Concejo Deliberante de Adolfo Alsina.&nbsp; Condiciones: Finalidad \u00fanica construcci\u00f3n de vivienda unifamiliar.&nbsp; La construcci\u00f3n se dividir\u00e1 en etapas: En 60 d\u00edas desde la adjudicaci\u00f3n se deber\u00e1n conectar los servicios. <a class=\"mh-excerpt-more\" href=\"http:\/\/dsrmedios.com.ar\/diario\/archivos\/39033\" title=\"Se abre\u00a0la\u00a0inscripci\u00f3n\u00a0a\u00a0los 80\u00a0Lotes del Plan Primero el Terreno en Carhu\u00e9\">[Leer m\u00e1s]<\/a><\/p>\n<\/div>","protected":false},"author":8,"featured_media":39034,"comment_status":"open","ping_status":"closed","sticky":false,"template":"","format":"standard","meta":{"_jetpack_newsletter_access":""},"categories":[18,31,5],"tags":[],"jetpack_featured_media_url":"http:\/\/dsrmedios.com.ar\/diario\/wp-content\/uploads\/2023\/09\/WhatsApp-Image-2023-02-07-at-09.01.08-1.jpeg","jetpack_sharing_enabled":true,"jetpack_shortlink":"https:\/\/wp.me\/p9fihK-a9z","_links":{"self":[{"href":"http:\/\/dsrmedios.com.ar\/diario\/wp-json\/wp\/v2\/posts\/39033"}],"collection":[{"href":"http:\/\/dsrmedios.com.ar\/diario\/wp-json\/wp\/v2\/posts"}],"about":[{"href":"http:\/\/dsrmedios.com.ar\/diario\/wp-json\/wp\/v2\/types\/post"}],"author":[{"embeddable":true,"href":"http:\/\/dsrmedios.com.ar\/diario\/wp-json\/wp\/v2\/users\/8"}],"replies":[{"embeddable":true,"href":"http:\/\/dsrmedios.com.ar\/diario\/wp-json\/wp\/v2\/comments?post=39033"}],"version-history":[{"count":1,"href":"http:\/\/dsrmedios.com.ar\/diario\/wp-json\/wp\/v2\/posts\/39033\/revisions"}],"predecessor-version":[{"id":39035,"href":"http:\/\/dsrmedios.com.ar\/diario\/wp-json\/wp\/v2\/posts\/39033\/revisions\/39035"}],"wp:featuredmedia":[{"embeddable":true,"href":"http:\/\/dsrmedios.com.ar\/diario\/wp-json\/wp\/v2\/media\/39034"}],"wp:attachment":[{"href":"http:\/\/dsrmedios.com.ar\/diario\/wp-json\/wp\/v2\/media?parent=39033"}],"wp:term":[{"taxonomy":"category","embeddable":true,"href":"http:\/\/dsrmedios.com.ar\/diario\/wp-json\/wp\/v2\/categories?post=39033"},{"taxonomy":"post_tag","embeddable":true,"href":"http:\/\/dsrmedios.com.ar\/diario\/wp-json\/wp\/v2\/tags?post=39033"}],"curies":[{"name":"wp","href":"https:\/\/api.w.org\/{rel}","templated":true}]}}