{"id":39024,"date":"2023-09-01T10:56:35","date_gmt":"2023-09-01T13:56:35","guid":{"rendered":"http:\/\/dsrmedios.com.ar\/diario\/?p=39024"},"modified":"2023-09-01T10:56:39","modified_gmt":"2023-09-01T13:56:39","slug":"bullrich-logro-recuperar-la-iniciativa-politica-al-sumar-a-melconian-pero-quedan-incognitas-sobre-el-plan-y-los-equipos","status":"publish","type":"post","link":"http:\/\/dsrmedios.com.ar\/diario\/archivos\/39024","title":{"rendered":"Bullrich logr\u00f3 recuperar la iniciativa pol\u00edtica al sumar a Melconian, pero quedan inc\u00f3gnitas sobre el plan y los equipos"},"content":{"rendered":"\n<p>La mejor demostraci\u00f3n de que fue un acierto la estrategia de sacar a la cancha a&nbsp;<strong>Carlos Melconian&nbsp;<\/strong>como ministro de Econom\u00eda de un eventual gobierno de<strong>&nbsp;Patricia Bullrich<\/strong>&nbsp;fue lo que oblig\u00f3 a&nbsp;<strong>Javier Milei<\/strong>&nbsp;a ubicarse en el campo contrario para referirse a esa designaci\u00f3n. El candidato libertario&nbsp;<strong>se neg\u00f3 a debatir&nbsp;<\/strong>con Melconian sobre econom\u00eda y volvi\u00f3 a&nbsp;<strong>atacar&nbsp;<\/strong>a Bullrich: dijo que \u201cest\u00e1 muy pobre en t\u00e9rminos econ\u00f3micos\u201d y que \u201cla gente est\u00e1 muy asustada en lo que pueda hacer\u201d en el gobierno.<\/p>\n\n\n\n<figure class=\"wp-block-image\"><img decoding=\"async\" src=\"https:\/\/www.infobae.com\/new-resizer\/OtWBN8fWKdROyD2XyjEuItdxMOM=\/filters:format(webp):quality(85)\/cloudfront-us-east-1.images.arcpublishing.com\/infobae\/J77GV3VZMZGWDI5XGP6RUN4MZE.jpg\" alt=\"\"\/><\/figure>\n\n\n\n<p>Los estrategas bullrichistas festejan que Milei haya salido de su zona de confort tras las PASO para darle&nbsp;<strong>importancia&nbsp;<\/strong>a una decisi\u00f3n de la candidata de Juntos por el Cambio. Hasta este jueves, Bullrich parec\u00eda haber sufrido el impacto de unas primarias que no dejaron el resultado que esperaba. Con la incorporaci\u00f3n de Melconian,<strong>&nbsp;relanz\u00f3 la campa\u00f1a<\/strong>&nbsp;con una figura que tendr\u00e1&nbsp;<strong>tanto protagonismo como ella.<\/strong>&nbsp;En su primer d\u00eda como futuro ministro, el economista de la Fundaci\u00f3n Mediterr\u00e1nea ya&nbsp;<strong>argument\u00f3&nbsp;<\/strong>contra la dolarizaci\u00f3n y la eliminaci\u00f3n del Banco Central, dos de las promesas de Milei. Y particip\u00f3 de una&nbsp;<strong>recorrida<\/strong>&nbsp;con aroma proselitista con Bullrich en el centro de la capital cordobesa.<\/p>\n\n\n\n<p>Melconian tendr\u00e1 una\u00a0<strong>agenda propia<\/strong>\u00a0que lo llevar\u00e1 en algunos casos a coincidir con Bullrich en alguna actividad, pero tambi\u00e9n mantendr\u00e1 actividades solo, sin la postulante de JxC. Ya tiene previsto\u00a0<strong>un viaje a Mendoza y reuniones con sectores empresariales.<\/strong>\u00a0Su fuerte exposici\u00f3n p\u00fablica no le preocupa a Bullrich sino que, por el contrario, le sacar\u00e1 el peso de tener que profundizar sobre un tema como el econ\u00f3mico que no est\u00e1 entre sus puntos fuertes. Al rev\u00e9s, le permitir\u00e1 reforzar la idea de que hay un\u00a0<strong>equipo\u00a0<\/strong>de especialistas y que ella es una l\u00edder que\u00a0<strong>escucha a todos.\u00a0<\/strong>Una imagen que busca asociar a Bullrich con la\u00a0<strong>gobernabilidad,<\/strong>\u00a0a diferencia de un Milei que a\u00fan parece muy<strong>\u00a0imprevisible.<\/strong><\/p>\n\n\n\n<p><img decoding=\"async\" loading=\"lazy\" alt=\"Patricia Bullrich y Carlos Melconian conversan en el avi\u00f3n que los llev\u00f3 a C\u00f3rdoba, ante la mirada de Ricardo L\u00f3pez Murphy\" height=\"813\" width=\"1080\" src=\"https:\/\/www.infobae.com\/new-resizer\/rQpcGja4xtWDtC9rrFnYwlVa02Y=\/arc-anglerfish-arc2-prod-infobae\/public\/GLMSKAZX2RFANJCWOWRKBAXF2I.jpg\" srcset=\"https:\/\/www.infobae.com\/new-resizer\/08P_BC9nJiVy0iwDSn7S7zIIHM8=\/420x315\/filters:format(webp):quality(85)\/cloudfront-us-east-1.images.arcpublishing.com\/infobae\/GLMSKAZX2RFANJCWOWRKBAXF2I.jpg 420w,https:\/\/www.infobae.com\/new-resizer\/NVE2lfuTjkDIuZQAUg8TOUFFmyQ=\/768x576\/filters:format(webp):quality(85)\/cloudfront-us-east-1.images.arcpublishing.com\/infobae\/GLMSKAZX2RFANJCWOWRKBAXF2I.jpg 768w,https:\/\/www.infobae.com\/new-resizer\/nSGrd7HC0iXvogfKNwWnloghZgo=\/992x744\/filters:format(webp):quality(85)\/cloudfront-us-east-1.images.arcpublishing.com\/infobae\/GLMSKAZX2RFANJCWOWRKBAXF2I.jpg 992w,https:\/\/www.infobae.com\/new-resizer\/k71XZeu242yI-QF2lmHEGbABeik=\/1200x900\/filters:format(webp):quality(85)\/cloudfront-us-east-1.images.arcpublishing.com\/infobae\/GLMSKAZX2RFANJCWOWRKBAXF2I.jpg 1200w,https:\/\/www.infobae.com\/new-resizer\/c-ERAXwM_odrGK3dN1dXSbNe5_8=\/1440x1080\/filters:format(webp):quality(85)\/cloudfront-us-east-1.images.arcpublishing.com\/infobae\/GLMSKAZX2RFANJCWOWRKBAXF2I.jpg 1440w\">Patricia Bullrich y Carlos Melconian conversan en el avi\u00f3n que los llev\u00f3 a C\u00f3rdoba, ante la mirada de Ricardo L\u00f3pez Murphy<\/p>\n\n\n\n<p>Por algo Melconian dijo antes de ser encumbrado por Bullrich: \u201cHay un plan, un programa.\u00a0<strong>No estamos frente a un salto al vac\u00edo\u201d.<\/strong>\u00a0No hac\u00eda falta que precisara a qui\u00e9n se estaba refiriendo.<\/p>\n\n\n\n<p>En el mismo sentido, la ex ministra de Seguridad afirm\u00f3 en C\u00f3rdoba que la semana pr\u00f3xima anticipar\u00e1&nbsp;<strong>otros nombres&nbsp;<\/strong>de su posible gabinete. Cerca de Bullrich son partidarios de&nbsp;<strong>ir mostrando los equipos de gobierno,<\/strong>&nbsp;donde hay expertos que ya fueron funcionarios. El objetivo es dar la imagen de una coalici\u00f3n que aportar\u00e1 gente con&nbsp;<strong>experiencia&nbsp;<\/strong>para los enormes desaf\u00edos que vienen.<\/p>\n\n\n\n<p>Bullrich sabe que Melconian tiene una personalidad<strong>&nbsp;fuerte,<\/strong>&nbsp;pero descart\u00f3 que eso se convierta en un problema si llega al gobierno. Todo lo contrario: quiere darle a su ministro de Econom\u00eda&nbsp;<strong>amplias atribuciones<\/strong>&nbsp;para evitar algunos cortocircuitos que se produjeron en la gesti\u00f3n de Cambiemos. \u201cCuando eleg\u00eds a alguien que tiene toda la capacidad de desarrollar un programa econ\u00f3mico, que adem\u00e1s la econom\u00eda hoy implica tambi\u00e9n ordenar temas de la pol\u00edtica social, de la pol\u00edtica laboral, no es solamente la econom\u00eda, es un conjunto de temas,&nbsp;<strong>ten\u00e9s que depositar en esa persona toda la confianza y todo el poder\u201d,<\/strong>&nbsp;dijo anoche en una entrevista con LN+ al lado de Melconian.<\/p>\n\n\n\n<p><img decoding=\"async\" loading=\"lazy\" alt=\"El cierre del acto en el que Patricia Bullrich y Carlos Melconian anunciaron que trabajar\u00e1n juntos\" height=\"1072\" width=\"1600\" src=\"https:\/\/www.infobae.com\/new-resizer\/TjG-8w1LNc4NeciWUf9tVpRbMQ0=\/arc-anglerfish-arc2-prod-infobae\/public\/JGNKJN2S5FCXLIR35A24RJGHUM.jpeg\" srcset=\"https:\/\/www.infobae.com\/new-resizer\/rHedWVkGryFHs1_e3-BfnR9-Dls=\/420x280\/filters:format(webp):quality(85)\/cloudfront-us-east-1.images.arcpublishing.com\/infobae\/JGNKJN2S5FCXLIR35A24RJGHUM.jpeg 420w,https:\/\/www.infobae.com\/new-resizer\/QbXJ65Ss5TYxlXKgAXpaXK5WvhY=\/768x512\/filters:format(webp):quality(85)\/cloudfront-us-east-1.images.arcpublishing.com\/infobae\/JGNKJN2S5FCXLIR35A24RJGHUM.jpeg 768w,https:\/\/www.infobae.com\/new-resizer\/D9Lfu3LlBglNCsTZbGx2rWxM3lE=\/992x661\/filters:format(webp):quality(85)\/cloudfront-us-east-1.images.arcpublishing.com\/infobae\/JGNKJN2S5FCXLIR35A24RJGHUM.jpeg 992w,https:\/\/www.infobae.com\/new-resizer\/5amrMwjh2u1qVY-1Wt4dTq3g2OU=\/1200x800\/filters:format(webp):quality(85)\/cloudfront-us-east-1.images.arcpublishing.com\/infobae\/JGNKJN2S5FCXLIR35A24RJGHUM.jpeg 1200w,https:\/\/www.infobae.com\/new-resizer\/jwQoxdZgynZS6ZQ7J2rB6FkOtyQ=\/1440x960\/filters:format(webp):quality(85)\/cloudfront-us-east-1.images.arcpublishing.com\/infobae\/JGNKJN2S5FCXLIR35A24RJGHUM.jpeg 1440w\">El cierre del acto en el que Patricia Bullrich y Carlos Melconian anunciaron que trabajar\u00e1n juntos<\/p>\n\n\n\n<p>\u201cLa idea de no dar poder a quien tiene que hacer es una idea mezquina y adem\u00e1s totalmente obsoleta porque lo \u00fanico que logr\u00e1s es que el ministro no haga nada -defini\u00f3 la candidata de Juntos por el Cambio-.\u00a0<strong>Yo quiero un ministro de Econom\u00eda que tenga todo el poder,<\/strong>\u00a0que comunique, que hable\u201d.<\/p>\n\n\n\n<p>Ahora, el desaf\u00edo para Bullrich es c\u00f3mo lograr una&nbsp;<strong>integraci\u00f3n armoniosa<\/strong>&nbsp;del equipo de Melconian con los economistas de Juntos por el Cambio. En sus declaraciones de ayer, Milei consider\u00f3 que Bullrich \u201cprimero mostr\u00f3 un equipo y&nbsp;<strong>ahora muestra otro\u201d.<\/strong>&nbsp;Puso el dedo en la llaga. Si bien el ex presidente del Banco Naci\u00f3n adelant\u00f3 que los expertos de ambos sectores trabajar\u00e1n juntos, lo cierto es que la candidata de JxC decidi\u00f3 aplicar el programa econ\u00f3mico elaborado por la Fundaci\u00f3n Mediterr\u00e1nea y muchas de las medidas que incluye son&nbsp;<strong>distintas&nbsp;<\/strong>de las elaboradas por los especialistas de la coalici\u00f3n opositora, que trabajan desde hace m\u00e1s de un a\u00f1o en las propuestas de gobierno.<\/p>\n\n\n\n<p>Habr\u00e1 que ver c\u00f3mo&nbsp;<strong>consensuar&nbsp;<\/strong>ideas entre unos y otros y si Melconian logra&nbsp;<strong>amalgamar&nbsp;<\/strong>las opiniones sin consecuencias traum\u00e1ticas para la unidad opositora. \u00bfQu\u00e9 pasa si el hombre fuerte de Bullrich en materia econ\u00f3mica tira por la borda&nbsp;<strong>propuestas acordadas trabajosamente<\/strong>&nbsp;por t\u00e9cnicos del PRO, la UCR, la Coalici\u00f3n C\u00edvica y Encuentro Republicano Federal tras una tarea de muchos meses?<\/p>\n\n\n\n<p><img decoding=\"async\" loading=\"lazy\" alt=\"Patricia Bullrich, con Luciano Laspina y Eduardo Levy Yeyati, en el encuentro con economistas de JxC\" height=\"1080\" width=\"1920\" src=\"https:\/\/www.infobae.com\/new-resizer\/mVGRP1Ptys1Ya-n_-PnFATRlaOw=\/arc-anglerfish-arc2-prod-infobae\/public\/73CLPCDCFBC2LAGLEYAD26JGX4.jpg\" srcset=\"https:\/\/www.infobae.com\/new-resizer\/NGt9wSAGHafMVTdyE3ss4OMoE4w=\/420x236\/filters:format(webp):quality(85)\/cloudfront-us-east-1.images.arcpublishing.com\/infobae\/73CLPCDCFBC2LAGLEYAD26JGX4.jpg 420w,https:\/\/www.infobae.com\/new-resizer\/sS4wAjboGVa-RfRI2_RsqTOCp5w=\/768x432\/filters:format(webp):quality(85)\/cloudfront-us-east-1.images.arcpublishing.com\/infobae\/73CLPCDCFBC2LAGLEYAD26JGX4.jpg 768w,https:\/\/www.infobae.com\/new-resizer\/e211KbDiFSr_2FXO1f8buL3N4cA=\/992x558\/filters:format(webp):quality(85)\/cloudfront-us-east-1.images.arcpublishing.com\/infobae\/73CLPCDCFBC2LAGLEYAD26JGX4.jpg 992w,https:\/\/www.infobae.com\/new-resizer\/AcgernJLL-MeEtl5zeQBAl4NFkw=\/1200x675\/filters:format(webp):quality(85)\/cloudfront-us-east-1.images.arcpublishing.com\/infobae\/73CLPCDCFBC2LAGLEYAD26JGX4.jpg 1200w,https:\/\/www.infobae.com\/new-resizer\/2n98kXqjfkxhl-y3o-81dIAZ7YQ=\/1440x810\/filters:format(webp):quality(85)\/cloudfront-us-east-1.images.arcpublishing.com\/infobae\/73CLPCDCFBC2LAGLEYAD26JGX4.jpg 1440w\">Patricia Bullrich, con Luciano Laspina y Eduardo Levy Yeyati, en el encuentro con economistas de JxC<\/p>\n\n\n\n<p>Son las dudas l\u00f3gicas que pueden aparecer, adem\u00e1s de las que se generan por las diferencias o las aspiraciones personales. Como anticip\u00f3&nbsp;<strong>Infobae,<\/strong>&nbsp;llam\u00f3 la atenci\u00f3n que en la presentaci\u00f3n de Melconian en C\u00f3rdoba haya viajado una decena de expertos en econom\u00eda de Juntos por el Cambio, pero no&nbsp;<strong>Luciano Laspina,<\/strong>&nbsp;el economista de cabecera de Bullrich y el gran afectado por el ascenso del presidente del IERAL (Instituto de Estudios Econ\u00f3micos sobre la Realidad Argentina y Latinoamericana) de la Fundaci\u00f3n Mediterr\u00e1nea. Es que el diputado nacional del PRO es un bullrichista de la primera hora, coordina a los economistas del sector y le habr\u00eda gustado ser ministro de Econom\u00eda. Hasta ahora no est\u00e1 confirmado que sea&nbsp;<strong>el titular del Banco Central<\/strong>&nbsp;si su jefa pol\u00edtica llega al gobierno.<\/p>\n\n\n\n<p>En medio de las especulaciones y las sospechas sobre el faltazo, se supo que Laspina tuvo que ir a\u00a0<strong>Rosario\u00a0<\/strong>por un tema personal y que por ese motivo tambi\u00e9n suspendi\u00f3 un viaje a Mar del Plata que ten\u00eda previsto para presentar su libro \u201cDesenredar la Argentina\u201d. En el entorno del economista se\u00f1alan que la incorporaci\u00f3n de Melconian\u00a0<strong>\u201csuma un mont\u00f3n en la campa\u00f1a\u201d<\/strong>\u00a0y\u00a0<strong>\u201ces un acierto\u201d\u00a0<\/strong>de Bullrich. Y resaltan que a\u00fan tiene dos a\u00f1os m\u00e1s de mandato de diputado y que sigue trabajando con sus equipos \u201cpara darle una mano a Patricia desde donde se necesite\u201d.\u00a0<strong>\u201cHoy es el momento de Melco\u201d,<\/strong>\u00a0admiten.<\/p>\n\n\n\n<p>Fuente: Infobae<\/p>\n","protected":false},"excerpt":{"rendered":"<div class=\"mh-excerpt\"><p>La mejor demostraci\u00f3n de que fue un acierto la estrategia de sacar a la cancha a&nbsp;Carlos Melconian&nbsp;como ministro de Econom\u00eda de un eventual gobierno de&nbsp;Patricia Bullrich&nbsp;fue lo que oblig\u00f3 a&nbsp;Javier Milei&nbsp;a ubicarse en el campo contrario para referirse a esa designaci\u00f3n. El candidato libertario&nbsp;se neg\u00f3 a debatir&nbsp;con Melconian sobre econom\u00eda y volvi\u00f3 a&nbsp;atacar&nbsp;a Bullrich: dijo que \u201cest\u00e1 muy pobre en t\u00e9rminos econ\u00f3micos\u201d y que \u201cla gente est\u00e1 muy asustada en lo que pueda hacer\u201d en el gobierno. Los estrategas bullrichistas festejan que Milei haya salido de su zona de confort tras las PASO para darle&nbsp;importancia&nbsp;a una decisi\u00f3n de la candidata <a class=\"mh-excerpt-more\" href=\"http:\/\/dsrmedios.com.ar\/diario\/archivos\/39024\" title=\"Bullrich logr\u00f3 recuperar la iniciativa pol\u00edtica al sumar a Melconian, pero quedan inc\u00f3gnitas sobre el plan y los equipos\">[Leer m\u00e1s]<\/a><\/p>\n<\/div>","protected":false},"author":8,"featured_media":30930,"comment_status":"open","ping_status":"closed","sticky":false,"template":"","format":"standard","meta":{"_jetpack_newsletter_access":""},"categories":[6],"tags":[],"jetpack_featured_media_url":"http:\/\/dsrmedios.com.ar\/diario\/wp-content\/uploads\/2023\/04\/patriciabulrich.png","jetpack_sharing_enabled":true,"jetpack_shortlink":"https:\/\/wp.me\/p9fihK-a9q","_links":{"self":[{"href":"http:\/\/dsrmedios.com.ar\/diario\/wp-json\/wp\/v2\/posts\/39024"}],"collection":[{"href":"http:\/\/dsrmedios.com.ar\/diario\/wp-json\/wp\/v2\/posts"}],"about":[{"href":"http:\/\/dsrmedios.com.ar\/diario\/wp-json\/wp\/v2\/types\/post"}],"author":[{"embeddable":true,"href":"http:\/\/dsrmedios.com.ar\/diario\/wp-json\/wp\/v2\/users\/8"}],"replies":[{"embeddable":true,"href":"http:\/\/dsrmedios.com.ar\/diario\/wp-json\/wp\/v2\/comments?post=39024"}],"version-history":[{"count":1,"href":"http:\/\/dsrmedios.com.ar\/diario\/wp-json\/wp\/v2\/posts\/39024\/revisions"}],"predecessor-version":[{"id":39026,"href":"http:\/\/dsrmedios.com.ar\/diario\/wp-json\/wp\/v2\/posts\/39024\/revisions\/39026"}],"wp:featuredmedia":[{"embeddable":true,"href":"http:\/\/dsrmedios.com.ar\/diario\/wp-json\/wp\/v2\/media\/30930"}],"wp:attachment":[{"href":"http:\/\/dsrmedios.com.ar\/diario\/wp-json\/wp\/v2\/media?parent=39024"}],"wp:term":[{"taxonomy":"category","embeddable":true,"href":"http:\/\/dsrmedios.com.ar\/diario\/wp-json\/wp\/v2\/categories?post=39024"},{"taxonomy":"post_tag","embeddable":true,"href":"http:\/\/dsrmedios.com.ar\/diario\/wp-json\/wp\/v2\/tags?post=39024"}],"curies":[{"name":"wp","href":"https:\/\/api.w.org\/{rel}","templated":true}]}}