{"id":3902,"date":"2018-01-31T07:53:42","date_gmt":"2018-01-31T10:53:42","guid":{"rendered":"http:\/\/dsrmedios.com.ar\/diario\/?p=3902"},"modified":"2018-01-31T07:53:42","modified_gmt":"2018-01-31T10:53:42","slug":"la-provincia-tambien-obligara-a-renunciar-a-los-familiares-de-funcionarios-politicos","status":"publish","type":"post","link":"http:\/\/dsrmedios.com.ar\/diario\/archivos\/3902","title":{"rendered":"La Provincia tambi\u00e9n obligar\u00e1 a renunciar a los familiares de funcionarios pol\u00edticos"},"content":{"rendered":"<p>El gobierno bonaerense actuar\u00e1 en concordancia con el anuncio realizado este lunes por el presidente Mauricio Macri, y prohibir\u00e1 a funcionarios nombrar a familiares en el Estado provincial.<\/p>\n<p>As\u00ed lo adelantaron fuentes del gobierno provincial, que si bien aseguraron que se replicar\u00e1 en el Estado bonaerense la medida adoptada en Naci\u00f3n, a\u00fan no est\u00e1n decididos los alcances de la adhesi\u00f3n.<\/p>\n<p>En este caso, no se determin\u00f3 si s\u00f3lo afectar\u00e1 a los ministros o tambi\u00e9n al resto de los funcionarios bonaerenses y si obligar\u00e1 a los municipios, donde esta pr\u00e1ctica es moneda corriente.<\/p>\n<p>fuente:www.aninoticias.com<\/p>\n","protected":false},"excerpt":{"rendered":"<div class=\"mh-excerpt\"><p>El gobierno bonaerense actuar\u00e1 en concordancia con el anuncio realizado este lunes por el presidente Mauricio Macri, y prohibir\u00e1 a funcionarios nombrar a familiares en el Estado provincial. As\u00ed lo adelantaron fuentes del gobierno provincial, que si bien aseguraron que se replicar\u00e1 en el Estado bonaerense la medida adoptada en Naci\u00f3n, a\u00fan no est\u00e1n decididos los alcances de la adhesi\u00f3n. En este caso, no se determin\u00f3 si s\u00f3lo afectar\u00e1 a los ministros o tambi\u00e9n al resto de los funcionarios bonaerenses y si obligar\u00e1 a los municipios, donde esta pr\u00e1ctica es moneda corriente. fuente:www.aninoticias.com<\/p>\n<\/div>","protected":false},"author":5,"featured_media":3903,"comment_status":"open","ping_status":"closed","sticky":false,"template":"","format":"standard","meta":{"_jetpack_newsletter_access":""},"categories":[18,7],"tags":[],"jetpack_featured_media_url":"http:\/\/dsrmedios.com.ar\/diario\/wp-content\/uploads\/2018\/01\/maria-eugenia-vidal-2222002w948-1.jpg","jetpack_sharing_enabled":true,"jetpack_shortlink":"https:\/\/wp.me\/p9fihK-10W","_links":{"self":[{"href":"http:\/\/dsrmedios.com.ar\/diario\/wp-json\/wp\/v2\/posts\/3902"}],"collection":[{"href":"http:\/\/dsrmedios.com.ar\/diario\/wp-json\/wp\/v2\/posts"}],"about":[{"href":"http:\/\/dsrmedios.com.ar\/diario\/wp-json\/wp\/v2\/types\/post"}],"author":[{"embeddable":true,"href":"http:\/\/dsrmedios.com.ar\/diario\/wp-json\/wp\/v2\/users\/5"}],"replies":[{"embeddable":true,"href":"http:\/\/dsrmedios.com.ar\/diario\/wp-json\/wp\/v2\/comments?post=3902"}],"version-history":[{"count":1,"href":"http:\/\/dsrmedios.com.ar\/diario\/wp-json\/wp\/v2\/posts\/3902\/revisions"}],"predecessor-version":[{"id":3904,"href":"http:\/\/dsrmedios.com.ar\/diario\/wp-json\/wp\/v2\/posts\/3902\/revisions\/3904"}],"wp:featuredmedia":[{"embeddable":true,"href":"http:\/\/dsrmedios.com.ar\/diario\/wp-json\/wp\/v2\/media\/3903"}],"wp:attachment":[{"href":"http:\/\/dsrmedios.com.ar\/diario\/wp-json\/wp\/v2\/media?parent=3902"}],"wp:term":[{"taxonomy":"category","embeddable":true,"href":"http:\/\/dsrmedios.com.ar\/diario\/wp-json\/wp\/v2\/categories?post=3902"},{"taxonomy":"post_tag","embeddable":true,"href":"http:\/\/dsrmedios.com.ar\/diario\/wp-json\/wp\/v2\/tags?post=3902"}],"curies":[{"name":"wp","href":"https:\/\/api.w.org\/{rel}","templated":true}]}}