{"id":39019,"date":"2023-09-01T10:53:48","date_gmt":"2023-09-01T13:53:48","guid":{"rendered":"http:\/\/dsrmedios.com.ar\/diario\/?p=39019"},"modified":"2023-09-01T10:53:51","modified_gmt":"2023-09-01T13:53:51","slug":"los-ultimos-100-dias-de-un-gobierno-que-alumbro-el-fenomeno-imparable-de-milei","status":"publish","type":"post","link":"http:\/\/dsrmedios.com.ar\/diario\/archivos\/39019","title":{"rendered":"Los \u00faltimos 100 d\u00edas de un gobierno que alumbr\u00f3 el fen\u00f3meno imparable de Milei"},"content":{"rendered":"\n<p>Son 100 d\u00edas que pueden ser nada o un mont\u00f3n. Cien d\u00edas que le quedan al gobierno de&nbsp;<strong>Alberto Fern\u00e1ndez y Cristina Kirchner.<\/strong>&nbsp;100 d\u00edas de un experimento pol\u00edtico que, a fuerza de decepciones y fracasos, alumbr\u00f3 el fen\u00f3meno imparable de&nbsp;<strong>Javier Milei<\/strong>, el vencedor en simult\u00e1neo de los dos polos de la grieta.<\/p>\n\n\n\n<p>Pocas fotos pol\u00edticas envejecieron tan mal como las del 10 de diciembre de 2019. La sonrisa exultante de la reci\u00e9n asumida vicepresidenta, que sugiere una \u00edntima redenci\u00f3n. La imagen de un presidente que hab\u00eda llegado por una de esas carambolas que se dan en la Argentina. Y al costado,&nbsp;<strong>Mauricio Macri<\/strong>. Las \u00faltimas instant\u00e1neas de la grieta que el hurac\u00e1n libertario se llev\u00f3 puesta. Por ahora.<\/p>\n\n\n\n<p>Un dato le pone n\u00fameros a la dimensi\u00f3n del cambio: en las PASO del 19, las f\u00f3rmulas\u00a0<strong>Fern\u00e1ndez-Fern\u00e1ndez y Macri-Pichetto<\/strong>\u00a0se hab\u00edan llevado casi el 80% de los votos. Cuatro a\u00f1os despu\u00e9s, esas dos coaliciones apenas superaron el 55%. Si bien los dos integrantes del binomio presidencial pod\u00edan competir por un nuevo mandato, ambos decidieron no ser candidatos. Ni siquiera estar en las listas.Ic\u00f3nica. La foto de Javier Milei la noche del 13 de agosto, cuando celebr\u00f3 la victoria en las PASO de la Argentina<\/p>\n\n\n\n<p>Los resultados del escrutinio provisorio confirmaron ayer que el ganador inapelable fue Milei, portaestandarte de una idea tan ajena como extravagante al sistema. Hace unos meses, en una charla, me dijo algo que todav\u00eda impresiona: \u201cSoy un fundamentalista de la verdad. No soy un pol\u00edtico de la casta, no especulo\u201d. Con esa convicci\u00f3n plante\u00f3 la libertad o nada. El individuo sobre el colectivo. El sujeto sobre la masa. La persona sobre el pueblo. La reivindicaci\u00f3n sin grises del ego\u00edsmo capitalista. Un veneno efectivo contra d\u00e9cadas de progresismo.<\/p>\n\n\n\n<p>Pero esta efem\u00e9ride ocurre en simult\u00e1neo con otra que de alg\u00fan modo pueden conectarse. Hace exactamente un a\u00f1o,<strong>&nbsp;Fernando Sabag Montiel&nbsp;<\/strong>le gatillaba un rev\u00f3lver a cent\u00edmetros de la cabeza de la vicepresidenta Cristina Kirchner. Ese evento conmocionante, transmitido en vivo y en directo, todav\u00eda se sigue investigando. Sobran dudas y faltan certezas. Todav\u00eda no hay culpables.<\/p>\n\n\n\n<p><\/p>\n\n\n\n<p>El fallido magnicidio puso a la Argentina al borde de un abismo impensado e impensable. Pero escenific\u00f3 la abrumadora fragilidad de un sistema pol\u00edtico-institucional que no logr\u00f3 en 40 a\u00f1os de democracia garantizar la prosperidad, la seguridad, ni la vida a ninguno de sus integrantes. Ni siquiera a la persona pol\u00edticamente m\u00e1s poderosa, que fue v\u00edctima de una agresi\u00f3n in\u00e9dita y a la vez dram\u00e1tica.<\/p>\n\n\n\n<p><img decoding=\"async\" loading=\"lazy\" alt=\"La grieta que se va. La asunci\u00f3n de Alberto Fern\u00e1ndez, Cristina Kirchner y, entre medio, Mauricio Macri \" height=\"2461\" width=\"4375\" src=\"https:\/\/www.infobae.com\/new-resizer\/XntKPp1-MCch-_6PwaPVP4f3MxU=\/arc-anglerfish-arc2-prod-infobae\/public\/2QU3I65NVNFUTBNK5YY2XRBQ7I\" srcset=\"https:\/\/www.infobae.com\/new-resizer\/Z0vbCcgLVqMCVnb8T8JGDuvibLg=\/420x236\/filters:format(webp):quality(85)\/cloudfront-us-east-1.images.arcpublishing.com\/infobae\/2QU3I65NVNFUTBNK5YY2XRBQ7I 420w,https:\/\/www.infobae.com\/new-resizer\/yFcGpwQ6LLyZPXm8v4hy0GYdj1A=\/768x432\/filters:format(webp):quality(85)\/cloudfront-us-east-1.images.arcpublishing.com\/infobae\/2QU3I65NVNFUTBNK5YY2XRBQ7I 768w,https:\/\/www.infobae.com\/new-resizer\/Vj70rettBMNh6Ac8gZ99CE57ONc=\/992x558\/filters:format(webp):quality(85)\/cloudfront-us-east-1.images.arcpublishing.com\/infobae\/2QU3I65NVNFUTBNK5YY2XRBQ7I 992w,https:\/\/www.infobae.com\/new-resizer\/yKdEn9MruqBxgRlopGv7_YVEihM=\/1200x675\/filters:format(webp):quality(85)\/cloudfront-us-east-1.images.arcpublishing.com\/infobae\/2QU3I65NVNFUTBNK5YY2XRBQ7I 1200w,https:\/\/www.infobae.com\/new-resizer\/sRwg6dOWGgUXW6lwPa7ge6zkvuI=\/1440x810\/filters:format(webp):quality(85)\/cloudfront-us-east-1.images.arcpublishing.com\/infobae\/2QU3I65NVNFUTBNK5YY2XRBQ7I 1440w\">La grieta que se va. La asunci\u00f3n de Alberto Fern\u00e1ndez, Cristina Kirchner y, entre medio, Mauricio Macri<\/p>\n\n\n\n<h2>Y mientras tanto<\/h2>\n\n\n\n<p>Los 100 d\u00edas de gobierno y el a\u00f1o del intento de magnicidio se producen mientras la Argentina entra en la \u00faltima curva antes de la recta final para las presidenciales del 22 de octubre. Termin\u00f3 el amistoso de las PASO y ahora se pelea por los puntos. En los tres campamentos electorales hacen cuentas y mueven sus fichas. Ya quedaron atr\u00e1s los ejercicios y tanto Milei, como Patricia Bullrich y Sergio Massa empiezan a mostrar las verdaderas cartas con las que van a jugar las manos de sus vidas.<\/p>\n\n\n\n<p><strong>Diego Reynoso<\/strong>, polit\u00f3logo y director de la Encuesta de Satisfacci\u00f3n Pol\u00edtica y Opini\u00f3n P\u00fablica de la Universidad de San Andr\u00e9s, resalt\u00f3 en di\u00e1logo con Infobae que efectivamente en los \u00faltimos d\u00edas se produjo \u201cun ajuste de la estrategia, una calibraci\u00f3n\u201d del rumbo de las campa\u00f1as de las tres fuerzas que encabezaron las preferencias electorales en las PASO.<\/p>\n\n\n\n<p>El escrutinio definitivo que se conoci\u00f3 ayer confirm\u00f3 las posiciones y corrigi\u00f3 de manera marginal los n\u00fameros. La Libertad Avanza de Milei obtuvo 29,86% (7.352.244 votos); Juntos por el Cambio, de Bullrich, sum\u00f3 28% (6.895.941 votos); y Uni\u00f3n por la Patria, de Sergio Massa, alcanz\u00f3 27,28% (6.719.042 votos).<\/p>\n\n\n\n<p><img decoding=\"async\" loading=\"lazy\" height=\"1080\" width=\"1920\" srcset=\"https:\/\/www.infobae.com\/new-resizer\/urFGbNJZ8_jGra0LAVGVmKBeY1M=\/420x236\/filters:format(webp):quality(85)\/cloudfront-us-east-1.images.arcpublishing.com\/infobae\/OX3U6N74IFEVDOYPLBAPIX7TIE.jpg 420w,https:\/\/www.infobae.com\/new-resizer\/hS3DBxSWPZcxxT12AIlTHhqfujc=\/768x432\/filters:format(webp):quality(85)\/cloudfront-us-east-1.images.arcpublishing.com\/infobae\/OX3U6N74IFEVDOYPLBAPIX7TIE.jpg 768w,https:\/\/www.infobae.com\/new-resizer\/tx3VzJeZ0IPoLxLQuh91vX7O4aY=\/992x558\/filters:format(webp):quality(85)\/cloudfront-us-east-1.images.arcpublishing.com\/infobae\/OX3U6N74IFEVDOYPLBAPIX7TIE.jpg 992w,https:\/\/www.infobae.com\/new-resizer\/p66QgFkrfqAlnwlqVdJ4EcrhbuE=\/1200x675\/filters:format(webp):quality(85)\/cloudfront-us-east-1.images.arcpublishing.com\/infobae\/OX3U6N74IFEVDOYPLBAPIX7TIE.jpg 1200w,https:\/\/www.infobae.com\/new-resizer\/mJvZ9Z192yv1PZ7OiV0UVavNf-0=\/1440x810\/filters:format(webp):quality(85)\/cloudfront-us-east-1.images.arcpublishing.com\/infobae\/OX3U6N74IFEVDOYPLBAPIX7TIE.jpg 1440w\" src=\"https:\/\/www.infobae.com\/new-resizer\/hQJriSVkQY4OgnOv90DwsqWHOH0=\/arc-anglerfish-arc2-prod-infobae\/public\/OX3U6N74IFEVDOYPLBAPIX7TIE.jpg\" alt=\"Los resultados del escrutinio oficial de las PASO.\">Los resultados del escrutinio oficial de las PASO.<\/p>\n\n\n\n<p>Entre Milei y Bullrich, la diferencia es de 456.303 votos. Entre Bullrich y Massa, 176.899 votos. Y entre Milei y Massa, 633.202 votos. Son diferencias m\u00ednimas, exiguas, sobre un padr\u00f3n total de 35.815.436 ciudadanos habilitados para votar. Pero hay que mirar tambi\u00e9n otra cuenta: fueron a las urnas 24.935.581 personas, por lo tanto casi 11 millones se ausentaron. Y de los que fueron, 1.660.000 votaron blanco o nulo y 745 mil eligieron precandidatos que no superaron las PASO.<\/p>\n\n\n\n<p>En limpio: hay casi 13 millones de votos \u201cvacantes\u201d. 1 de cada 3 votos. El recuento confirm\u00f3 que cada sufragio vale mucho m\u00e1s que antes. Mientras las diferencias entre candidatos fueron tan escasas, hay un mar de desencantados que no se sintieron interpelados.<\/p>\n\n\n\n<p>Pero el escrutinio definitivo da una foto vieja, sepia. Es una instant\u00e1nea de un tiempo que ya no existe. Una radiograf\u00eda sin la devaluaci\u00f3n del 22%, la disparada autom\u00e1tica en los precios -sobre todo en alimentos- ni el envi\u00f3n que tienen todos los ganadores, ni los casos conmocionantes de inseguridad, como el asesinato del ingeniero Mariano Barbieri, un simpatizante de Milei que fue acuchillado en pleno barrio porte\u00f1o de Palermo para robarle el celular.<\/p>\n\n\n\n<p>La inseguridad es uno de los dramas que los analistas y consultores pol\u00edticos miran con especial atenci\u00f3n. De hecho, fuentes de Uni\u00f3n por la Patria y Juntos por el Cambio reconocieron que el crimen de Morena Dom\u00ednguez, la nena de 11 a\u00f1os asesinada en Lan\u00fas por motochorros que tambi\u00e9n le robaron el celular, tuvo un impacto en el clima social.<\/p>\n\n\n\n<h2>Tres tercios<\/h2>\n\n\n\n<p><img decoding=\"async\" loading=\"lazy\" alt=\"Patricia Bullrich y Carlos Melconian\" height=\"1080\" width=\"1920\" src=\"https:\/\/www.infobae.com\/new-resizer\/J06Sm3EzhxExwidHLUfCkR_39YQ=\/arc-anglerfish-arc2-prod-infobae\/public\/UC5KW2NZH5CBVJQ3T74H5ZVZSA.jpg\" srcset=\"https:\/\/www.infobae.com\/new-resizer\/nqLQqvZVU4n0fA6f2q4pwGr4ri8=\/420x236\/filters:format(webp):quality(85)\/cloudfront-us-east-1.images.arcpublishing.com\/infobae\/UC5KW2NZH5CBVJQ3T74H5ZVZSA.jpg 420w,https:\/\/www.infobae.com\/new-resizer\/vSTbnMcRWt39WOS_N4uxzaSqw4s=\/768x432\/filters:format(webp):quality(85)\/cloudfront-us-east-1.images.arcpublishing.com\/infobae\/UC5KW2NZH5CBVJQ3T74H5ZVZSA.jpg 768w,https:\/\/www.infobae.com\/new-resizer\/v0bC4c6N9TKtAsGtIced6zLqx9Q=\/992x558\/filters:format(webp):quality(85)\/cloudfront-us-east-1.images.arcpublishing.com\/infobae\/UC5KW2NZH5CBVJQ3T74H5ZVZSA.jpg 992w,https:\/\/www.infobae.com\/new-resizer\/MKlceGFNHqZY9vY9cRoj37lt48M=\/1200x675\/filters:format(webp):quality(85)\/cloudfront-us-east-1.images.arcpublishing.com\/infobae\/UC5KW2NZH5CBVJQ3T74H5ZVZSA.jpg 1200w,https:\/\/www.infobae.com\/new-resizer\/Hf3BKr0iuUF2xYWaq_n3WMREN6w=\/1440x810\/filters:format(webp):quality(85)\/cloudfront-us-east-1.images.arcpublishing.com\/infobae\/UC5KW2NZH5CBVJQ3T74H5ZVZSA.jpg 1440w\">Patricia Bullrich y Carlos Melconian<\/p>\n\n\n\n<p>En esa cancha embarrada empezaron a jugar Milei, Bullrich y Massa. Para Diego Reynoso, la dificultad mayor la tiene la candidata de Juntos por el Cambio, que queda en medio de dos polos y debe, al mismo tiempo, garantizarse retener todos los votos de su derrotado adversario, Horacio Rodr\u00edguez Larreta, y al mismo tiempo sumar.<\/p>\n\n\n\n<p><strong>Gustavo C\u00f3rdoba<\/strong>, de Zuban C\u00f3rdoba, me cont\u00f3 d\u00edas atr\u00e1s que no hay que perder de vista que muchos votantes de Juntos por el Cambio no suelen participar de las PASO. Es una conducta del voto no peronista que se viene repitiendo desde que se instauraron las Primarias Abiertas, Simult\u00e1neas y Obligatorias que ide\u00f3 N\u00e9stor Kirchner.<\/p>\n\n\n\n<p>Pero volviendo a Reynoso, el polit\u00f3logo describi\u00f3 que \u201cMilei empez\u00f3 a volverse menos estridente e hiperinflacionario de propuestas\u201d y que inici\u00f3 un camino de incipiente moderaci\u00f3n. \u201cNo tiene propuestas moderadas, sino que moder\u00f3 el tono en que enuncia las propuestas y est\u00e1 calibrando los tiempos y la velocidad de los cambios que plantea\u201d, afirm\u00f3.<\/p>\n\n\n\n<p>Para el director de la Encuesta de Satisfacci\u00f3n Pol\u00edtica de la Universidad de San Andr\u00e9s, el l\u00edder libertario \u201ctrata de volverse como una propuesta un poco m\u00e1s racional, porque habr\u00e1n entendido que hay una proporci\u00f3n de electorado que quiere convencer que ya no es a los que convencieron en la primera etapa, de gente malhumorada\u201d.<\/p>\n\n\n\n<p>\u201cLo de Patricia Bullrich me parece l\u00f3gico que haya elegido a Carlos Melconian como su ministro de Econom\u00eda. Es una estrategia. Ella es una candidata que logr\u00f3 derrotar a alguien que era casi el futuro presidente, como Horacio Rodr\u00edguez Larreta. Ahora le toca jugar en un terreno muy complicado desde el punto de vista competitivo, porque no es discursivamente buena en el terreno econ\u00f3mico y enfrenta a dos candidatos muy duchos, muy dotados, con mucho&nbsp;<em>expertise&nbsp;<\/em>en ese terreno\u201d, explic\u00f3 Reynoso.<\/p>\n\n\n\n<p><img decoding=\"async\" loading=\"lazy\" alt=\"Sergio Massa, el ministro de Econom\u00eda y candidato de Uni\u00f3n por la Patria\" height=\"3257\" width=\"4883\" src=\"https:\/\/www.infobae.com\/new-resizer\/icEHE9AuZq7KaGPq5wpHZq6SAtc=\/arc-anglerfish-arc2-prod-infobae\/public\/OBG2ACRRBVWEDDN5KZJQ4AY75E.jpg\" srcset=\"https:\/\/www.infobae.com\/new-resizer\/wj-EqltNs6iNbkQPsQxDFp8zKEc=\/420x280\/filters:format(webp):quality(85)\/cloudfront-us-east-1.images.arcpublishing.com\/infobae\/OBG2ACRRBVWEDDN5KZJQ4AY75E.jpg 420w,https:\/\/www.infobae.com\/new-resizer\/wkLeebevMxkdAiWpa_cHdkNojhc=\/768x512\/filters:format(webp):quality(85)\/cloudfront-us-east-1.images.arcpublishing.com\/infobae\/OBG2ACRRBVWEDDN5KZJQ4AY75E.jpg 768w,https:\/\/www.infobae.com\/new-resizer\/T8cnTKqGY2n_mXola0MFWWn_Bzg=\/992x661\/filters:format(webp):quality(85)\/cloudfront-us-east-1.images.arcpublishing.com\/infobae\/OBG2ACRRBVWEDDN5KZJQ4AY75E.jpg 992w,https:\/\/www.infobae.com\/new-resizer\/ntIAv03hj5jpPKFVZ7qZCBioDGY=\/1200x800\/filters:format(webp):quality(85)\/cloudfront-us-east-1.images.arcpublishing.com\/infobae\/OBG2ACRRBVWEDDN5KZJQ4AY75E.jpg 1200w,https:\/\/www.infobae.com\/new-resizer\/2G02dJiKhAo-FAhM6WsWz-OyNkc=\/1440x960\/filters:format(webp):quality(85)\/cloudfront-us-east-1.images.arcpublishing.com\/infobae\/OBG2ACRRBVWEDDN5KZJQ4AY75E.jpg 1440w\">Sergio Massa, el ministro de Econom\u00eda y candidato de Uni\u00f3n por la Patria<\/p>\n\n\n\n<p>Y complet\u00f3: \u201cJavier Milei es un economista te\u00f3rico, no un economista emp\u00edrico. Y Sergio Massa, si bien no es economista, es el ministro de Econom\u00eda y emp\u00edricamente entiende qu\u00e9 est\u00e1 pasando. Bullrich no tiene ni una cosa ni la otra y y su formaci\u00f3n adem\u00e1s no est\u00e1 asociada a la econom\u00eda. Traerlo a la escena a Melconian le permite tener a un jugador en ese escenario\u201d.<\/p>\n\n\n\n<p>Finalmente, destac\u00f3 que \u201clo de Sergio Massa es un gran problema. Massa o cualquier candidato oficialista no tiene que proponer, sino mostrar desempe\u00f1o. En cualquier democracia, el gobierno juega con lo que hizo y pone ad refer\u00e9ndum del electorado lo hecho\u201d.<\/p>\n\n\n\n<p>\u201cSi cualquier gobierno lo hizo bien, no tiene nada que prometer. Dice \u2018esta es nuestra obra, no elijas a otro\u2019, y si lo hizo mal, tiene que mostrar una reinterpretaci\u00f3n de lo hecho. Est\u00e1 claro que la insatisfacci\u00f3n es muy grande con el desempe\u00f1o general del gobierno, pero eso no quita que Massa sea una excelente candidato y que muy probablemente est\u00e9 haciendo malabares por mantener las cosas en un relativo no digo orden, pero si un relativo control. De una situaci\u00f3n que de otra manera muy probablemente se hubiese desmadrado antes\u201d, concluy\u00f3.<\/p>\n\n\n\n<p>Fuente: Infobae<\/p>\n","protected":false},"excerpt":{"rendered":"<div class=\"mh-excerpt\"><p>Son 100 d\u00edas que pueden ser nada o un mont\u00f3n. Cien d\u00edas que le quedan al gobierno de&nbsp;Alberto Fern\u00e1ndez y Cristina Kirchner.&nbsp;100 d\u00edas de un experimento pol\u00edtico que, a fuerza de decepciones y fracasos, alumbr\u00f3 el fen\u00f3meno imparable de&nbsp;Javier Milei, el vencedor en simult\u00e1neo de los dos polos de la grieta. Pocas fotos pol\u00edticas envejecieron tan mal como las del 10 de diciembre de 2019. La sonrisa exultante de la reci\u00e9n asumida vicepresidenta, que sugiere una \u00edntima redenci\u00f3n. La imagen de un presidente que hab\u00eda llegado por una de esas carambolas que se dan en la Argentina. Y al costado,&nbsp;Mauricio <a class=\"mh-excerpt-more\" href=\"http:\/\/dsrmedios.com.ar\/diario\/archivos\/39019\" title=\"Los \u00faltimos 100 d\u00edas de un gobierno que alumbr\u00f3 el fen\u00f3meno imparable de Milei\">[Leer m\u00e1s]<\/a><\/p>\n<\/div>","protected":false},"author":8,"featured_media":39020,"comment_status":"open","ping_status":"closed","sticky":false,"template":"","format":"standard","meta":{"_jetpack_newsletter_access":""},"categories":[6],"tags":[],"jetpack_featured_media_url":"http:\/\/dsrmedios.com.ar\/diario\/wp-content\/uploads\/2023\/09\/images-45.jpg","jetpack_sharing_enabled":true,"jetpack_shortlink":"https:\/\/wp.me\/p9fihK-a9l","_links":{"self":[{"href":"http:\/\/dsrmedios.com.ar\/diario\/wp-json\/wp\/v2\/posts\/39019"}],"collection":[{"href":"http:\/\/dsrmedios.com.ar\/diario\/wp-json\/wp\/v2\/posts"}],"about":[{"href":"http:\/\/dsrmedios.com.ar\/diario\/wp-json\/wp\/v2\/types\/post"}],"author":[{"embeddable":true,"href":"http:\/\/dsrmedios.com.ar\/diario\/wp-json\/wp\/v2\/users\/8"}],"replies":[{"embeddable":true,"href":"http:\/\/dsrmedios.com.ar\/diario\/wp-json\/wp\/v2\/comments?post=39019"}],"version-history":[{"count":1,"href":"http:\/\/dsrmedios.com.ar\/diario\/wp-json\/wp\/v2\/posts\/39019\/revisions"}],"predecessor-version":[{"id":39021,"href":"http:\/\/dsrmedios.com.ar\/diario\/wp-json\/wp\/v2\/posts\/39019\/revisions\/39021"}],"wp:featuredmedia":[{"embeddable":true,"href":"http:\/\/dsrmedios.com.ar\/diario\/wp-json\/wp\/v2\/media\/39020"}],"wp:attachment":[{"href":"http:\/\/dsrmedios.com.ar\/diario\/wp-json\/wp\/v2\/media?parent=39019"}],"wp:term":[{"taxonomy":"category","embeddable":true,"href":"http:\/\/dsrmedios.com.ar\/diario\/wp-json\/wp\/v2\/categories?post=39019"},{"taxonomy":"post_tag","embeddable":true,"href":"http:\/\/dsrmedios.com.ar\/diario\/wp-json\/wp\/v2\/tags?post=39019"}],"curies":[{"name":"wp","href":"https:\/\/api.w.org\/{rel}","templated":true}]}}