{"id":39002,"date":"2023-09-01T10:41:09","date_gmt":"2023-09-01T13:41:09","guid":{"rendered":"http:\/\/dsrmedios.com.ar\/diario\/?p=39002"},"modified":"2023-09-01T10:41:11","modified_gmt":"2023-09-01T13:41:11","slug":"pese-a-la-caida-del-poder-adquisitivo-en-junio-la-actividad-comercial-fue-la-mas-alta-en-cinco-anos","status":"publish","type":"post","link":"http:\/\/dsrmedios.com.ar\/diario\/archivos\/39002","title":{"rendered":"Pese a la ca\u00edda del poder adquisitivo, en junio la actividad comercial fue la m\u00e1s alta en cinco a\u00f1os"},"content":{"rendered":"\n<p>Durante el primer semestre de 2023 los trabajadores asalariados perdieron por 3,5 puntos contra la inflaci\u00f3n, pero las estad\u00edsticas oficiales demuestran que la p\u00e9rdida del poder adquisitivo no impact\u00f3 en el consumo de forma significativa, al menos a nivel general.<\/p>\n\n\n\n<p>Seg\u00fan el<strong>&nbsp;Estimador Mensual de Actividad Econ\u00f3mica (EMAE)&nbsp;<\/strong>del Indec, el rubro de \u201ccomercio mayorista, minorista y reparaciones\u201d, donde est\u00e1n comprendidos por ejemplo los supermercados y las tiendas de ropa, registr\u00f3 un crecimiento del 1,6% en sus ventas en junio de este a\u00f1o.<\/p>\n\n\n\n<p>Con ese resultado, el nivel de actividad del comercio alcanz\u00f3 el punto m\u00e1s alto desde marzo de 2018, aunque se debe tener en cuenta que se trata de un rubro muy estacional, por lo que lo t\u00e9cnicamente correcto ser\u00eda analizar la evoluci\u00f3n del ritmo de ventas a lo largo de los meses de junio de cada a\u00f1o. En ese caso, no se encuentra ning\u00fan antecedente con un ritmo de consumo m\u00e1s alto que el del sexto mes de 2023 desde que se hace la medici\u00f3n (2004), por lo que se puede concluir que el sector tuvo su mejor inicio de temporada invernal de las \u00faltimas dos d\u00e9cadas.<\/p>\n\n\n\n<p>El resultado se desprende de un \u00edndice que elabora el&nbsp;<strong>Instituto Nacional de Estad\u00edsticas y Censos&nbsp;<\/strong>en funci\u00f3n de las ventas logradas por el comercio en cuatro grandes rubros de productos: agropecuarios de origen nacional, industriales nacionales, importados y agropecuarios de exportaci\u00f3n. A eso se le suma el mantenimiento y reparaci\u00f3n de automotores y la reparaci\u00f3n de efectos personales.<\/p>\n\n\n\n<h2>Qu\u00e9 comercios repuntaron<\/h2>\n\n\n\n<p>Como se puede concluir, el segmento comercial del EMAE sintetiza el resultado de ventas de empresas de muchos sectores, pero se puede tener una idea m\u00e1s precisa del comportamiento del consumo analizando otros estudios del Indec publicados en las \u00faltimas semanas.<\/p>\n\n\n\n<p><img decoding=\"async\" loading=\"lazy\" alt=\"Los supermercados cerraron el primer semestre del a\u00f1o con un crecimiento real de sus ventas. Bloomberg\" height=\"2999\" width=\"4500\" src=\"https:\/\/www.infobae.com\/new-resizer\/qfmSuvYCS5XF_n417HdoKK8l-YU=\/arc-anglerfish-arc2-prod-infobae\/public\/YUJTI37SAJCTNECRZ6QQTTSV6Y.jpg\" srcset=\"https:\/\/www.infobae.com\/new-resizer\/ELliOJNTA1wtBR4xyk6d9CcvDxc=\/420x280\/filters:format(webp):quality(85)\/cloudfront-us-east-1.images.arcpublishing.com\/infobae\/YUJTI37SAJCTNECRZ6QQTTSV6Y.jpg 420w,https:\/\/www.infobae.com\/new-resizer\/25-uAIE3aNuqIrdHP4NrAK6102A=\/768x512\/filters:format(webp):quality(85)\/cloudfront-us-east-1.images.arcpublishing.com\/infobae\/YUJTI37SAJCTNECRZ6QQTTSV6Y.jpg 768w,https:\/\/www.infobae.com\/new-resizer\/Y7ogaVpr-d1xwU3Cc6Jg2JupY3k=\/992x661\/filters:format(webp):quality(85)\/cloudfront-us-east-1.images.arcpublishing.com\/infobae\/YUJTI37SAJCTNECRZ6QQTTSV6Y.jpg 992w,https:\/\/www.infobae.com\/new-resizer\/DccMQ_o4kGrHNOwBnTDKL83Y0RM=\/1200x800\/filters:format(webp):quality(85)\/cloudfront-us-east-1.images.arcpublishing.com\/infobae\/YUJTI37SAJCTNECRZ6QQTTSV6Y.jpg 1200w,https:\/\/www.infobae.com\/new-resizer\/tMKXv1BSdUu69LySLtC6Y_k8szA=\/1440x960\/filters:format(webp):quality(85)\/cloudfront-us-east-1.images.arcpublishing.com\/infobae\/YUJTI37SAJCTNECRZ6QQTTSV6Y.jpg 1440w\">Los supermercados cerraron el primer semestre del a\u00f1o con un crecimiento real de sus ventas. Bloomberg<\/p>\n\n\n\n<p>La&nbsp;<strong>encuesta de supermercados<\/strong>, por ejemplo, revel\u00f3 que en el acumulado de los primeros seis meses del 2023 los s\u00fapers e h\u00edpers del pa\u00eds lograron un incremento real interanual de su facturaci\u00f3n del 1,4% (descontando el efecto de la inflaci\u00f3n). Tambi\u00e9n los&nbsp;<strong>mayoristas&nbsp;<\/strong>tuvieron una primera mitad del a\u00f1o positiva, con una mejora real de facturaci\u00f3n del 2,7% en comparaci\u00f3n al per\u00edodo enero-junio del 2022.<\/p>\n\n\n\n<p>Donde m\u00e1s se not\u00f3 el crecimiento fue en los&nbsp;<strong>centros de compras<\/strong>. Los comercios facturaron en junio m\u00e1s de $144 mil millones y con eso, alcanzaron un crecimiento real del 11,8% en comparaci\u00f3n al mismo mes del a\u00f1o pasado.<\/p>\n\n\n\n<p>La excepci\u00f3n fueron las ventas de<strong>\u00a0electrodom\u00e9sticos y productos electr\u00f3nicos<\/strong>. Los negocios de esa categor\u00eda registraron en junio pasado un crecimiento interanual nominal del 109,2% en su facturaci\u00f3n, con lo que no lograron compensar el avance de la inflaci\u00f3n, que fue de 115,6% entre junio de 2022 e igual mes de este a\u00f1o.<\/p>\n\n\n\n<p>En relaci\u00f3n a los resultados generales, se debe considerar que las estad\u00edsticas reflejan s\u00f3lo lo ocurrido en junio y durante la primera mitad del a\u00f1o. A partir de entonces el escenario cambi\u00f3 mucho, sobre todo a partir de agosto, con la devaluaci\u00f3n del peso y la suba de la tasa de inter\u00e9s de referencia al 118%, lo que le quit\u00f3 poder de compra al peso y encareci\u00f3 los pr\u00e9stamos y el financiamiento con tarjetas de cr\u00e9dito.<\/p>\n\n\n\n<p>Por otro lado, tuvo cierto nivel de incidencia una de las medidas implementadas por el Gobierno nacional para favorecer la llegada de extranjeros. Desde que se empez\u00f3 a reconocer a los turistas internacionales un tipo de cambio equivalente al d\u00f3lar MEP, la llegada de visitantes de otros pa\u00edses se dispar\u00f3, al punto que varias ciudades fronterizas registraron n\u00fameros r\u00e9cord de turismo internacional y fueron sede de \u201ctours de compras\u201d organizadas desde los pa\u00edses vecinos.<\/p>\n\n\n\n<p>Fuente: Infobae<\/p>\n","protected":false},"excerpt":{"rendered":"<div class=\"mh-excerpt\"><p>Durante el primer semestre de 2023 los trabajadores asalariados perdieron por 3,5 puntos contra la inflaci\u00f3n, pero las estad\u00edsticas oficiales demuestran que la p\u00e9rdida del poder adquisitivo no impact\u00f3 en el consumo de forma significativa, al menos a nivel general. Seg\u00fan el&nbsp;Estimador Mensual de Actividad Econ\u00f3mica (EMAE)&nbsp;del Indec, el rubro de \u201ccomercio mayorista, minorista y reparaciones\u201d, donde est\u00e1n comprendidos por ejemplo los supermercados y las tiendas de ropa, registr\u00f3 un crecimiento del 1,6% en sus ventas en junio de este a\u00f1o. Con ese resultado, el nivel de actividad del comercio alcanz\u00f3 el punto m\u00e1s alto desde marzo de 2018, aunque <a class=\"mh-excerpt-more\" href=\"http:\/\/dsrmedios.com.ar\/diario\/archivos\/39002\" title=\"Pese a la ca\u00edda del poder adquisitivo, en junio la actividad comercial fue la m\u00e1s alta en cinco a\u00f1os\">[Leer m\u00e1s]<\/a><\/p>\n<\/div>","protected":false},"author":8,"featured_media":39003,"comment_status":"open","ping_status":"closed","sticky":false,"template":"","format":"standard","meta":{"_jetpack_newsletter_access":""},"categories":[6],"tags":[],"jetpack_featured_media_url":"http:\/\/dsrmedios.com.ar\/diario\/wp-content\/uploads\/2023\/09\/images-44.jpg","jetpack_sharing_enabled":true,"jetpack_shortlink":"https:\/\/wp.me\/p9fihK-a94","_links":{"self":[{"href":"http:\/\/dsrmedios.com.ar\/diario\/wp-json\/wp\/v2\/posts\/39002"}],"collection":[{"href":"http:\/\/dsrmedios.com.ar\/diario\/wp-json\/wp\/v2\/posts"}],"about":[{"href":"http:\/\/dsrmedios.com.ar\/diario\/wp-json\/wp\/v2\/types\/post"}],"author":[{"embeddable":true,"href":"http:\/\/dsrmedios.com.ar\/diario\/wp-json\/wp\/v2\/users\/8"}],"replies":[{"embeddable":true,"href":"http:\/\/dsrmedios.com.ar\/diario\/wp-json\/wp\/v2\/comments?post=39002"}],"version-history":[{"count":1,"href":"http:\/\/dsrmedios.com.ar\/diario\/wp-json\/wp\/v2\/posts\/39002\/revisions"}],"predecessor-version":[{"id":39004,"href":"http:\/\/dsrmedios.com.ar\/diario\/wp-json\/wp\/v2\/posts\/39002\/revisions\/39004"}],"wp:featuredmedia":[{"embeddable":true,"href":"http:\/\/dsrmedios.com.ar\/diario\/wp-json\/wp\/v2\/media\/39003"}],"wp:attachment":[{"href":"http:\/\/dsrmedios.com.ar\/diario\/wp-json\/wp\/v2\/media?parent=39002"}],"wp:term":[{"taxonomy":"category","embeddable":true,"href":"http:\/\/dsrmedios.com.ar\/diario\/wp-json\/wp\/v2\/categories?post=39002"},{"taxonomy":"post_tag","embeddable":true,"href":"http:\/\/dsrmedios.com.ar\/diario\/wp-json\/wp\/v2\/tags?post=39002"}],"curies":[{"name":"wp","href":"https:\/\/api.w.org\/{rel}","templated":true}]}}