{"id":39000,"date":"2023-09-01T10:41:44","date_gmt":"2023-09-01T13:41:44","guid":{"rendered":"http:\/\/dsrmedios.com.ar\/diario\/?p=39000"},"modified":"2023-09-01T10:41:47","modified_gmt":"2023-09-01T13:41:47","slug":"uno-por-uno-los-aumentos-a-partir-de-septiembre","status":"publish","type":"post","link":"http:\/\/dsrmedios.com.ar\/diario\/archivos\/39000","title":{"rendered":"Uno por uno, los aumentos a partir de septiembre"},"content":{"rendered":"\n<p>A partir de este viernes, 1<sup>o<\/sup>&nbsp;de septiembre,&nbsp;<strong>subir\u00e1n las tarifas de algunos servicios, lo que impactar\u00e1 de lleno en la econom\u00eda hogare\u00f1a y en los comercios<\/strong>, a\u00fan teniendo en cuenta el congelamiento de precios en algunos rubros hasta el 31 de octubre.<\/p>\n\n\n\n<ul>\n<li><strong>Alimentos<\/strong>: la suba acordada con el Gobierno ser\u00e1 del 5% en los 52.000 productos&nbsp;<a href=\"https:\/\/www.minutouno.com\/economia\/sergio-massa\/los-detalles-del-nuevo-acuerdo-precios-alimentos-combustibles-y-medicamentos-n5805673\" target=\"_blank\" rel=\"noreferrer noopener\">que forman parte del convenio<\/a>.<\/li>\n\n\n\n<li><strong>Colectivos<\/strong>: el&nbsp;<a href=\"https:\/\/www.minutouno.com\/sociedad\/colectivos\/subiran-los-boletos-trenes-y-subte-el-amba-n5797044\" target=\"_blank\" rel=\"noreferrer noopener\">boleto m\u00ednimo de los servicios<\/a>&nbsp;de colectivos en el AMBA costar\u00e1 desde $ 56,24 (0 a 3 kil\u00f3metros) hasta $ 77,11 (m\u00e1s de 27 km).<\/li>\n\n\n\n<li><strong>Luz<\/strong>: seg\u00fan inform\u00f3 el diario&nbsp;<em>La Naci\u00f3n<\/em>, el incremento rondar\u00eda el 5,6% para comercios y hogares de altos ingresos,&nbsp;<a href=\"https:\/\/www.minutouno.com\/economia\/tarifas\/el-gobierno-anticipo-que-analiza-avanzar-una-nueva-actualizacion-las-luz-n5799192\" target=\"_blank\" rel=\"noreferrer noopener\">aunque a\u00fan no se hizo un anuncio oficial<\/a>.<\/li>\n\n\n\n<li><strong>Prepagas:<\/strong>&nbsp;se comenzaron a recibir sus facturas con un 7,18% de aumento a pesar de que a\u00fan no concluy\u00f3&nbsp;<a href=\"https:\/\/www.minutouno.com\/economia\/prepagas\/cruce-el-gobierno-y-las-la-suspension-la-suba-las-cuotas-n5807298\" target=\"_blank\" rel=\"noreferrer noopener\">la pulseada entre el Gobierno y las compa\u00f1\u00edas del sector<\/a>.<\/li>\n\n\n\n<li><strong>Servicio dom\u00e9stico<\/strong>: la&nbsp;<a href=\"https:\/\/www.minutouno.com\/economia\/empleadas-domesticas\/nuevo-aumento-cuanto-cobraran-partir-agosto-n5779576\" target=\"_blank\" rel=\"noreferrer noopener\">buena noticia para las empleadas de casas particulares<\/a>&nbsp;es que percibir\u00e1n un aumento del 8% en sus sueldos a partir de septiembre.<\/li>\n\n\n\n<li><strong>Subte:<\/strong>&nbsp;el boleto pasar\u00e1 a costar $ 80 y el pasaje de Premetro, 28.<\/li>\n\n\n\n<li><strong>Telefon\u00eda (incluidos celulares), internet y televisi\u00f3n paga<\/strong>: habr\u00e1 un aumento del 4,5% en todos los abonos, como ocurri\u00f3 en los meses anteriores y suceder\u00e1 hasta fin de a\u00f1o.<\/li>\n<\/ul>\n\n\n\n<p>Fuente: Infobae<\/p>\n","protected":false},"excerpt":{"rendered":"<div class=\"mh-excerpt\"><p>A partir de este viernes, 1o&nbsp;de septiembre,&nbsp;subir\u00e1n las tarifas de algunos servicios, lo que impactar\u00e1 de lleno en la econom\u00eda hogare\u00f1a y en los comercios, a\u00fan teniendo en cuenta el congelamiento de precios en algunos rubros hasta el 31 de octubre. Fuente: Infobae<\/p>\n<\/div>","protected":false},"author":8,"featured_media":2591,"comment_status":"open","ping_status":"closed","sticky":false,"template":"","format":"standard","meta":{"_jetpack_newsletter_access":""},"categories":[6],"tags":[],"jetpack_featured_media_url":"http:\/\/dsrmedios.com.ar\/diario\/wp-content\/uploads\/2017\/11\/gasluz.jpg","jetpack_sharing_enabled":true,"jetpack_shortlink":"https:\/\/wp.me\/p9fihK-a92","_links":{"self":[{"href":"http:\/\/dsrmedios.com.ar\/diario\/wp-json\/wp\/v2\/posts\/39000"}],"collection":[{"href":"http:\/\/dsrmedios.com.ar\/diario\/wp-json\/wp\/v2\/posts"}],"about":[{"href":"http:\/\/dsrmedios.com.ar\/diario\/wp-json\/wp\/v2\/types\/post"}],"author":[{"embeddable":true,"href":"http:\/\/dsrmedios.com.ar\/diario\/wp-json\/wp\/v2\/users\/8"}],"replies":[{"embeddable":true,"href":"http:\/\/dsrmedios.com.ar\/diario\/wp-json\/wp\/v2\/comments?post=39000"}],"version-history":[{"count":1,"href":"http:\/\/dsrmedios.com.ar\/diario\/wp-json\/wp\/v2\/posts\/39000\/revisions"}],"predecessor-version":[{"id":39005,"href":"http:\/\/dsrmedios.com.ar\/diario\/wp-json\/wp\/v2\/posts\/39000\/revisions\/39005"}],"wp:featuredmedia":[{"embeddable":true,"href":"http:\/\/dsrmedios.com.ar\/diario\/wp-json\/wp\/v2\/media\/2591"}],"wp:attachment":[{"href":"http:\/\/dsrmedios.com.ar\/diario\/wp-json\/wp\/v2\/media?parent=39000"}],"wp:term":[{"taxonomy":"category","embeddable":true,"href":"http:\/\/dsrmedios.com.ar\/diario\/wp-json\/wp\/v2\/categories?post=39000"},{"taxonomy":"post_tag","embeddable":true,"href":"http:\/\/dsrmedios.com.ar\/diario\/wp-json\/wp\/v2\/tags?post=39000"}],"curies":[{"name":"wp","href":"https:\/\/api.w.org\/{rel}","templated":true}]}}