{"id":38987,"date":"2023-09-01T10:19:32","date_gmt":"2023-09-01T13:19:32","guid":{"rendered":"http:\/\/dsrmedios.com.ar\/diario\/?p=38987"},"modified":"2023-09-01T10:21:36","modified_gmt":"2023-09-01T13:21:36","slug":"franco-colapinto-buscara-hacer-historia-en-la-ultima-fecha-de-la-formula-3-que-necesita-para-ser-subcampeon-del-torneo","status":"publish","type":"post","link":"http:\/\/dsrmedios.com.ar\/diario\/archivos\/38987","title":{"rendered":"Franco Colapinto buscar\u00e1 hacer historia en la \u00faltima fecha de la F\u00f3rmula 3: qu\u00e9 necesita para ser subcampe\u00f3n del torneo"},"content":{"rendered":"\n<p>La temporada 2023 de la\u00a0<strong>F\u00f3rmula 3\u00a0<\/strong>llegar\u00e1 a su fin este fin de semana y el argentino\u00a0<strong>Franco Colapinto\u00a0<\/strong>buscar\u00e1 terminar lo m\u00e1s arriba posible. Junto a otros tres pilotos luchar\u00e1n por el segundo puesto de un campeonato en el que al brasile\u00f1o\u00a0<strong>Gabriel Bortoleto<\/strong>\u00a0le falta solo un tr\u00e1mite para coronarse. La definici\u00f3n ser\u00e1 nada menos que en el\u00a0<strong>Aut\u00f3dromo Nacional de Monza<\/strong>, en el marco del\u00a0<strong>Gran Premio de Italia de la F\u00f3rmula 1<\/strong>.<\/p>\n\n\n\n<p>Poder finalizar en el podio era en la previa del campeonato uno de los m\u00e1ximos desaf\u00edos deportivos para Colapinto, de 20 a\u00f1os, que integra la academia de pilotos de&nbsp;<strong>Williams<\/strong>. Fue una temporada con altibajos, con errores del piloto y del equipo&nbsp;<strong>MP Motorsport<\/strong>, como la exclusi\u00f3n que sufri\u00f3 el bonaerense tras su victoria en Australia por una irregularidad t\u00e9cnica y las gomas para piso seco en la segunda de B\u00e9lgica bajo una lluvia torrencial. Pero Franco, cada vez que pudo pelear en pista, capitaliz\u00f3 sus dos mejores armas: su defensa y el ataque. El de Pilar suele ser agresivo tanto para ir a buscar como para resguardar una posici\u00f3n.<\/p>\n\n\n\n<p><strong>Bortoleto (Trident \/ 144 puntos)<\/strong>, con sumar un solo punto, ya se adjudicar\u00e1 la corona. Segundo se ubica el estonio&nbsp;<strong>Paul Aron (Prema \/ 106)<\/strong>&nbsp;y detr\u00e1s aparecen el espa\u00f1ol&nbsp;<strong>Jos\u00e9 Mart\u00ed (Campos Racing \/ 105)<\/strong>, el ingl\u00e9s&nbsp;<strong>Zak O\u2019Sullivan (Prema \/ 101<\/strong>). Colapinto suma<strong>&nbsp;100 puntos<\/strong>&nbsp;y la pelea por el subcampeonato est\u00e1 con esos tres pilotos y en especial con<strong>&nbsp;O\u2019Sullivan<\/strong>, quien tambi\u00e9n es un pupilo de Williams. Ambos se disputan algo m\u00e1s que un lugar en el campeonato, que es ser el mejor representante de la hist\u00f3rica escuder\u00eda inglesa.<\/p>\n\n\n\n<p>La actividad en el m\u00edtico circuito italiano arrancar\u00e1 este viernes con la \u00fanica tanda de entrenamientos (4.40 de la Argentina). Habr\u00e1&nbsp;<strong>39 puntos<\/strong>&nbsp;en juego:&nbsp;<strong>2 por la pole positions<\/strong>, que es el mejor lugar de clasificaci\u00f3n (10.05). El s\u00e1bado la carrera&nbsp;<strong>Sprint<\/strong>&nbsp;(4.25) otorgar\u00e1&nbsp;<strong>10 unidades&nbsp;<\/strong>al vencedor. Luego la escala es descendiente hasta con un punto hasta completar el top diez:&nbsp;<strong>9, 8, 7, 6, 5, 4, 3, 2 y 1<\/strong>. El domingo (3.15) se correr\u00e1 la&nbsp;<strong>Feature Race<\/strong>&nbsp;(carrera destacada) con&nbsp;<strong>25 puntos<\/strong>&nbsp;al vencedor. Despu\u00e9s habr\u00e1 18 unidades para el segundo, 15 para el tercero, 12 para el cuarto, 10 para el quinto, 8 para el sexto, 6 para el s\u00e9ptimo, 4 para el octavo, 2 para el noveno y 1 para el d\u00e9cimo. Tambi\u00e9n habr\u00e1&nbsp;<strong>1 punto<\/strong>&nbsp;extra para el que marque el&nbsp;<strong>r\u00e9cord de vuelta&nbsp;<\/strong>en cada competencia, siempre y cuando&nbsp;<strong>finalice entre los diez primeros.&nbsp;<\/strong>Toda la actividad podr\u00e1 seguirse por&nbsp;<em>Star<\/em>&nbsp;e&nbsp;<em>ESPN<\/em>.<\/p>\n\n\n\n<p><img decoding=\"async\" loading=\"lazy\" alt=\"Franco Colapinto en acci\u00f3n con su Dallara en la \u00faltima fecha disputada en Spa-Francorchamps (James Gasperotti)\" height=\"1080\" width=\"1920\" src=\"https:\/\/www.infobae.com\/new-resizer\/Ie8emBimvP04uBlIA53WJNi8lxA=\/arc-anglerfish-arc2-prod-infobae\/public\/OGGMOZXNIJGRDES4ENEHZGH4QQ.jpg\" srcset=\"https:\/\/www.infobae.com\/new-resizer\/JbJexWP5Kz2FwmGlaqgQ7WxI86E=\/420x236\/filters:format(webp):quality(85)\/cloudfront-us-east-1.images.arcpublishing.com\/infobae\/OGGMOZXNIJGRDES4ENEHZGH4QQ.jpg 420w,https:\/\/www.infobae.com\/new-resizer\/ERY1fVfcw5PTP8zbQP73D65R4Hk=\/768x432\/filters:format(webp):quality(85)\/cloudfront-us-east-1.images.arcpublishing.com\/infobae\/OGGMOZXNIJGRDES4ENEHZGH4QQ.jpg 768w,https:\/\/www.infobae.com\/new-resizer\/YNn0quNvXWoiiEoLqbB0hUTLVrI=\/992x558\/filters:format(webp):quality(85)\/cloudfront-us-east-1.images.arcpublishing.com\/infobae\/OGGMOZXNIJGRDES4ENEHZGH4QQ.jpg 992w,https:\/\/www.infobae.com\/new-resizer\/jPwVq63xYpcFYNc9M0z23msf7q4=\/1200x675\/filters:format(webp):quality(85)\/cloudfront-us-east-1.images.arcpublishing.com\/infobae\/OGGMOZXNIJGRDES4ENEHZGH4QQ.jpg 1200w,https:\/\/www.infobae.com\/new-resizer\/_qNw4_hgcWPbgNOBzFVYEjGXLko=\/1440x810\/filters:format(webp):quality(85)\/cloudfront-us-east-1.images.arcpublishing.com\/infobae\/OGGMOZXNIJGRDES4ENEHZGH4QQ.jpg 1440w\">Franco Colapinto en acci\u00f3n con su Dallara en la \u00faltima fecha disputada en Spa-Francorchamps (James Gasperotti)<\/p>\n\n\n\n<p>Al estar cuatro pilotos encerrados en 6 puntos, la calculadora ser\u00e1 una herramienta clave y a la hora de especular con los resultados Franco no tiene mucho margen. Deber\u00e1 sumar al menos siete puntos m\u00e1s que el resto de sus rivales directos. Monza se caracteriza por ser un circuito r\u00e1pido y por algo se lo conoce como el \u201cTemplo de la Velocidad\u201d. Tener un buen motor para acelerar al m\u00e1ximo en las cuatro rectas del trazado italiano marcar\u00e1 la diferencia. Colapinto suele tener buenas clasificaciones y quiz\u00e1 ah\u00ed empiece a liquidar sus chances.<\/p>\n\n\n\n<p>Cabe destacar que los doce primeros de la clasificaci\u00f3n invierten sus posiciones para la grilla de partida de la carrera Sprint del s\u00e1bado. All\u00ed Franco necesitar\u00e1 ser cuarto (7 puntos) para superar la l\u00ednea de Aron y el resto, siempre y cuando \u00e9stos no sumen. La m\u00e1xima ser\u00eda que gane la carrera (10) y esperar que Aron y los dem\u00e1s terminen del octavo puesto (3) para atr\u00e1s (2 y 1).<\/p>\n\n\n\n<p>Mientras que el domingo el juego es m\u00e1s abierto porque hay m\u00e1s unidades en disputa. En el caso de que Franco llegue al segundo d\u00eda arriba de sus oponentes en la tabla, un triunfo (25) podr\u00eda capitalizar el subcampeonato. Algo menos dif\u00edcil es terminar otra vez cuarto (12), y que sus competidores terminen del quinto lugar (10) para atr\u00e1s. A este panorama matem\u00e1tico hay que considerar las variables puntuables del autor de la pole positions y los r\u00e9cords de vueltas.<\/p>\n\n\n\n<p>Se espera una definici\u00f3n apasionante y de alto voltaje ante la poca diferencia entre los cuatro corredores que luchar\u00e1n por el subcampeonato. La tensi\u00f3n ser\u00e1 un factor presente en cada instancia del fin de semana. Esto con el valor agregado del escenario, que le trae buenos recuerdo a&nbsp;<strong>Colapinto, que el a\u00f1o pasado alcanz\u00f3 su segunda victoria en la especialidad<\/strong>.<\/p>\n\n\n\n<p><img decoding=\"async\" loading=\"lazy\" alt=\"Colapinto apunta a terminar como el mejor piloto de la escuder\u00eda\" height=\"926\" width=\"1080\" src=\"https:\/\/www.infobae.com\/new-resizer\/FcgsYpSJ2Na82GWQy__BV3ACtyY=\/arc-anglerfish-arc2-prod-infobae\/public\/WJ74WL4QWVDXNLFUJVRDHWMAII.jpg\" srcset=\"https:\/\/www.infobae.com\/new-resizer\/FjRgKVyqV7BRdH07jAZC4EE-3AY=\/992x850\/filters:format(webp):quality(85)\/cloudfront-us-east-1.images.arcpublishing.com\/infobae\/WJ74WL4QWVDXNLFUJVRDHWMAII.jpg 992w\">Colapinto apunta a terminar como el mejor piloto de la escuder\u00eda<\/p>\n\n\n\n<p>Franco es una m\u00e1quina de cosechar puntos. En 2022, en su primer ejercicio en la\u00a0<strong>F\u00f3rmula 3<\/strong>, termin\u00f3 noveno en el campeonato y logr\u00f3 el\u00a0<strong>83,51 por ciento de las unidades de su ex equipo Van Amersfoort Racing<\/strong>, lo que demostr\u00f3 la buena performance del bonaerense. Mientras que este a\u00f1o Franco consigui\u00f3 el\u00a0<strong>69,93 por ciento de los tantos que obtuvo el MP Motorsport (143)<\/strong>, que es quinto en el certamen de equipo. El argentino tiene dos compa\u00f1eros de equipo el espa\u00f1ol\u00a0<strong>Mari Boya<\/strong>\u00a0y el ingl\u00e9s\u00a0<strong>Jonny Edgar<\/strong>.<\/p>\n\n\n\n<p>Este a\u00f1o Colapinto logr\u00f3 un triunfo, en&nbsp;<strong>Silverstone<\/strong>&nbsp;y cosech\u00f3 otros tres podios: dos segundos puestos en Bahr\u00e9in y Espa\u00f1a, y un tercer lugar en Hungr\u00eda. De las 16 carreras realizadas, sum\u00f3 puntos en 13, es decir, en esa cantidad termin\u00f3 en el top diez.<\/p>\n\n\n\n<p>Poder terminar lo m\u00e1s arriba posible. Eso fue lo apuntado por el director deportivo de<strong>\u00a0William<\/strong>s,\u00a0<a rel=\"noreferrer noopener\" href=\"https:\/\/www.infobae.com\/deportes\/2023\/02\/07\/el-director-deportivo-de-williams-le-metio-presion-a-franco-colapinto-queremos-que-luche-en-lo-mas-alto\/\" target=\"_blank\"><strong>Sven Smeets, en di\u00e1logo con Infobae en la previa del campeonato<\/strong><\/a>: \u201cPara Franco est\u00e1 muy claro que queremos que\u00a0<strong>luche en lo m\u00e1s alto y consiga m\u00e1s posiciones y victorias en las carreras<\/strong>. As\u00ed veo a Franco. Si todo sale bien, deber\u00eda estar luchando por el campeonato de la\u00a0<strong>F\u00f3rmula 3<\/strong>\u2033.<\/p>\n\n\n\n<p>Colapinto quiz\u00e1 se est\u00e9 jugando su continuidad en la academia de&nbsp;<strong>Williams&nbsp;<\/strong>con todo lo que eso significa. Este a\u00f1o pudo desarrollarse en la base del equipo en Grove donde trabaj\u00f3 mucho con el simulador de F1. Cada quinde d\u00edas viaj\u00f3 a Inglaterra para trabajar en el ambiente de un equipo de F1. En cuanto a su futuro, como tambi\u00e9n anticip\u00f3 este medio,&nbsp;<a rel=\"noreferrer noopener\" href=\"https:\/\/www.infobae.com\/deportes\/2023\/07\/22\/franco-colapinto-con-infobae-el-analisis-de-la-temporada-su-presente-en-williams-un-esperado-test-a-fin-de-ano-y-el-salto-a-la-formula-2\/\" target=\"_blank\"><strong>ser\u00eda un hecho que en 2024 pegar\u00e1 el salto a la F\u00f3rmula 2<\/strong><\/a>y a fin de a\u00f1o har\u00eda un ensayo con un auto de la categor\u00eda antesala a la M\u00e1xima en los tests de pos temporada en Abu Dhabi.<\/p>\n\n\n\n<p>La Argentina ya sabe lo que es tener un representante peleando bien arriba a nivel de F\u00f3rmula 3 internacional. Cabe recordar que en el formato de&nbsp;<strong>F\u00f3rmula 3 Europea<\/strong>,&nbsp;<strong>Oscar Rub\u00e9n Larrauri<\/strong>&nbsp;fue campe\u00f3n de forma anticipada en 1982. Y en la denominada GP3 Series, actual&nbsp;<strong>F\u00f3rmula 3<\/strong>, Facundo Regalia pele\u00f3 por el t\u00edtulo hasta la \u00faltima fecha de 2013 y perdi\u00f3 contra el ruso&nbsp;<strong>Daniil Kvyat<\/strong>, que luego corri\u00f3 en la F1.<\/p>\n\n\n\n<p>Otra vez las madrugadas del s\u00e1bado y domingo volver\u00e1n a encenderse para los fan\u00e1ticos argentinos del automovilismo que seguir\u00e1n la labor de&nbsp;<strong>Franco Colapinto<\/strong>. Hay mucha expectativa por esta definici\u00f3n porque hay mucho en juego. El argentino y sus rivales se est\u00e1n jugando el futuro para seguir el camino para hacer realidad el sue\u00f1o llamado F1.<\/p>\n\n\n\n<p>Fuente: Infobae<\/p>\n","protected":false},"excerpt":{"rendered":"<div class=\"mh-excerpt\"><p>La temporada 2023 de la\u00a0F\u00f3rmula 3\u00a0llegar\u00e1 a su fin este fin de semana y el argentino\u00a0Franco Colapinto\u00a0buscar\u00e1 terminar lo m\u00e1s arriba posible. Junto a otros tres pilotos luchar\u00e1n por el segundo puesto de un campeonato en el que al brasile\u00f1o\u00a0Gabriel Bortoleto\u00a0le falta solo un tr\u00e1mite para coronarse. La definici\u00f3n ser\u00e1 nada menos que en el\u00a0Aut\u00f3dromo Nacional de Monza, en el marco del\u00a0Gran Premio de Italia de la F\u00f3rmula 1. Poder finalizar en el podio era en la previa del campeonato uno de los m\u00e1ximos desaf\u00edos deportivos para Colapinto, de 20 a\u00f1os, que integra la academia de pilotos de&nbsp;Williams. Fue una <a class=\"mh-excerpt-more\" href=\"http:\/\/dsrmedios.com.ar\/diario\/archivos\/38987\" title=\"Franco Colapinto buscar\u00e1 hacer historia en la \u00faltima fecha de la F\u00f3rmula 3: qu\u00e9 necesita para ser subcampe\u00f3n del torneo\">[Leer m\u00e1s]<\/a><\/p>\n<\/div>","protected":false},"author":8,"featured_media":38988,"comment_status":"open","ping_status":"closed","sticky":false,"template":"","format":"standard","meta":{"_jetpack_newsletter_access":""},"categories":[2],"tags":[],"jetpack_featured_media_url":"http:\/\/dsrmedios.com.ar\/diario\/wp-content\/uploads\/2023\/09\/images-43.jpg","jetpack_sharing_enabled":true,"jetpack_shortlink":"https:\/\/wp.me\/p9fihK-a8P","_links":{"self":[{"href":"http:\/\/dsrmedios.com.ar\/diario\/wp-json\/wp\/v2\/posts\/38987"}],"collection":[{"href":"http:\/\/dsrmedios.com.ar\/diario\/wp-json\/wp\/v2\/posts"}],"about":[{"href":"http:\/\/dsrmedios.com.ar\/diario\/wp-json\/wp\/v2\/types\/post"}],"author":[{"embeddable":true,"href":"http:\/\/dsrmedios.com.ar\/diario\/wp-json\/wp\/v2\/users\/8"}],"replies":[{"embeddable":true,"href":"http:\/\/dsrmedios.com.ar\/diario\/wp-json\/wp\/v2\/comments?post=38987"}],"version-history":[{"count":2,"href":"http:\/\/dsrmedios.com.ar\/diario\/wp-json\/wp\/v2\/posts\/38987\/revisions"}],"predecessor-version":[{"id":39001,"href":"http:\/\/dsrmedios.com.ar\/diario\/wp-json\/wp\/v2\/posts\/38987\/revisions\/39001"}],"wp:featuredmedia":[{"embeddable":true,"href":"http:\/\/dsrmedios.com.ar\/diario\/wp-json\/wp\/v2\/media\/38988"}],"wp:attachment":[{"href":"http:\/\/dsrmedios.com.ar\/diario\/wp-json\/wp\/v2\/media?parent=38987"}],"wp:term":[{"taxonomy":"category","embeddable":true,"href":"http:\/\/dsrmedios.com.ar\/diario\/wp-json\/wp\/v2\/categories?post=38987"},{"taxonomy":"post_tag","embeddable":true,"href":"http:\/\/dsrmedios.com.ar\/diario\/wp-json\/wp\/v2\/tags?post=38987"}],"curies":[{"name":"wp","href":"https:\/\/api.w.org\/{rel}","templated":true}]}}