{"id":38979,"date":"2023-09-01T10:16:42","date_gmt":"2023-09-01T13:16:42","guid":{"rendered":"http:\/\/dsrmedios.com.ar\/diario\/?p=38979"},"modified":"2023-09-01T10:16:46","modified_gmt":"2023-09-01T13:16:46","slug":"confirmaron-las-fechas-en-que-se-realizaran-los-debates-televisivos-entre-los-candidatos-presidenciales","status":"publish","type":"post","link":"http:\/\/dsrmedios.com.ar\/diario\/archivos\/38979","title":{"rendered":"Confirmaron las fechas en que se realizar\u00e1n los debates televisivos entre los candidatos presidenciales"},"content":{"rendered":"\n<p>La C\u00e1mara Nacional Electoral (CNE) present\u00f3 este jueves los principales lineamientos del<strong>&nbsp;Debate Presidencial 2023<\/strong>, que&nbsp;se realizar\u00e1 el 1 y 8 de octubre y por primera vez tendr\u00e1 participaci\u00f3n ciudadana.&nbsp;La CNE dio a conocer el trabajo que realizan los integrantes del Consejo Asesor en busca de garantizar un intercambio &#8220;transparente, din\u00e1mico y participativo&#8221; entre los candidatos que competir\u00e1n en las elecciones del 22 de octubre.<\/p>\n\n\n\n<p>Seg\u00fan lo establecido por la CNE, los debates ser\u00e1 entre los cinco candidatos presidenciales que superaron las PASO:&nbsp;<strong>Javier Milei<\/strong>&nbsp;(La Libertad Avanza),&nbsp;<strong>Patricia Bullrich<\/strong>&nbsp;(Juntos por el Cambio),&nbsp;<strong>Sergio Massa<\/strong>&nbsp;(Uni\u00f3n por la Patria),&nbsp;<strong>Juan Schiaretti<\/strong>&nbsp;(Hacemos por Nuestro Pa\u00eds) y&nbsp;<strong>Myriam Bregman&nbsp;<\/strong>(Frente de Izquierda).<\/p>\n\n\n\n<figure class=\"wp-block-image\"><img decoding=\"async\" src=\"https:\/\/media.minutouno.com\/p\/d4bf30537a2d7607231ac207f09749d7\/adjuntos\/150\/imagenes\/040\/881\/0040881945\/massa.jpg?2023-08-01-14-54-50\" alt=\"\" title=\"\"\/><\/figure>\n\n\n\n<p>Se realizar\u00e1n los domingos&nbsp;1\u00b0 de octubre en la Universidad Nacional de Santiago del Estero (UNSE) y 8 de octubre en la Facultad de Derecho de la Universidad de Buenos Aires (UBA).<\/p>\n\n\n\n<p>En caso de haber balotaje, se realizar\u00e1 un tercer debate el 12 de noviembre, tambi\u00e9n en la sede de Derecho de la UBA para &#8220;agilizar cuestiones organizativas&#8221;, se detall\u00f3 en rueda de prensa.<\/p>\n\n\n\n<p>La presentaci\u00f3n del Debate Presidencial 2023 estuvo a cargo de las autoridades de la CNE -su presidente,&nbsp;<strong>Alberto Dalla Via<\/strong>; su vicepresidente,<strong>&nbsp;Santiago Corcuera<\/strong>, y el juez de C\u00e1mara&nbsp;<strong>Daniel Bejas<\/strong>-, en un encuentro con la prensa realizado en la sede de la instituci\u00f3n ubicada en el centro porte\u00f1o.<\/p>\n\n\n\n<figure class=\"wp-block-image\"><img decoding=\"async\" src=\"https:\/\/media.minutouno.com\/p\/427cc69063752fc9828f327785300311\/adjuntos\/150\/imagenes\/040\/930\/0040930189\/milei.jpg?2023-08-23-12-58-28\" alt=\"\" title=\"\"\/><\/figure>\n\n\n\n<p>&#8220;Se trata de un&nbsp;debate institucional de car\u00e1cter obligatorio fijado por ley y representa un bien p\u00fablico porque surgi\u00f3 desde la sociedad civil.&nbsp;Por eso entendemos que el debate no es de los candidatos, sino m\u00e1s bien de los ciudadanos&#8221;, expres\u00f3 el presidente de la CNE durante la presentaci\u00f3n.<\/p>\n\n\n\n<p>El titular de la CNE indic\u00f3 que los miembros del Consejo encargados de brindar asesoramiento durante el proceso y proponer los temas se &#8220;encuentran trabajando para brindar una mayor din\u00e1mica al debate&#8221; en tanto &#8220;est\u00e1 dirigido a la ciudadan\u00eda y no a los pol\u00edticos&#8221;.<\/p>\n\n\n\n<figure class=\"wp-block-image\"><img decoding=\"async\" src=\"https:\/\/media.minutouno.com\/p\/0a72b1e9fe673e39a7d5977c89d89279\/adjuntos\/150\/imagenes\/040\/931\/0040931107\/patricia-bullrich.jpg?2023-08-23-15-26-05\" alt=\"\" title=\"\"\/><\/figure>\n\n\n\n<p>Tambi\u00e9n anunci\u00f3 que este jueves por la ma\u00f1ana se dio comienzo a trav\u00e9s de una reuni\u00f3n a la&nbsp;intervenci\u00f3n de los equipos de campa\u00f1a de cada candidato para comenzar a generar acuerdos en los distintos puntos.<\/p>\n\n\n\n<p>&#8220;Esperamos que haya acuerdo en todos los puntos del funcionamiento del debate y en caso de desacuerdo, ser\u00e1 el tribunal quien defina&#8221;, especific\u00f3 Dalla Via.<\/p>\n\n\n\n<p>Una de las novedades del debate presidencial de este a\u00f1o respecto de ediciones anteriores es la propuesta de&nbsp;incluir la participaci\u00f3n ciudadana a trav\u00e9s de la formulaci\u00f3n de preguntas que podr\u00e1n enviarse de manera anticipada.<\/p>\n\n\n\n<p>Luego de un&nbsp;proceso de curadur\u00eda, &#8220;ser\u00edan seleccionadas las m\u00e1s pertinentes&#8221; para ser sorteadas durante el intercambio de los candidatos, se indic\u00f3.<\/p>\n\n\n\n<figure class=\"wp-block-image\"><img decoding=\"async\" src=\"https:\/\/media.minutouno.com\/p\/ca9aee85c23bba5d9168f3c0c88ae024\/adjuntos\/150\/imagenes\/038\/928\/0038928623\/juan-schiaretti-cordoba.jpg?2021-05-31-10-30-20\" alt=\"@JSchiaretti\" title=\"@JSchiaretti\"\/><\/figure>\n\n\n\n<p>@JSchiaretti<\/p>\n\n\n\n<p>&#8220;La propuesta es que&nbsp;cualquier ciudadano pueda enviar sus preguntas vinculadas a los temas y subtemas del debate y que no est\u00e9 dirigida a un solo candidato, sino que por un mecanismo de selecci\u00f3n azarosa&nbsp;del sobre o soporte en que est\u00e9 contenida la pregunta, esta sea efectuada a uno de los candidatos&#8221;, explic\u00f3<strong>&nbsp;Le\u00f3n Arslanian<\/strong>&nbsp;en la conferencia de prensa luego de la presentaci\u00f3n junto a&nbsp;<strong>Ricardo Gil Lavedra<\/strong>, ambos voceros del Consejo.<\/p>\n\n\n\n<p>El jurista se\u00f1al\u00f3 que&nbsp;la expectativa es que se recibir\u00e1 una &#8220;enorme demanda de preguntas&#8221;, por lo cual se propone &#8220;crear una curadur\u00eda&#8221;&nbsp;para seleccionar las preguntas m\u00e1s pertinentes a trav\u00e9s de un &#8220;procedimiento transparente que no deje lugar a ninguna suspicacia&#8221;.<\/p>\n\n\n\n<p>Para Arslanian esta &#8220;modalidad reglada y cuidadosa&#8221; permitir\u00e1 satisfacer &#8220;el inter\u00e9s por parte de la opini\u00f3n p\u00fablica en general de tener alg\u00fan tipo de intervenci\u00f3n en el debate&#8221;.<\/p>\n\n\n\n<figure class=\"wp-block-image\"><img decoding=\"async\" src=\"https:\/\/media.minutouno.com\/p\/c2129855b8ba4aa8134117765770e1b0\/adjuntos\/150\/imagenes\/038\/843\/0038843010\/myriam-bregmanjpg.jpg?0000-00-00-00-00-00\" alt=\"\" title=\"\"\/><\/figure>\n\n\n\n<p>Por ahora no hay un l\u00edmite de preguntas fijado y seg\u00fan lo expresado por Gil Lavedra la &#8220;idea es tratar de dar cabida a la participaci\u00f3n ciudadana a trav\u00e9s de un formulario donde puedan formular sus preguntas&#8221;. Los detalles de esta din\u00e1mica es uno de los puntos que est\u00e1n siendo discutidos con los equipos de campa\u00f1a de los candidatos.<\/p>\n\n\n\n<p>Otro de los \u00edtems sobre los que se busca acuerdo tiene que ver con el tiempo de exposici\u00f3n para cada candidato&nbsp;-hay una propuesta de duraci\u00f3n de dos minutos- y si habr\u00e1 o no posibilidad de intercambio y repreguntas entre postulantes.<\/p>\n\n\n\n<p>Adem\u00e1s, Gil Lavedra confirm\u00f3 que&nbsp;ser\u00e1n seis los ejes de debate, de los cuales, tres se desarrollar\u00e1n el 1 de octubre y los otros tres en la segunda instancia, el 8 de octubre, cada uno con sus respectivos subtemas.<\/p>\n\n\n\n<p>Tambi\u00e9n inform\u00f3 que\u00a0el debate ser\u00e1 conducido por una pareja de periodistas de la televisi\u00f3n abierta\u00a0que a\u00fan no se encuentra definida.<\/p>\n\n\n\n<p>Fuente: Minutouno<\/p>\n","protected":false},"excerpt":{"rendered":"<div class=\"mh-excerpt\"><p>La C\u00e1mara Nacional Electoral (CNE) present\u00f3 este jueves los principales lineamientos del&nbsp;Debate Presidencial 2023, que&nbsp;se realizar\u00e1 el 1 y 8 de octubre y por primera vez tendr\u00e1 participaci\u00f3n ciudadana.&nbsp;La CNE dio a conocer el trabajo que realizan los integrantes del Consejo Asesor en busca de garantizar un intercambio &#8220;transparente, din\u00e1mico y participativo&#8221; entre los candidatos que competir\u00e1n en las elecciones del 22 de octubre. Seg\u00fan lo establecido por la CNE, los debates ser\u00e1 entre los cinco candidatos presidenciales que superaron las PASO:&nbsp;Javier Milei&nbsp;(La Libertad Avanza),&nbsp;Patricia Bullrich&nbsp;(Juntos por el Cambio),&nbsp;Sergio Massa&nbsp;(Uni\u00f3n por la Patria),&nbsp;Juan Schiaretti&nbsp;(Hacemos por Nuestro Pa\u00eds) y&nbsp;Myriam Bregman&nbsp;(Frente de <a class=\"mh-excerpt-more\" href=\"http:\/\/dsrmedios.com.ar\/diario\/archivos\/38979\" title=\"Confirmaron las fechas en que se realizar\u00e1n los debates televisivos entre los candidatos presidenciales\">[Leer m\u00e1s]<\/a><\/p>\n<\/div>","protected":false},"author":8,"featured_media":38981,"comment_status":"open","ping_status":"closed","sticky":false,"template":"","format":"standard","meta":{"_jetpack_newsletter_access":""},"categories":[6],"tags":[],"jetpack_featured_media_url":"http:\/\/dsrmedios.com.ar\/diario\/wp-content\/uploads\/2023\/09\/debate-massa-milei-bullrich-schiaretti-bregmanjpg.webp","jetpack_sharing_enabled":true,"jetpack_shortlink":"https:\/\/wp.me\/p9fihK-a8H","_links":{"self":[{"href":"http:\/\/dsrmedios.com.ar\/diario\/wp-json\/wp\/v2\/posts\/38979"}],"collection":[{"href":"http:\/\/dsrmedios.com.ar\/diario\/wp-json\/wp\/v2\/posts"}],"about":[{"href":"http:\/\/dsrmedios.com.ar\/diario\/wp-json\/wp\/v2\/types\/post"}],"author":[{"embeddable":true,"href":"http:\/\/dsrmedios.com.ar\/diario\/wp-json\/wp\/v2\/users\/8"}],"replies":[{"embeddable":true,"href":"http:\/\/dsrmedios.com.ar\/diario\/wp-json\/wp\/v2\/comments?post=38979"}],"version-history":[{"count":1,"href":"http:\/\/dsrmedios.com.ar\/diario\/wp-json\/wp\/v2\/posts\/38979\/revisions"}],"predecessor-version":[{"id":38982,"href":"http:\/\/dsrmedios.com.ar\/diario\/wp-json\/wp\/v2\/posts\/38979\/revisions\/38982"}],"wp:featuredmedia":[{"embeddable":true,"href":"http:\/\/dsrmedios.com.ar\/diario\/wp-json\/wp\/v2\/media\/38981"}],"wp:attachment":[{"href":"http:\/\/dsrmedios.com.ar\/diario\/wp-json\/wp\/v2\/media?parent=38979"}],"wp:term":[{"taxonomy":"category","embeddable":true,"href":"http:\/\/dsrmedios.com.ar\/diario\/wp-json\/wp\/v2\/categories?post=38979"},{"taxonomy":"post_tag","embeddable":true,"href":"http:\/\/dsrmedios.com.ar\/diario\/wp-json\/wp\/v2\/tags?post=38979"}],"curies":[{"name":"wp","href":"https:\/\/api.w.org\/{rel}","templated":true}]}}