{"id":38975,"date":"2023-09-01T10:12:45","date_gmt":"2023-09-01T13:12:45","guid":{"rendered":"http:\/\/dsrmedios.com.ar\/diario\/?p=38975"},"modified":"2023-09-01T10:12:49","modified_gmt":"2023-09-01T13:12:49","slug":"javier-milei-defendio-la-dolarizacion-ante-empresarios-ustedes-no-necesitan-un-banco-central","status":"publish","type":"post","link":"http:\/\/dsrmedios.com.ar\/diario\/archivos\/38975","title":{"rendered":"Javier Milei defendi\u00f3 la dolarizaci\u00f3n ante empresarios: \u201cUstedes no necesitan un Banco Central\u201d"},"content":{"rendered":"\n<p>Ante un nutrido grupo de empresarios y&nbsp;<em>brokers<\/em>,&nbsp;<strong>Javier Milei&nbsp;<\/strong>volvi\u00f3 a defender este jueves su proyecto de dolarizaci\u00f3n y libre mercado que piensa implementar si llega al Gobierno y les asegur\u00f3 que \u201cno necesitan un Banco Central\u201d con el cual \u201clos pol\u00edticos chorros los estafen\u201d.<\/p>\n\n\n\n<figure class=\"wp-block-image\"><img decoding=\"async\" src=\"https:\/\/www.infobae.com\/new-resizer\/ZauHYfxFT5TmzbAq0ChckUEpYr4=\/filters:format(webp):quality(85)\/cloudfront-us-east-1.images.arcpublishing.com\/infobae\/OKGNYN3UUSJ73NQQDEOKKKVT3M.jpg\" alt=\"(REUTERS\/Agustin Marcarian)\"\/><\/figure>\n\n\n\n<p>Al cerrar la d\u00e9cima edici\u00f3n del&nbsp;<strong>Congreso Econ\u00f3mico Argentino<\/strong>, en el marco de la&nbsp;<strong>ExpoEFI<\/strong>, que se realiz\u00f3 en La Rural, el candidato presidencial de La Libertad Avanza cuestion\u00f3 en varias oportunidades a sus rivales de Juntos por el Cambio y sostuvo que \u201chay que salvar al cuerpo, no al par\u00e1sito\u201d, en alusi\u00f3n a los pol\u00edticos.<\/p>\n\n\n\n<p>\u201c<strong>Ojo con todos esos economistas que quieren preservar al par\u00e1sito y no al cuerpo, o sea, todos menos yo<\/strong>\u201d, se\u00f1al\u00f3 el dirigente opositor, que luego hizo una breve pausa tras la cual algunas de las personas presentes en la sala lo aplaudieron.<\/p>\n\n\n\n<p><img decoding=\"async\" loading=\"lazy\" alt=\"Javier Milei habl\u00f3 despu\u00e9s de Hern\u00e1n Lacunza \" height=\"1280\" width=\"1920\" src=\"https:\/\/www.infobae.com\/new-resizer\/7u2RZtRXh3mNKReEUcTrdsRV3MM=\/arc-anglerfish-arc2-prod-infobae\/public\/GKSQP7UX35AL5KE5V2ISZFQKCQ.jpg\" srcset=\"https:\/\/www.infobae.com\/new-resizer\/AFW0ZWTGX7AiLMGS4AAceux5sTA=\/420x280\/filters:format(webp):quality(85)\/cloudfront-us-east-1.images.arcpublishing.com\/infobae\/GKSQP7UX35AL5KE5V2ISZFQKCQ.jpg 420w,https:\/\/www.infobae.com\/new-resizer\/anctOPfms8WR_FRirbI-kmxZu-c=\/768x512\/filters:format(webp):quality(85)\/cloudfront-us-east-1.images.arcpublishing.com\/infobae\/GKSQP7UX35AL5KE5V2ISZFQKCQ.jpg 768w,https:\/\/www.infobae.com\/new-resizer\/melRfpQ44rM-c3Ioz0b0aZLVHak=\/992x661\/filters:format(webp):quality(85)\/cloudfront-us-east-1.images.arcpublishing.com\/infobae\/GKSQP7UX35AL5KE5V2ISZFQKCQ.jpg 992w,https:\/\/www.infobae.com\/new-resizer\/tDW0U30hYB_p3f5qkYWr59fe6NA=\/1200x800\/filters:format(webp):quality(85)\/cloudfront-us-east-1.images.arcpublishing.com\/infobae\/GKSQP7UX35AL5KE5V2ISZFQKCQ.jpg 1200w,https:\/\/www.infobae.com\/new-resizer\/taV09EWXPqC-4KMAPDIe8KoALzw=\/1440x960\/filters:format(webp):quality(85)\/cloudfront-us-east-1.images.arcpublishing.com\/infobae\/GKSQP7UX35AL5KE5V2ISZFQKCQ.jpg 1440w\">Javier Milei habl\u00f3 despu\u00e9s de Hern\u00e1n Lacunza<\/p>\n\n\n\n<p>Inmediatamente despu\u00e9s, Milei baj\u00f3 la voz y prosigui\u00f3: \u201cObviamente que cuando digo que hay que ajustar esto o aquello, dicen \u2018eso no se puede\u2019, claro, porque de ah\u00ed muerden\u201d, cuestion\u00f3 el actual diputado nacional, que lleg\u00f3 al predio acompa\u00f1ado de su hermana,\u00a0<strong>Karina<\/strong>, y de algunos miembros de su equipo.<\/p>\n\n\n\n<p>Si bien en un principio estaba previsto que tambi\u00e9n estuviera a su lado su flamante pareja,&nbsp;<strong>F\u00e1tima Fl\u00f3rez<\/strong>, finalmente la actriz e imitadora no pudo ir porque \u201cestaba trabajando\u201d, seg\u00fan explic\u00f3 el propio referente de la oposici\u00f3n durante su charla.<\/p>\n\n\n\n<p>Minutos antes de las 19:00, el l\u00edder del espacio se encontr\u00f3 en el sal\u00f3n principal con el candidato a jefe de Gobierno porte\u00f1o de su partido,\u00a0<strong>Ramiro Marra<\/strong>, con quien se fundi\u00f3 en un abrazo y se qued\u00f3 hablando mientras esperaba que terminara de exponer,\u00a0<strong>Hern\u00e1n Lacunza<\/strong>, quien fue ministro de Econom\u00eda durante la gesti\u00f3n de Cambiemos y es uno de los hombres de consulta habitual de su adversaria,\u00a0<strong>Patricia Bullrich<\/strong>.<\/p>\n\n\n\n<p>Una vez que subi\u00f3 al escenario, el libertario comenz\u00f3 su discurso advirtiendo que iba \u201ca tratar temas que son bastante t\u00e9cnicos, pero que van a tener una fuerte repercusi\u00f3n pol\u00edtica\u201d si es que logra ganar las elecciones y asume al frente de la Casa Rosada.<\/p>\n\n\n\n<p><img decoding=\"async\" loading=\"lazy\" alt=\"Javier Milei junto a su hermana, Karina \" height=\"1280\" width=\"1920\" src=\"https:\/\/www.infobae.com\/new-resizer\/soTdsPwtAw7mj8UsllLtzNp-STs=\/arc-anglerfish-arc2-prod-infobae\/public\/J4KCNGM4M5DWXEDJVNVAHWQY3A.jpg\" srcset=\"https:\/\/www.infobae.com\/new-resizer\/bOgXySYslZtkIprcu1zMvlOBX94=\/420x280\/filters:format(webp):quality(85)\/cloudfront-us-east-1.images.arcpublishing.com\/infobae\/J4KCNGM4M5DWXEDJVNVAHWQY3A.jpg 420w,https:\/\/www.infobae.com\/new-resizer\/xwqzvmEoWauGzXetq-WNiRB1S0U=\/768x512\/filters:format(webp):quality(85)\/cloudfront-us-east-1.images.arcpublishing.com\/infobae\/J4KCNGM4M5DWXEDJVNVAHWQY3A.jpg 768w,https:\/\/www.infobae.com\/new-resizer\/ILByyUExeVfXg0uHKPW73EXM-Nk=\/992x661\/filters:format(webp):quality(85)\/cloudfront-us-east-1.images.arcpublishing.com\/infobae\/J4KCNGM4M5DWXEDJVNVAHWQY3A.jpg 992w,https:\/\/www.infobae.com\/new-resizer\/GtlpeGFskJrFfjFLmpTWQtSzpRI=\/1200x800\/filters:format(webp):quality(85)\/cloudfront-us-east-1.images.arcpublishing.com\/infobae\/J4KCNGM4M5DWXEDJVNVAHWQY3A.jpg 1200w,https:\/\/www.infobae.com\/new-resizer\/vZErI2qucUqOawipwOvt_B9ZcGU=\/1440x960\/filters:format(webp):quality(85)\/cloudfront-us-east-1.images.arcpublishing.com\/infobae\/J4KCNGM4M5DWXEDJVNVAHWQY3A.jpg 1440w\">Javier Milei junto a su hermana, Karina<\/p>\n\n\n\n<p>En este sentido, a lo largo de su charla, Milei defendi\u00f3, primero, su proyecto de libre competencia de monedas, que derivar\u00eda en una dolarizaci\u00f3n, al considerar que \u201cel dinero es un invento del sector privado\u201d que solamente se usa \u201cpara intercambiar derechos de propiedad\u201d.<\/p>\n\n\n\n<p>\u201c<strong>Ustedes no necesitan un Banco Central. En un momento de la historia el Estado se apropi\u00f3 del dinero para estafarlos.&nbsp;<\/strong>\u00bfUstedes van a aplaudir que los pol\u00edticos chorros los estafen con el robo del impuesto inflacionario? Raro&#8230; yo no\u201d, exclam\u00f3 ante un auditorio lleno de personas que lo escuchaban atentamente, algunas de las cuales filmaban la situaci\u00f3n con sus celulares.<\/p>\n\n\n\n<p>En el Congreso estaban representantes de varias de las firmas de diferentes sectores que auspiciaron la exposici\u00f3n, incluidas bancaria, como Banco Provincia. Naranja y Supervielle;&nbsp;<em>fintech<\/em>, como Ual\u00e1; de finanzas, como Bull Market -que pertenece a Marra-, y de los medios, adem\u00e1s de la C\u00e1mara Argentina de la Mediana Empresa (CAME) y la Fundaci\u00f3n Bolsa de Comercio de Buenos Aires, entre otras.<\/p>\n\n\n\n<p>Por otra parte, en varios tramos de su exposici\u00f3n, el candidato presidencial critic\u00f3 al resto de la oposici\u00f3n y remarc\u00f3, por ejemplo, que su espacio vot\u00f3 en contra de la ley de alquileres, tanto de la original, como de la que se aprob\u00f3 con algunos cambios recientemente en la C\u00e1mara de Diputados.<\/p>\n\n\n\n<p><img decoding=\"async\" loading=\"lazy\" alt=\"Ramiro Marra, el candidato a jefe de Gobierno porte\u00f1o por La Libertad Avanza\" height=\"1280\" width=\"1920\" src=\"https:\/\/www.infobae.com\/new-resizer\/CLwAcRhop961RmQOJxIgxiCGKtM=\/arc-anglerfish-arc2-prod-infobae\/public\/CFFQIGIYPBGYZHDMI3V4K75UWE.jpg\" srcset=\"https:\/\/www.infobae.com\/new-resizer\/RiuHL5p2FYNLHT81I087V37SELw=\/420x280\/filters:format(webp):quality(85)\/cloudfront-us-east-1.images.arcpublishing.com\/infobae\/CFFQIGIYPBGYZHDMI3V4K75UWE.jpg 420w,https:\/\/www.infobae.com\/new-resizer\/xtrsOBZU4h_Se5qLQxkoTagU_Yk=\/768x512\/filters:format(webp):quality(85)\/cloudfront-us-east-1.images.arcpublishing.com\/infobae\/CFFQIGIYPBGYZHDMI3V4K75UWE.jpg 768w,https:\/\/www.infobae.com\/new-resizer\/Gxyji-92jmT2rl17tiSX4uNGBPE=\/992x661\/filters:format(webp):quality(85)\/cloudfront-us-east-1.images.arcpublishing.com\/infobae\/CFFQIGIYPBGYZHDMI3V4K75UWE.jpg 992w,https:\/\/www.infobae.com\/new-resizer\/DG30DhrstpN7w6hCGCA20LbS3VI=\/1200x800\/filters:format(webp):quality(85)\/cloudfront-us-east-1.images.arcpublishing.com\/infobae\/CFFQIGIYPBGYZHDMI3V4K75UWE.jpg 1200w,https:\/\/www.infobae.com\/new-resizer\/ZKmXDdPOx4qsVoAtrKNC19CDWuw=\/1440x960\/filters:format(webp):quality(85)\/cloudfront-us-east-1.images.arcpublishing.com\/infobae\/CFFQIGIYPBGYZHDMI3V4K75UWE.jpg 1440w\">Ramiro Marra, el candidato a jefe de Gobierno porte\u00f1o por La Libertad Avanza<\/p>\n\n\n\n<p>\u201cLe estamos abriendo la puerta a las basuras de los pol\u00edticos para que intervengan. Y cuando intervienen, terminan violentando los derechos de propiedad. Y como consecuencia de ello, el resultado es peor que lo que ten\u00edamos originalmente. \u00bfY c\u00f3mo reacciona el pol\u00edtico ante esta situaci\u00f3n?&nbsp;<strong>\u00bfUstedes creen que van a decir que se equivocaron? El imb\u00e9cil de (Daniel) Lipovetzky, despu\u00e9s de esa nefasta ley de alquileres, \u00bfqu\u00e9 dijo? \u2018Fall\u00f3 la regulaci\u00f3n\u2019. \u00a1No! \u00a1Fall\u00f3 la ley! \u00a1Fall\u00f3 el legislador! \u00a1Fallaron los malditos diputados y senadores que votaron esa basura!&nbsp;<\/strong>\u2018No, pero hay que regular\u2019. \u00bfQu\u00e9 regular? Sal\u00ed del medio, correte del medio. Solo haces da\u00f1o, critic\u00f3 a los gritos.<\/p>\n\n\n\n<p>En este sentido, el economista libertario opin\u00f3 que \u201cno existe el fallo de mercado\u201d y subray\u00f3 que \u201csi algo funciona mal es porque est\u00e1 metido el Estado en el medio\u201d, por lo que les pidi\u00f3 a los presentes que \u201cnunca les abran las puertas a estos s\u00e1trapas\u201d, porque \u201ccada vez vamos a tener m\u00e1s socialismo, m\u00e1s regulaci\u00f3n, menos libertad y peor nivel de vida\u201d.<\/p>\n\n\n\n<p>\u201c<strong>No se enga\u00f1en, no van a hacer capitalismo, quiz\u00e1s con la propia hagan capitalismo, pero a ustedes les van a meter las manos en los bolsillos<\/strong>\u201d, advirti\u00f3.<\/p>\n\n\n\n<p>Sobre el final de su alocuci\u00f3n, la sala qued\u00f3 en silencio cuando, desafiante, Milei defendi\u00f3 el libre mercado y los monopolios, tras lo cual le pregunt\u00f3 al p\u00fablico&nbsp;<strong>\u201cqu\u00e9 hay de malo en que una empresa contamine el r\u00edo\u201d<\/strong>.<\/p>\n\n\n\n<p><img decoding=\"async\" loading=\"lazy\" alt=\"El candidato defendi\u00f3 el libre mercado, los monopolios y su proyecto para dolarizar \" height=\"1280\" width=\"1920\" src=\"https:\/\/www.infobae.com\/new-resizer\/fXm7cdlB5ECmT2XZt1v-MyzbydU=\/arc-anglerfish-arc2-prod-infobae\/public\/5AIT5S263RABNLFRVQDEHXBM2Q.jpg\" srcset=\"https:\/\/www.infobae.com\/new-resizer\/JmbQ0nYqvBbcHotZT3gCmPzIWwc=\/420x280\/filters:format(webp):quality(85)\/cloudfront-us-east-1.images.arcpublishing.com\/infobae\/5AIT5S263RABNLFRVQDEHXBM2Q.jpg 420w,https:\/\/www.infobae.com\/new-resizer\/atJnGXrynHbaNOII6V5JXHO577g=\/768x512\/filters:format(webp):quality(85)\/cloudfront-us-east-1.images.arcpublishing.com\/infobae\/5AIT5S263RABNLFRVQDEHXBM2Q.jpg 768w,https:\/\/www.infobae.com\/new-resizer\/2KC-syZUTp3IDShlYtW6vmIeUZ0=\/992x661\/filters:format(webp):quality(85)\/cloudfront-us-east-1.images.arcpublishing.com\/infobae\/5AIT5S263RABNLFRVQDEHXBM2Q.jpg 992w,https:\/\/www.infobae.com\/new-resizer\/olWDARbMfrOpqkBmDnLASuW_k0g=\/1200x800\/filters:format(webp):quality(85)\/cloudfront-us-east-1.images.arcpublishing.com\/infobae\/5AIT5S263RABNLFRVQDEHXBM2Q.jpg 1200w,https:\/\/www.infobae.com\/new-resizer\/UPvznlFQMQIQxh2r_74udj8IuV8=\/1440x960\/filters:format(webp):quality(85)\/cloudfront-us-east-1.images.arcpublishing.com\/infobae\/5AIT5S263RABNLFRVQDEHXBM2Q.jpg 1440w\">El candidato defendi\u00f3 el libre mercado, los monopolios y su proyecto para dolarizar<\/p>\n\n\n\n<p>\u201c\u00bfD\u00f3nde est\u00e1 el problema ah\u00ed? Eso, en realidad, habla de una sociedad a la que le sobra el agua. El problema en realidad radica en que no hay derechos de propiedad sobre el agua, cuando falte el agua, alguien va a ver un negocio ah\u00ed y va a reclamar los derechos de propiedad. Van a ver c\u00f3mo ah\u00ed s\u00ed se termina la contaminaci\u00f3n\u201d, argument\u00f3.<\/p>\n\n\n\n<p>Por \u00faltimo, casi una hora despu\u00e9s de haber comenzado a hablar, el aspirante a la Casa Rosada cerr\u00f3 con sus principales conceptos pol\u00edticos al reiterar que va \u201ca echar a todos los que se dedican a robar\u201d y romper con el statu quo\u201d.<\/p>\n\n\n\n<p>\u201c\u00bfSaben qu\u00e9 es lo \u00fanico interesante de todo esto? Que estamos ante las puertas de decirles \u2018\u00a1Basta! \u00a1Se termin\u00f3!\u2019. Una Argentina distinta es imposible con los mismos de siempre. Y aqu\u00ed estoy yo, como representante de la Libertad Avanza, para decirles a todos esos s\u00e1trapas que se termin\u00f3, que la \u00fanica soluci\u00f3n es la libertad y que si volvemos a abrazar las ideas de la libertad, en 35 o 45 a\u00f1os vamos a volver a ser una potencia\u201d, sentenci\u00f3.<\/p>\n\n\n\n<p>Fuente: Infobae<\/p>\n","protected":false},"excerpt":{"rendered":"<div class=\"mh-excerpt\"><p>Ante un nutrido grupo de empresarios y&nbsp;brokers,&nbsp;Javier Milei&nbsp;volvi\u00f3 a defender este jueves su proyecto de dolarizaci\u00f3n y libre mercado que piensa implementar si llega al Gobierno y les asegur\u00f3 que \u201cno necesitan un Banco Central\u201d con el cual \u201clos pol\u00edticos chorros los estafen\u201d. Al cerrar la d\u00e9cima edici\u00f3n del&nbsp;Congreso Econ\u00f3mico Argentino, en el marco de la&nbsp;ExpoEFI, que se realiz\u00f3 en La Rural, el candidato presidencial de La Libertad Avanza cuestion\u00f3 en varias oportunidades a sus rivales de Juntos por el Cambio y sostuvo que \u201chay que salvar al cuerpo, no al par\u00e1sito\u201d, en alusi\u00f3n a los pol\u00edticos. \u201cOjo con todos <a class=\"mh-excerpt-more\" href=\"http:\/\/dsrmedios.com.ar\/diario\/archivos\/38975\" title=\"Javier Milei defendi\u00f3 la dolarizaci\u00f3n ante empresarios: \u201cUstedes no necesitan un Banco Central\u201d\">[Leer m\u00e1s]<\/a><\/p>\n<\/div>","protected":false},"author":8,"featured_media":32063,"comment_status":"open","ping_status":"closed","sticky":false,"template":"","format":"standard","meta":{"_jetpack_newsletter_access":""},"categories":[6],"tags":[],"jetpack_featured_media_url":"http:\/\/dsrmedios.com.ar\/diario\/wp-content\/uploads\/2023\/04\/javier-mileijpg-1.jpg","jetpack_sharing_enabled":true,"jetpack_shortlink":"https:\/\/wp.me\/p9fihK-a8D","_links":{"self":[{"href":"http:\/\/dsrmedios.com.ar\/diario\/wp-json\/wp\/v2\/posts\/38975"}],"collection":[{"href":"http:\/\/dsrmedios.com.ar\/diario\/wp-json\/wp\/v2\/posts"}],"about":[{"href":"http:\/\/dsrmedios.com.ar\/diario\/wp-json\/wp\/v2\/types\/post"}],"author":[{"embeddable":true,"href":"http:\/\/dsrmedios.com.ar\/diario\/wp-json\/wp\/v2\/users\/8"}],"replies":[{"embeddable":true,"href":"http:\/\/dsrmedios.com.ar\/diario\/wp-json\/wp\/v2\/comments?post=38975"}],"version-history":[{"count":1,"href":"http:\/\/dsrmedios.com.ar\/diario\/wp-json\/wp\/v2\/posts\/38975\/revisions"}],"predecessor-version":[{"id":38976,"href":"http:\/\/dsrmedios.com.ar\/diario\/wp-json\/wp\/v2\/posts\/38975\/revisions\/38976"}],"wp:featuredmedia":[{"embeddable":true,"href":"http:\/\/dsrmedios.com.ar\/diario\/wp-json\/wp\/v2\/media\/32063"}],"wp:attachment":[{"href":"http:\/\/dsrmedios.com.ar\/diario\/wp-json\/wp\/v2\/media?parent=38975"}],"wp:term":[{"taxonomy":"category","embeddable":true,"href":"http:\/\/dsrmedios.com.ar\/diario\/wp-json\/wp\/v2\/categories?post=38975"},{"taxonomy":"post_tag","embeddable":true,"href":"http:\/\/dsrmedios.com.ar\/diario\/wp-json\/wp\/v2\/tags?post=38975"}],"curies":[{"name":"wp","href":"https:\/\/api.w.org\/{rel}","templated":true}]}}