{"id":38974,"date":"2023-09-01T10:13:37","date_gmt":"2023-09-01T13:13:37","guid":{"rendered":"http:\/\/dsrmedios.com.ar\/diario\/?p=38974"},"modified":"2023-09-01T10:13:40","modified_gmt":"2023-09-01T13:13:40","slug":"milei-hablo-tras-la-presentacion-de-melconian-como-ministro-de-economia-de-patricia-bullrich-que-dijo","status":"publish","type":"post","link":"http:\/\/dsrmedios.com.ar\/diario\/archivos\/38974","title":{"rendered":"Milei habl\u00f3 tras la presentaci\u00f3n de Melconian como ministro de Econom\u00eda de Patricia Bullrich: qu\u00e9 dijo"},"content":{"rendered":"\n<p>El candidato a presidente de La Libertad Avanza,<strong>&nbsp;Javier Milei<\/strong>, critic\u00f3 con dureza la confirmaci\u00f3n de&nbsp;<strong>Carlos Melconian<\/strong>&nbsp;como eventual ministro de Econom\u00eda de&nbsp;<strong>Patricia Bullrich&nbsp;<\/strong>. El libertario ningune\u00f3 al economista y se\u00f1al\u00f3 que los debates se dan \u201centre candidatos a presidente\u201d.<\/p>\n\n\n\n<p><strong>&#8220;Esta es una discusi\u00f3n entre candidatos a presidente&#8221;<\/strong>, consider\u00f3 Milei sobre la presentaci\u00f3n de Melconian como referente econ\u00f3mico en Juntos por el Cambio y la posibilidad de mantener un debate entre ambos economistas.\u00a0<strong>\u201cLa candidata es Bullrich\u201d<\/strong>, insisti\u00f3.<\/p>\n\n\n\n<p>Tras las elecciones PASO,<strong>&nbsp;se acrecentaron las cr\u00edticas de Milei a la candidata a presidente de Juntos por el Cambio.<\/strong><\/p>\n\n\n\n<h2>Qu\u00e9 dijo Milei tras la presentaci\u00f3n de Melconian como ministro de Econom\u00eda de Patricia Bullrich<\/h2>\n\n\n\n<p>&#8220;Yo entiendo que&nbsp;<strong>Bullrich est\u00e1 muy pobre en t\u00e9rminos econ\u00f3micos<\/strong>.&nbsp;Cometi\u00f3 errores graves y la gente est\u00e1 muy asustada en lo que pueda hacer ella en una situaci\u00f3n de gobierno&nbsp;porque demostr\u00f3 falencias groseras&#8221;, dispar\u00f3 Milei contra la candidata opositora en di\u00e1logo con Radio Rivadavia.<\/p>\n\n\n\n<p>Adem\u00e1s, el candidato de La Libertad Avanza sostuvo que Bullrich<strong>&nbsp;&#8220;primero mostr\u00f3 un equipo y ahora muestra otro&#8221;.<\/strong><\/p>\n\n\n\n<p>Sin embargo, a quien s\u00ed elogi\u00f3 fue al expresidente<strong>\u00a0Mauricio Macri\u00a0<\/strong>sobre quien destac\u00f3 su<strong>\u00a0&#8220;prestigio internacional&#8221;<\/strong>\u00a0y volvi\u00f3 a afirmar que<strong>\u00a0lo llamar\u00eda para su gobierno\u00a0<\/strong>en caso de ganar las elecciones.<\/p>\n\n\n\n<p>Fuente: Minutouno<\/p>\n","protected":false},"excerpt":{"rendered":"<div class=\"mh-excerpt\"><p>El candidato a presidente de La Libertad Avanza,&nbsp;Javier Milei, critic\u00f3 con dureza la confirmaci\u00f3n de&nbsp;Carlos Melconian&nbsp;como eventual ministro de Econom\u00eda de&nbsp;Patricia Bullrich&nbsp;. El libertario ningune\u00f3 al economista y se\u00f1al\u00f3 que los debates se dan \u201centre candidatos a presidente\u201d. &#8220;Esta es una discusi\u00f3n entre candidatos a presidente&#8221;, consider\u00f3 Milei sobre la presentaci\u00f3n de Melconian como referente econ\u00f3mico en Juntos por el Cambio y la posibilidad de mantener un debate entre ambos economistas.\u00a0\u201cLa candidata es Bullrich\u201d, insisti\u00f3. Tras las elecciones PASO,&nbsp;se acrecentaron las cr\u00edticas de Milei a la candidata a presidente de Juntos por el Cambio. Qu\u00e9 dijo Milei tras la presentaci\u00f3n <a class=\"mh-excerpt-more\" href=\"http:\/\/dsrmedios.com.ar\/diario\/archivos\/38974\" title=\"Milei habl\u00f3 tras la presentaci\u00f3n de Melconian como ministro de Econom\u00eda de Patricia Bullrich: qu\u00e9 dijo\">[Leer m\u00e1s]<\/a><\/p>\n<\/div>","protected":false},"author":8,"featured_media":32666,"comment_status":"open","ping_status":"closed","sticky":false,"template":"","format":"standard","meta":{"_jetpack_newsletter_access":""},"categories":[6],"tags":[],"jetpack_featured_media_url":"http:\/\/dsrmedios.com.ar\/diario\/wp-content\/uploads\/2023\/05\/javier-milei.webp","jetpack_sharing_enabled":true,"jetpack_shortlink":"https:\/\/wp.me\/p9fihK-a8C","_links":{"self":[{"href":"http:\/\/dsrmedios.com.ar\/diario\/wp-json\/wp\/v2\/posts\/38974"}],"collection":[{"href":"http:\/\/dsrmedios.com.ar\/diario\/wp-json\/wp\/v2\/posts"}],"about":[{"href":"http:\/\/dsrmedios.com.ar\/diario\/wp-json\/wp\/v2\/types\/post"}],"author":[{"embeddable":true,"href":"http:\/\/dsrmedios.com.ar\/diario\/wp-json\/wp\/v2\/users\/8"}],"replies":[{"embeddable":true,"href":"http:\/\/dsrmedios.com.ar\/diario\/wp-json\/wp\/v2\/comments?post=38974"}],"version-history":[{"count":1,"href":"http:\/\/dsrmedios.com.ar\/diario\/wp-json\/wp\/v2\/posts\/38974\/revisions"}],"predecessor-version":[{"id":38977,"href":"http:\/\/dsrmedios.com.ar\/diario\/wp-json\/wp\/v2\/posts\/38974\/revisions\/38977"}],"wp:featuredmedia":[{"embeddable":true,"href":"http:\/\/dsrmedios.com.ar\/diario\/wp-json\/wp\/v2\/media\/32666"}],"wp:attachment":[{"href":"http:\/\/dsrmedios.com.ar\/diario\/wp-json\/wp\/v2\/media?parent=38974"}],"wp:term":[{"taxonomy":"category","embeddable":true,"href":"http:\/\/dsrmedios.com.ar\/diario\/wp-json\/wp\/v2\/categories?post=38974"},{"taxonomy":"post_tag","embeddable":true,"href":"http:\/\/dsrmedios.com.ar\/diario\/wp-json\/wp\/v2\/tags?post=38974"}],"curies":[{"name":"wp","href":"https:\/\/api.w.org\/{rel}","templated":true}]}}