{"id":38954,"date":"2023-09-01T10:02:37","date_gmt":"2023-09-01T13:02:37","guid":{"rendered":"http:\/\/dsrmedios.com.ar\/diario\/?p=38954"},"modified":"2023-09-01T10:02:40","modified_gmt":"2023-09-01T13:02:40","slug":"inquietud-en-la-iglesia-por-la-crisis-social-el-resultado-de-las-elecciones-y-la-eventual-visita-del-papa-francisco","status":"publish","type":"post","link":"http:\/\/dsrmedios.com.ar\/diario\/archivos\/38954","title":{"rendered":"Inquietud en la Iglesia por la crisis social, el resultado de las elecciones y la eventual visita del Papa Francisco"},"content":{"rendered":"\n<p>Hace diez d\u00edas, una semana despu\u00e9s de las PASO, la Conferencia Episcopal (CEA) emiti\u00f3 una \u201cdeclaraci\u00f3n conjunta por un di\u00e1logo responsable y comprometido\u201d despu\u00e9s del batacazo electoral de&nbsp;<strong>Javier Milei&nbsp;<\/strong>que dej\u00f3 en shock al c\u00edrculo rojo pol\u00edtico y empresario, y tambi\u00e9n al eclesi\u00e1stico. \u201cEl voto no es solo un acto de elecci\u00f3n, tambi\u00e9n puede ser un llamado de atenci\u00f3n\u201d, subrayaron desde la c\u00fapula de la Iglesia. Y agregaron: \u201cNo hay pa\u00eds posible sin di\u00e1logo, tampoco hay di\u00e1logo con insultos, gritos y descalificaciones del que piensa distinto\u201d.<\/p>\n\n\n\n<p>Ese mismo d\u00eda por la ma\u00f1ana, en Olivos,<strong>&nbsp;Alberto Fern\u00e1ndez&nbsp;<\/strong>recibi\u00f3 junto al secretario de Culto, Guillermo Oliveri, a&nbsp;<strong>Jorge Garc\u00eda Cuerva,<\/strong>&nbsp;el flamante arzobispo porte\u00f1o nombrado por el&nbsp;<strong>Papa Francisco&nbsp;<\/strong>en mayo en reemplazo de Mario Poli. Una reuni\u00f3n que se alarg\u00f3 por casi una hora y media y que, seg\u00fan trascendi\u00f3, funcion\u00f3 como una retribuci\u00f3n por parte de Garc\u00eda Cuerva despu\u00e9s de que el Presidente participara de su reciente ceremonia de asunci\u00f3n en la Catedral Metropolitana.<\/p>\n\n\n\n<p>No hubo fotograf\u00eda oficial, y se trat\u00f3 de una audiencia estrictamente privada que trascendi\u00f3 solo porque la Casa Rosada se encarg\u00f3 de filtrar la informaci\u00f3n. Seg\u00fan alt\u00edsimas fuentes gubernamentales, el encuentro incluy\u00f3 un an\u00e1lisis coyuntural de la realidad y del escenario pol\u00edtico post PASO, y se habl\u00f3 sobre la salud del Papa Francisco \u2013resaltaron su buena recuperaci\u00f3n tras la intervenci\u00f3n quir\u00fargica a la que se someti\u00f3 en junio por la oclusi\u00f3n intestinal que lo aquejaba-. Pero el pasaje m\u00e1s inquietante del desayuno, seg\u00fan confiaron, fue la preocupaci\u00f3n compartida por el fen\u00f3meno libertario y la posibilidad real de que Milei obtenga un triunfo en las elecciones.<\/p>\n\n\n\n<p>Es que, para la Iglesia local y el Vaticano, el fabuloso ascenso de Milei en el escenario pol\u00edtico y social es una se\u00f1al de preocupaci\u00f3n: en esos t\u00e9rminos se analiz\u00f3 en la reuni\u00f3n.\u00a0<strong>Juan Grabois<\/strong>, ex precandidato presidencial de Uni\u00f3n por la Patria, un dirigente muy cercano al Papa Francisco, se refiri\u00f3 recientemente a los libertarios como \u201clos falsos profetas de la Desigualdad Avanza\u201d. Grabois suele vociferar lo que el Papa muchas veces est\u00e1 obligado a callar.<\/p>\n\n\n\n<p>Seg\u00fan las mismas fuentes al tanto del desayuno se habl\u00f3, adem\u00e1s, de&nbsp;<strong>la eventual visita de Francisco al pa\u00eds para el pr\u00f3ximo a\u00f1o. \u201cMarzo\u201d<\/strong>, fue el mes que se mencion\u00f3 en la reuni\u00f3n como la posible fecha -se especul\u00f3, en principio, para m\u00e1s adelante- en la que el Papa podr\u00eda aterrizar finalmente en la Argentina, una visita muy ansiada y que incluir\u00eda tambi\u00e9n Uruguay. No hay, por el momento, ninguna confirmaci\u00f3n oficial. Y no la habr\u00e1, trascendi\u00f3, hasta despu\u00e9s del 10 de diciembre. S\u00ed circul\u00f3 que un viaje de ese tenor lleva, al menos, \u201centre cinco y seis meses\u201d de preparaci\u00f3n.<\/p>\n\n\n\n<p>En ese sentido, desde la Conferencia Episcopal y desde Roma se sigue con creciente inter\u00e9s e inquietud el proceso electoral de nuestro pa\u00eds.<\/p>\n\n\n\n<p><strong>\u00bfUn triunfo del economista de La Libertad Avanza podr\u00eda modificar los supuestos planes?<\/strong>&nbsp;En el seno del Episcopado hay todo tipo de versiones.<\/p>\n\n\n\n<p>El Sumo Pont\u00edfice no tiene ninguna vinculaci\u00f3n con Milei y su entorno, pero hubo declaraciones del candidato que alteraron el humor de los obispos y que dieron pie a la&nbsp;<strong>\u201cmisa de desagravio por los ultrajes al Papa Francisco\u201d<\/strong>&nbsp;convocada para el pr\u00f3ximo martes en la parroquia Virgen de Caacup\u00e9, en la villa 21-24 de la Ciudad, una iniciativa promocionada en paralelo por el kirchnerismo.&nbsp;<strong>Cristina Kirchner<\/strong>&nbsp;se aferr\u00f3 a la fe con mayor vehemencia hace un a\u00f1o, despu\u00e9s de que intentaran asesinarla en la puerta del departamento en el que viv\u00eda, en la esquina porte\u00f1a de Juncal y Uruguay. En las horas posteriores a ese episodio traum\u00e1tico, la ex Presidenta mantuvo una comunicaci\u00f3n con Francisco por la intermediaci\u00f3n del sacerdote Juan Carlos Molina.<\/p>\n\n\n\n<p>El creciente fen\u00f3meno en torno al economista libertario encendi\u00f3 una luz de alerta en la Iglesia. El padre \u201cPepe\u201d Di Paola, que impulsa la iniciativa, visit\u00f3 despachos oficiales esta semana.<\/p>\n\n\n\n<p><img decoding=\"async\" loading=\"lazy\" alt=\"Alberto Fern\u00e1ndez junto al Papa Francisco (Photo by Handout \/ VATICAN MEDIA \/ AFP) \" height=\"1080\" width=\"1920\" src=\"https:\/\/www.infobae.com\/new-resizer\/QrtGregLW9ES3n31_mIlmR2BaBk=\/arc-anglerfish-arc2-prod-infobae\/public\/XELQ4AJISBF7RPMLJMBH5YNIFY.jpg\" srcset=\"https:\/\/www.infobae.com\/new-resizer\/gs-v8K5MmmGKZbipGe2e_0eV3b4=\/420x236\/filters:format(webp):quality(85)\/cloudfront-us-east-1.images.arcpublishing.com\/infobae\/XELQ4AJISBF7RPMLJMBH5YNIFY.jpg 420w,https:\/\/www.infobae.com\/new-resizer\/7fcxLJ8oLOaDpJhL28NwjKoTn64=\/768x432\/filters:format(webp):quality(85)\/cloudfront-us-east-1.images.arcpublishing.com\/infobae\/XELQ4AJISBF7RPMLJMBH5YNIFY.jpg 768w,https:\/\/www.infobae.com\/new-resizer\/gXtdsUwkyncWr0AHsRznnqGQTQM=\/992x558\/filters:format(webp):quality(85)\/cloudfront-us-east-1.images.arcpublishing.com\/infobae\/XELQ4AJISBF7RPMLJMBH5YNIFY.jpg 992w,https:\/\/www.infobae.com\/new-resizer\/FbqmQ7jKaVWrrwVNFP3V6V1EUdE=\/1200x675\/filters:format(webp):quality(85)\/cloudfront-us-east-1.images.arcpublishing.com\/infobae\/XELQ4AJISBF7RPMLJMBH5YNIFY.jpg 1200w,https:\/\/www.infobae.com\/new-resizer\/G0xo9Wa_kjecr3Yadp4vxD8VjPI=\/1440x810\/filters:format(webp):quality(85)\/cloudfront-us-east-1.images.arcpublishing.com\/infobae\/XELQ4AJISBF7RPMLJMBH5YNIFY.jpg 1440w\">Alberto Fern\u00e1ndez junto al Papa Francisco (Photo by Handout \/ VATICAN MEDIA \/ AFP)<\/p>\n\n\n\n<p>Pero m\u00e1s all\u00e1 del encuentro reciente en Olivos, el nexo entre el Presidente y el Vaticano sigue atravesado por una distancia insalvable. Seg\u00fan circul\u00f3 en las \u00faltimas semanas, desde el propio gobierno se habr\u00edan iniciado algunas gestiones informales para indagar sobre la posibilidad de que el Presidente, de cara al viaje a la India de los pr\u00f3ximos d\u00edas, realice una escala en Roma y visite Santa Marta antes de que se despida de la gesti\u00f3n. La informaci\u00f3n fue desestimada por fuentes oficiales.<\/p>\n\n\n\n<p>Lo cierto es que no es la primera vez que desde desde un sector del gobierno se busca recomponer la relaci\u00f3n entre Fern\u00e1ndez y el Papa, que qued\u00f3 maltrecha desde que la Casa Rosada promovi\u00f3 y sancion\u00f3 la ley del aborto, a fines del 2020. Cuando el Presidente visit\u00f3 Roma en los meses siguientes, en mayo del 2021, en una gira que adem\u00e1s incluy\u00f3 Lisboa, Madrid y Par\u00eds,&nbsp;<strong>el encuentro con Francisco fue muy distante, y dur\u00f3 apenas minutos. Fue el \u00faltimo<\/strong>. Nunca m\u00e1s se recompuso el di\u00e1logo: en adelante, fueron solo intercambios fr\u00edos, protocolares y por carta. Hasta el canciller Santiago Cafiero, cercano a la Iglesia -su padre fue embajador ante la Santa Sede, y dej\u00f3 su cargo en muy buenos t\u00e9rminos con el Sumo Pont\u00edfice-, cay\u00f3 en la volteada: ten\u00eda agendado un encuentro con el Papa, en abril del 2022, y fue suspendido de imprevisto.<\/p>\n\n\n\n<p>Al mes siguiente, sin embargo, Francisco recibi\u00f3 en Santa Marta durante una hora y media al vicejefe de Gabinete,&nbsp;<strong>Juan Manuel Olmos: el funcionario tiene una relaci\u00f3n cercan\u00edsima con el Papa desde chico que trasciende al gobierno y a su funci\u00f3n actual.<\/strong>&nbsp;El secretario Oliveri es otro de los que mantiene canales abiertos de comunicaci\u00f3n con Roma.<\/p>\n\n\n\n<p>Por el contrario, no hay ning\u00fan contacto que haya quedado en pie entre el Vaticano y el ministro de Econom\u00eda y candidato presidencial del oficialismo despu\u00e9s de que&nbsp;<strong>Sergio Massa<\/strong>&nbsp;quedara en el ojo de la tormenta por la maniobra, de hace m\u00e1s de una d\u00e9cada, por la que se intent\u00f3 correr en su momento a Jorge Bergoglio del arzobispado. Massa siempre neg\u00f3 haber participado de esa jugada. El Papa nunca le crey\u00f3.<\/p>\n\n\n\n<p>En el caso de&nbsp;<strong>Patricia Bullrich<\/strong>, tampoco hay relaciones con Roma. A la candidata presidencial de Juntos por el Cambio nunca le interes\u00f3 demasiado forjar un lazo fluido con la Iglesia, a pesar de que hay dirigentes que orbitan en su entorno de buenos nexos, como el ex embajador Rogelio Pfirter o Federico Pinedo, interesado en la Canciller\u00eda.<\/p>\n\n\n\n<p>En los \u00faltimos tiempos, la ex ministra de Seguridad dej\u00f3 ese v\u00ednculo en manos de&nbsp;<strong>Rodrigo Fern\u00e1ndez Madero<\/strong>, un consultor y especialista en comunicaci\u00f3n que en alg\u00fan momento manej\u00f3 la cuenta de la Conferencia Episcopal, de buena llegada a&nbsp;<strong>Oscar Ojea<\/strong>&nbsp;y a un grupo de obispos -tambi\u00e9n a sectores evangelistas- a los que acerc\u00f3 en estos meses a la candidata presidencial.<\/p>\n\n\n\n<p>En alg\u00fan momento, incluso, Bullrich le sugiri\u00f3 a Fern\u00e1ndez Madero, que milit\u00f3 activamente en contra de la ley de Interrupci\u00f3n Voluntaria del Embarazo, la posibilidad de viajar a Roma para tratar de concertar un encuentro con el Papa, una opci\u00f3n que al final qued\u00f3 descartada. Si se trabaj\u00f3 en la organizaci\u00f3n, todav\u00eda en carpeta, de una cita con Garc\u00eda Cuerva. Por su funci\u00f3n, el arzobispo porte\u00f1o mantuvo antes de las PASO una cumbre con\u00a0<strong>Horacio Rodr\u00edguez Larreta<\/strong>.<\/p>\n\n\n\n<p>Fuente: INFOBAE<\/p>\n","protected":false},"excerpt":{"rendered":"<div class=\"mh-excerpt\"><p>Hace diez d\u00edas, una semana despu\u00e9s de las PASO, la Conferencia Episcopal (CEA) emiti\u00f3 una \u201cdeclaraci\u00f3n conjunta por un di\u00e1logo responsable y comprometido\u201d despu\u00e9s del batacazo electoral de&nbsp;Javier Milei&nbsp;que dej\u00f3 en shock al c\u00edrculo rojo pol\u00edtico y empresario, y tambi\u00e9n al eclesi\u00e1stico. \u201cEl voto no es solo un acto de elecci\u00f3n, tambi\u00e9n puede ser un llamado de atenci\u00f3n\u201d, subrayaron desde la c\u00fapula de la Iglesia. Y agregaron: \u201cNo hay pa\u00eds posible sin di\u00e1logo, tampoco hay di\u00e1logo con insultos, gritos y descalificaciones del que piensa distinto\u201d. Ese mismo d\u00eda por la ma\u00f1ana, en Olivos,&nbsp;Alberto Fern\u00e1ndez&nbsp;recibi\u00f3 junto al secretario de Culto, Guillermo <a class=\"mh-excerpt-more\" href=\"http:\/\/dsrmedios.com.ar\/diario\/archivos\/38954\" title=\"Inquietud en la Iglesia por la crisis social, el resultado de las elecciones y la eventual visita del Papa Francisco\">[Leer m\u00e1s]<\/a><\/p>\n<\/div>","protected":false},"author":8,"featured_media":38955,"comment_status":"open","ping_status":"closed","sticky":false,"template":"","format":"standard","meta":{"_jetpack_newsletter_access":""},"categories":[6],"tags":[],"jetpack_featured_media_url":"http:\/\/dsrmedios.com.ar\/diario\/wp-content\/uploads\/2023\/09\/images-39.jpg","jetpack_sharing_enabled":true,"jetpack_shortlink":"https:\/\/wp.me\/p9fihK-a8i","_links":{"self":[{"href":"http:\/\/dsrmedios.com.ar\/diario\/wp-json\/wp\/v2\/posts\/38954"}],"collection":[{"href":"http:\/\/dsrmedios.com.ar\/diario\/wp-json\/wp\/v2\/posts"}],"about":[{"href":"http:\/\/dsrmedios.com.ar\/diario\/wp-json\/wp\/v2\/types\/post"}],"author":[{"embeddable":true,"href":"http:\/\/dsrmedios.com.ar\/diario\/wp-json\/wp\/v2\/users\/8"}],"replies":[{"embeddable":true,"href":"http:\/\/dsrmedios.com.ar\/diario\/wp-json\/wp\/v2\/comments?post=38954"}],"version-history":[{"count":1,"href":"http:\/\/dsrmedios.com.ar\/diario\/wp-json\/wp\/v2\/posts\/38954\/revisions"}],"predecessor-version":[{"id":38956,"href":"http:\/\/dsrmedios.com.ar\/diario\/wp-json\/wp\/v2\/posts\/38954\/revisions\/38956"}],"wp:featuredmedia":[{"embeddable":true,"href":"http:\/\/dsrmedios.com.ar\/diario\/wp-json\/wp\/v2\/media\/38955"}],"wp:attachment":[{"href":"http:\/\/dsrmedios.com.ar\/diario\/wp-json\/wp\/v2\/media?parent=38954"}],"wp:term":[{"taxonomy":"category","embeddable":true,"href":"http:\/\/dsrmedios.com.ar\/diario\/wp-json\/wp\/v2\/categories?post=38954"},{"taxonomy":"post_tag","embeddable":true,"href":"http:\/\/dsrmedios.com.ar\/diario\/wp-json\/wp\/v2\/tags?post=38954"}],"curies":[{"name":"wp","href":"https:\/\/api.w.org\/{rel}","templated":true}]}}