{"id":3893,"date":"2018-01-30T08:10:04","date_gmt":"2018-01-30T11:10:04","guid":{"rendered":"http:\/\/dsrmedios.com.ar\/diario\/?p=3893"},"modified":"2018-01-30T08:10:04","modified_gmt":"2018-01-30T11:10:04","slug":"productores-agropecuarios-anuncian-una-asamblea-y-marcha-a-la-ciudad-de-la-plata","status":"publish","type":"post","link":"http:\/\/dsrmedios.com.ar\/diario\/archivos\/3893","title":{"rendered":"Productores agropecuarios anuncian una asamblea y marcha a la ciudad de La Plata"},"content":{"rendered":"<p>Ante la falta de respuestas por parte de los funcionarios del gobierno bonaerense, productores agropecuarios acordaron llevar adelante una marcha hacia la ciudad de La Plata en marzo pr\u00f3ximo donde concretar\u00e1n una asamblea para volver a reclamar por el alza de los impuestos que llegar\u00e1n en dos meses con un aumento del 50 por ciento.<\/p>\n<p>&#8220;Hemos perdido todo tipo de contacto con el gobierno y lo \u00fanico que vemos es que se tira la pelota para adelante sin dar soluciones&#8221;, adelantaron desde la Confederaci\u00f3n de Asociaciones Rurales de Buenos Aires y La Pampa (Carbap) que participaron el pasado jueves en la reuni\u00f3n de Consejo a donde participan todas las rurales de la provincia.<\/p>\n<p>Por eso se decidi\u00f3 &#8220;hacer una asamblea en marzo aunque no se descart\u00f3 que se adelante ante la gravedad de la sequ\u00eda que afecta a muchos y que anticipa un bajo potencial en la producci\u00f3n&#8221;, afirmaron.<\/p>\n<p>fuente:www.aninoticias.com.ar<\/p>\n","protected":false},"excerpt":{"rendered":"<div class=\"mh-excerpt\"><p>Ante la falta de respuestas por parte de los funcionarios del gobierno bonaerense, productores agropecuarios acordaron llevar adelante una marcha hacia la ciudad de La Plata en marzo pr\u00f3ximo donde concretar\u00e1n una asamblea para volver a reclamar por el alza de los impuestos que llegar\u00e1n en dos meses con un aumento del 50 por ciento. &#8220;Hemos perdido todo tipo de contacto con el gobierno y lo \u00fanico que vemos es que se tira la pelota para adelante sin dar soluciones&#8221;, adelantaron desde la Confederaci\u00f3n de Asociaciones Rurales de Buenos Aires y La Pampa (Carbap) que participaron el pasado jueves en <a class=\"mh-excerpt-more\" href=\"http:\/\/dsrmedios.com.ar\/diario\/archivos\/3893\" title=\"Productores agropecuarios anuncian una asamblea y marcha a la ciudad de La Plata\">[Leer m\u00e1s]<\/a><\/p>\n<\/div>","protected":false},"author":5,"featured_media":3894,"comment_status":"open","ping_status":"closed","sticky":false,"template":"","format":"standard","meta":{"_jetpack_newsletter_access":""},"categories":[18,7],"tags":[],"jetpack_featured_media_url":"http:\/\/dsrmedios.com.ar\/diario\/wp-content\/uploads\/2018\/01\/semillas.jpg","jetpack_sharing_enabled":true,"jetpack_shortlink":"https:\/\/wp.me\/p9fihK-10N","_links":{"self":[{"href":"http:\/\/dsrmedios.com.ar\/diario\/wp-json\/wp\/v2\/posts\/3893"}],"collection":[{"href":"http:\/\/dsrmedios.com.ar\/diario\/wp-json\/wp\/v2\/posts"}],"about":[{"href":"http:\/\/dsrmedios.com.ar\/diario\/wp-json\/wp\/v2\/types\/post"}],"author":[{"embeddable":true,"href":"http:\/\/dsrmedios.com.ar\/diario\/wp-json\/wp\/v2\/users\/5"}],"replies":[{"embeddable":true,"href":"http:\/\/dsrmedios.com.ar\/diario\/wp-json\/wp\/v2\/comments?post=3893"}],"version-history":[{"count":1,"href":"http:\/\/dsrmedios.com.ar\/diario\/wp-json\/wp\/v2\/posts\/3893\/revisions"}],"predecessor-version":[{"id":3895,"href":"http:\/\/dsrmedios.com.ar\/diario\/wp-json\/wp\/v2\/posts\/3893\/revisions\/3895"}],"wp:featuredmedia":[{"embeddable":true,"href":"http:\/\/dsrmedios.com.ar\/diario\/wp-json\/wp\/v2\/media\/3894"}],"wp:attachment":[{"href":"http:\/\/dsrmedios.com.ar\/diario\/wp-json\/wp\/v2\/media?parent=3893"}],"wp:term":[{"taxonomy":"category","embeddable":true,"href":"http:\/\/dsrmedios.com.ar\/diario\/wp-json\/wp\/v2\/categories?post=3893"},{"taxonomy":"post_tag","embeddable":true,"href":"http:\/\/dsrmedios.com.ar\/diario\/wp-json\/wp\/v2\/tags?post=3893"}],"curies":[{"name":"wp","href":"https:\/\/api.w.org\/{rel}","templated":true}]}}