{"id":38916,"date":"2023-08-31T10:33:00","date_gmt":"2023-08-31T13:33:00","guid":{"rendered":"http:\/\/dsrmedios.com.ar\/diario\/?p=38916"},"modified":"2023-08-31T10:36:06","modified_gmt":"2023-08-31T13:36:06","slug":"hoy-concierto-infantil-didactico-en-casa-de-la-cultura","status":"publish","type":"post","link":"http:\/\/dsrmedios.com.ar\/diario\/archivos\/38916","title":{"rendered":"Hoy: Concierto Infantil Did\u00e1ctico en Casa de la Cultura"},"content":{"rendered":"\n<p>En el marco del Ni\u00f1ez, se presentan hoy, 31 de agosto, a las 19 hs. en Casa de la Cultura, Mitre y Urquiza de Carhu\u00e9, los coros Infantil y Adultos en un prometedor concierto integrado por j\u00f3venes y adultos. Con este espect\u00e1culo culminan las actividades del mes de la ni\u00f1ez en Adolfo Alsina.<\/p>\n","protected":false},"excerpt":{"rendered":"<div class=\"mh-excerpt\"><p>En el marco del Ni\u00f1ez, se presentan hoy, 31 de agosto, a las 19 hs. en Casa de la Cultura, Mitre y Urquiza de Carhu\u00e9, los coros Infantil y Adultos en un prometedor concierto integrado por j\u00f3venes y adultos. Con este espect\u00e1culo culminan las actividades del mes de la ni\u00f1ez en Adolfo Alsina.<\/p>\n<\/div>","protected":false},"author":8,"featured_media":38927,"comment_status":"open","ping_status":"closed","sticky":false,"template":"","format":"standard","meta":{"_jetpack_newsletter_access":""},"categories":[18,31,5],"tags":[],"jetpack_featured_media_url":"http:\/\/dsrmedios.com.ar\/diario\/wp-content\/uploads\/2023\/08\/366730524_671763674986349_1680237068486986448_n.jpg","jetpack_sharing_enabled":true,"jetpack_shortlink":"https:\/\/wp.me\/p9fihK-a7G","_links":{"self":[{"href":"http:\/\/dsrmedios.com.ar\/diario\/wp-json\/wp\/v2\/posts\/38916"}],"collection":[{"href":"http:\/\/dsrmedios.com.ar\/diario\/wp-json\/wp\/v2\/posts"}],"about":[{"href":"http:\/\/dsrmedios.com.ar\/diario\/wp-json\/wp\/v2\/types\/post"}],"author":[{"embeddable":true,"href":"http:\/\/dsrmedios.com.ar\/diario\/wp-json\/wp\/v2\/users\/8"}],"replies":[{"embeddable":true,"href":"http:\/\/dsrmedios.com.ar\/diario\/wp-json\/wp\/v2\/comments?post=38916"}],"version-history":[{"count":2,"href":"http:\/\/dsrmedios.com.ar\/diario\/wp-json\/wp\/v2\/posts\/38916\/revisions"}],"predecessor-version":[{"id":38934,"href":"http:\/\/dsrmedios.com.ar\/diario\/wp-json\/wp\/v2\/posts\/38916\/revisions\/38934"}],"wp:featuredmedia":[{"embeddable":true,"href":"http:\/\/dsrmedios.com.ar\/diario\/wp-json\/wp\/v2\/media\/38927"}],"wp:attachment":[{"href":"http:\/\/dsrmedios.com.ar\/diario\/wp-json\/wp\/v2\/media?parent=38916"}],"wp:term":[{"taxonomy":"category","embeddable":true,"href":"http:\/\/dsrmedios.com.ar\/diario\/wp-json\/wp\/v2\/categories?post=38916"},{"taxonomy":"post_tag","embeddable":true,"href":"http:\/\/dsrmedios.com.ar\/diario\/wp-json\/wp\/v2\/tags?post=38916"}],"curies":[{"name":"wp","href":"https:\/\/api.w.org\/{rel}","templated":true}]}}