{"id":3890,"date":"2018-01-30T08:07:59","date_gmt":"2018-01-30T11:07:59","guid":{"rendered":"http:\/\/dsrmedios.com.ar\/diario\/?p=3890"},"modified":"2018-01-30T08:07:59","modified_gmt":"2018-01-30T11:07:59","slug":"se-realizara-este-sabado-la-fiesta-de-la-carbonada-en-la-vecina-localidad-de-espartillar","status":"publish","type":"post","link":"http:\/\/dsrmedios.com.ar\/diario\/archivos\/3890","title":{"rendered":"Se realizar\u00e1 este s\u00e1bado la Fiesta de la Carbonada en la vecina localidad de Espartillar"},"content":{"rendered":"<p>Se prepara para este s\u00e1bado la d\u00e9cimo octava Fiesta de la Carbonada en Espartillar.<\/p>\n<p>La actividad se iniciar\u00e1 a partir de la hora 20 ya que habr\u00e1 varios n\u00fameros musicales y humor\u00edsticos, tales como Los Creadores, el humor cordob\u00e9s del Pollo Canto, Grupo 5 Sentidos, que fueron revelaci\u00f3n 2017 en Jes\u00fas Maria, y un gran baile con el Gordo Luis.<\/p>\n<p>La Radio dialog\u00f3 con Lorena Canitrot, una de las integrantes de la Comisi\u00f3n organizadora, que tambi\u00e9n confirm\u00f3 que habr\u00e1 un paseo de artesanos y manualistas y por supuesto el tradicional plato de carbonada.<\/p>\n<p>\u201cHace mucho tiempo que venimos organizando esta fiesta, que llega a su edici\u00f3n numero 18, nos cost\u00f3 mucho este a\u00f1o ya que los valores que se manejan para la contrataci\u00f3n de los n\u00fameros musicales son muy elevados y encima venimos con dos a\u00f1os consecutivos en los cuales el tiempo nos jug\u00f3 una muy mala pasada, pero tambi\u00e9n quer\u00edamos seguir apostando a esta fiesta, para que se continu\u00e9 haciendo porque de ultima es la que identifica a Espartillar\u201d, remarc\u00f3.<\/p>\n<p>\u201cLa carbonada comienza a prepararse el viernes, ya que son 600 las porciones que estar\u00e1n a la venta, motivo por el cual se empieza con las verduras y las carnes y luego el mismo s\u00e1bado, desde cerca de la hora 20, arranca toda la cocci\u00f3n para ser servida en el patio de comidas, alrededor de la hora 22\u201d, agreg\u00f3.<\/p>\n<p>\u201cInvitamos a la gente de toda la regi\u00f3n ya que es un esfuerzo muy grade el que lleva adelante toda la Comisi\u00f3n y sus colaboradores, porque esta fiesta se autofinancia, es decir, si la gente nos acompa\u00f1a podemos cancelar todos los gastos, es muy poco lo que recibimos del Municipio y pr\u00e1cticamente no nos alcanza para nada\u201d.<\/p>\n<p>\u201cEste a\u00f1o tenemos muy buen folklore, humor y adem\u00e1s un gran baile, motivo por el cual si el tiempo nos acompa\u00f1a, el pronostico dice que ser\u00e1 un gran s\u00e1bado, tendremos una Fiesta de la Carbonada excelente y para no perd\u00e9rsela, invitamos a todos quienes nos quieran acompa\u00f1ar, seguramente pasar\u00e1 un muy lindo momento en nuestro querido Espartillar\u201d, afirm\u00f3 Lorena Canitrot, integrante de la Comisi\u00f3n de la Fiesta de la Carbonada.<\/p>\n<p>Recordemos que las entradas tienen un valor de $200 y menores de 12 a\u00f1os no pagan. Organiza Comisi\u00f3n de Cultura.<\/p>\n<p>fuente:www.lanuevaradiosuarez.com.ar<\/p>\n","protected":false},"excerpt":{"rendered":"<div class=\"mh-excerpt\"><p>Se prepara para este s\u00e1bado la d\u00e9cimo octava Fiesta de la Carbonada en Espartillar. La actividad se iniciar\u00e1 a partir de la hora 20 ya que habr\u00e1 varios n\u00fameros musicales y humor\u00edsticos, tales como Los Creadores, el humor cordob\u00e9s del Pollo Canto, Grupo 5 Sentidos, que fueron revelaci\u00f3n 2017 en Jes\u00fas Maria, y un gran baile con el Gordo Luis. La Radio dialog\u00f3 con Lorena Canitrot, una de las integrantes de la Comisi\u00f3n organizadora, que tambi\u00e9n confirm\u00f3 que habr\u00e1 un paseo de artesanos y manualistas y por supuesto el tradicional plato de carbonada. \u201cHace mucho tiempo que venimos organizando esta <a class=\"mh-excerpt-more\" href=\"http:\/\/dsrmedios.com.ar\/diario\/archivos\/3890\" title=\"Se realizar\u00e1 este s\u00e1bado la Fiesta de la Carbonada en la vecina localidad de Espartillar\">[Leer m\u00e1s]<\/a><\/p>\n<\/div>","protected":false},"author":5,"featured_media":3891,"comment_status":"open","ping_status":"closed","sticky":false,"template":"","format":"standard","meta":{"_jetpack_newsletter_access":""},"categories":[18,8],"tags":[],"jetpack_featured_media_url":"http:\/\/dsrmedios.com.ar\/diario\/wp-content\/uploads\/2018\/01\/Carbonada.jpg","jetpack_sharing_enabled":true,"jetpack_shortlink":"https:\/\/wp.me\/p9fihK-10K","_links":{"self":[{"href":"http:\/\/dsrmedios.com.ar\/diario\/wp-json\/wp\/v2\/posts\/3890"}],"collection":[{"href":"http:\/\/dsrmedios.com.ar\/diario\/wp-json\/wp\/v2\/posts"}],"about":[{"href":"http:\/\/dsrmedios.com.ar\/diario\/wp-json\/wp\/v2\/types\/post"}],"author":[{"embeddable":true,"href":"http:\/\/dsrmedios.com.ar\/diario\/wp-json\/wp\/v2\/users\/5"}],"replies":[{"embeddable":true,"href":"http:\/\/dsrmedios.com.ar\/diario\/wp-json\/wp\/v2\/comments?post=3890"}],"version-history":[{"count":1,"href":"http:\/\/dsrmedios.com.ar\/diario\/wp-json\/wp\/v2\/posts\/3890\/revisions"}],"predecessor-version":[{"id":3892,"href":"http:\/\/dsrmedios.com.ar\/diario\/wp-json\/wp\/v2\/posts\/3890\/revisions\/3892"}],"wp:featuredmedia":[{"embeddable":true,"href":"http:\/\/dsrmedios.com.ar\/diario\/wp-json\/wp\/v2\/media\/3891"}],"wp:attachment":[{"href":"http:\/\/dsrmedios.com.ar\/diario\/wp-json\/wp\/v2\/media?parent=3890"}],"wp:term":[{"taxonomy":"category","embeddable":true,"href":"http:\/\/dsrmedios.com.ar\/diario\/wp-json\/wp\/v2\/categories?post=3890"},{"taxonomy":"post_tag","embeddable":true,"href":"http:\/\/dsrmedios.com.ar\/diario\/wp-json\/wp\/v2\/tags?post=3890"}],"curies":[{"name":"wp","href":"https:\/\/api.w.org\/{rel}","templated":true}]}}