{"id":38892,"date":"2023-08-31T10:11:57","date_gmt":"2023-08-31T13:11:57","guid":{"rendered":"http:\/\/dsrmedios.com.ar\/diario\/?p=38892"},"modified":"2023-08-31T10:15:27","modified_gmt":"2023-08-31T13:15:27","slug":"lula-da-silva-sobre-javier-milei-podria-implicar-un-retroceso-de-40-anos","status":"publish","type":"post","link":"http:\/\/dsrmedios.com.ar\/diario\/archivos\/38892","title":{"rendered":"Lula da Silva, sobre Javier Milei: &#8220;Podr\u00eda implicar un retroceso de 40 a\u00f1os&#8221;"},"content":{"rendered":"\n<p>El presidente de Brasil,&nbsp;<strong>Luis Inacio Lula da Silva<\/strong>, compar\u00f3 al candidato presidencial&nbsp;<strong>Javier Milei<\/strong>&nbsp;con Jair Bolsonaro, y se\u00f1al\u00f3 que, si gana en octubre,&nbsp;<strong>&#8220;podr\u00eda implicar un retroceso de m\u00e1s de 40 a\u00f1os en Am\u00e9rica Latina&#8221;.<\/strong><\/p>\n\n\n\n<p>Tras la reuni\u00f3n que mantuvo con el ministro Sergio Massa, el mandatario brasile\u00f1o se mostr\u00f3 preocupado por una posible victoria de Javier Milei en las elecciones generales de octubre: &#8220;es un retroceso de m\u00e1s de 40 a\u00f1os en Am\u00e9rica Latina&#8221;, afirm\u00f3, y lo calific\u00f3 como &#8220;peor que (su antecesor) Bolsonaro&#8221;<\/p>\n\n\n\n<p>En este contexto, Lula da Silva le dijo al candidato a presidente del oficialismo:&nbsp;<strong>&#8220;Sergio, dej\u00e1 de juntar d\u00f3lares y ponete a juntar m\u00e1s votos<\/strong>,&nbsp;<strong>que tu victoria es muy importante para toda Am\u00e9rica del Sur&#8221;.<\/strong><\/p>\n\n\n\n<figure class=\"wp-block-image\"><img decoding=\"async\" src=\"https:\/\/media.minutouno.com\/p\/291b4751be4adf839f7c339ad8c0587c\/adjuntos\/239\/imagenes\/040\/941\/0040941002\/610x0\/smart\/massa-lulajpg.jpg\" alt=\"\" title=\"\"\/><\/figure>\n\n\n\n<h2>Acuerdo comercial entre Argentina y Brasil<\/h2>\n\n\n\n<p>El ministro de Econom\u00eda, Sergio Massa, y su par brasile\u00f1o Fernando Haddad anunciaron el lunes un mecanismo que permitir\u00e1 financiar exportaciones de las empresas brasile\u00f1as a la Argentina por US$600 millones, lo que evitar\u00e1 tener que hacer uso de d\u00f3lares o yuanes de las reservas en el corto plazo, a partir de garant\u00edas que otorgar\u00e1 el Banco de Desarrollo de Am\u00e9rica Latina-CAF.<\/p>\n\n\n\n<p>El sistema est\u00e1 destinado, principalmente, a mantener el flujo comercial de dos de los sectores en los que la vinculaci\u00f3n existe entre ambos pa\u00edses, como son el automotor y los alimentos, para resolver as\u00ed las dificultades de acceso a divisas que tiene la Argentina a ra\u00edz de la sequ\u00eda, frente a los compromisos por el acuerdo con el Fondo Monetario Internacional (FMI).<\/p>\n\n\n\n<p>Fuente: Minutouno<\/p>\n","protected":false},"excerpt":{"rendered":"<div class=\"mh-excerpt\"><p>El presidente de Brasil,&nbsp;Luis Inacio Lula da Silva, compar\u00f3 al candidato presidencial&nbsp;Javier Milei&nbsp;con Jair Bolsonaro, y se\u00f1al\u00f3 que, si gana en octubre,&nbsp;&#8220;podr\u00eda implicar un retroceso de m\u00e1s de 40 a\u00f1os en Am\u00e9rica Latina&#8221;. Tras la reuni\u00f3n que mantuvo con el ministro Sergio Massa, el mandatario brasile\u00f1o se mostr\u00f3 preocupado por una posible victoria de Javier Milei en las elecciones generales de octubre: &#8220;es un retroceso de m\u00e1s de 40 a\u00f1os en Am\u00e9rica Latina&#8221;, afirm\u00f3, y lo calific\u00f3 como &#8220;peor que (su antecesor) Bolsonaro&#8221; En este contexto, Lula da Silva le dijo al candidato a presidente del oficialismo:&nbsp;&#8220;Sergio, dej\u00e1 de juntar <a class=\"mh-excerpt-more\" href=\"http:\/\/dsrmedios.com.ar\/diario\/archivos\/38892\" title=\"Lula da Silva, sobre Javier Milei: &#8220;Podr\u00eda implicar un retroceso de 40 a\u00f1os&#8221;\">[Leer m\u00e1s]<\/a><\/p>\n<\/div>","protected":false},"author":8,"featured_media":38898,"comment_status":"open","ping_status":"closed","sticky":false,"template":"","format":"standard","meta":{"_jetpack_newsletter_access":""},"categories":[6],"tags":[],"jetpack_featured_media_url":"http:\/\/dsrmedios.com.ar\/diario\/wp-content\/uploads\/2023\/08\/descarga-32-2.jpg","jetpack_sharing_enabled":true,"jetpack_shortlink":"https:\/\/wp.me\/p9fihK-a7i","_links":{"self":[{"href":"http:\/\/dsrmedios.com.ar\/diario\/wp-json\/wp\/v2\/posts\/38892"}],"collection":[{"href":"http:\/\/dsrmedios.com.ar\/diario\/wp-json\/wp\/v2\/posts"}],"about":[{"href":"http:\/\/dsrmedios.com.ar\/diario\/wp-json\/wp\/v2\/types\/post"}],"author":[{"embeddable":true,"href":"http:\/\/dsrmedios.com.ar\/diario\/wp-json\/wp\/v2\/users\/8"}],"replies":[{"embeddable":true,"href":"http:\/\/dsrmedios.com.ar\/diario\/wp-json\/wp\/v2\/comments?post=38892"}],"version-history":[{"count":1,"href":"http:\/\/dsrmedios.com.ar\/diario\/wp-json\/wp\/v2\/posts\/38892\/revisions"}],"predecessor-version":[{"id":38894,"href":"http:\/\/dsrmedios.com.ar\/diario\/wp-json\/wp\/v2\/posts\/38892\/revisions\/38894"}],"wp:featuredmedia":[{"embeddable":true,"href":"http:\/\/dsrmedios.com.ar\/diario\/wp-json\/wp\/v2\/media\/38898"}],"wp:attachment":[{"href":"http:\/\/dsrmedios.com.ar\/diario\/wp-json\/wp\/v2\/media?parent=38892"}],"wp:term":[{"taxonomy":"category","embeddable":true,"href":"http:\/\/dsrmedios.com.ar\/diario\/wp-json\/wp\/v2\/categories?post=38892"},{"taxonomy":"post_tag","embeddable":true,"href":"http:\/\/dsrmedios.com.ar\/diario\/wp-json\/wp\/v2\/tags?post=38892"}],"curies":[{"name":"wp","href":"https:\/\/api.w.org\/{rel}","templated":true}]}}