{"id":38851,"date":"2023-08-31T09:30:42","date_gmt":"2023-08-31T12:30:42","guid":{"rendered":"http:\/\/dsrmedios.com.ar\/diario\/?p=38851"},"modified":"2023-08-31T09:30:46","modified_gmt":"2023-08-31T12:30:46","slug":"salida-del-taller-de-fotografia-de-rivera-a-lopez-lecube","status":"publish","type":"post","link":"http:\/\/dsrmedios.com.ar\/diario\/archivos\/38851","title":{"rendered":"<strong>Salida del Taller de Fotograf\u00eda de Rivera a L\u00f3pez Lecube<\/strong>"},"content":{"rendered":"\n<h3>El domingo 27&nbsp;de agosto,&nbsp;alumnos del Taller de Fotograf\u00eda a cargo de la profesora Elizabeth Chernischuk realizaron una salida a la localidad de L\u00f3pez Lecube,&nbsp;all\u00ed&nbsp;llevaron a cabo un&nbsp;trabajo pr\u00e1ctico de registro fotogr\u00e1fico de lo que fue la 14\u00b0 edici\u00f3n de la Cabalgata &#8211; Peregrinaci\u00f3n a la Iglesia de&nbsp;la localidad&nbsp;que se desarroll\u00f3 en adhesi\u00f3n a los 110 a\u00f1os del templo.<\/h3>\n\n\n\n<h3>La Iglesia Nuestra Se\u00f1ora del Carmen ha sido declarada Patrimonio Cultural provincial. Los alumnos del Taller realizaron tomas durante toda la tarde del domingo, recorriendo tambi\u00e9n la estaci\u00f3n ferroviaria local y el peque\u00f1o pueblo de algo m\u00e1s de 20 habitantes.<\/h3>\n","protected":false},"excerpt":{"rendered":"<div class=\"mh-excerpt\"><p>El domingo 27&nbsp;de agosto,&nbsp;alumnos del Taller de Fotograf\u00eda a cargo de la profesora Elizabeth Chernischuk realizaron una salida a la localidad de L\u00f3pez Lecube,&nbsp;all\u00ed&nbsp;llevaron a cabo un&nbsp;trabajo pr\u00e1ctico de registro fotogr\u00e1fico de lo que fue la 14\u00b0 edici\u00f3n de la Cabalgata &#8211; Peregrinaci\u00f3n a la Iglesia de&nbsp;la localidad&nbsp;que se desarroll\u00f3 en adhesi\u00f3n a los 110 a\u00f1os del templo. La Iglesia Nuestra Se\u00f1ora del Carmen ha sido declarada Patrimonio Cultural provincial. Los alumnos del Taller realizaron tomas durante toda la tarde del domingo, recorriendo tambi\u00e9n la estaci\u00f3n ferroviaria local y el peque\u00f1o pueblo de algo m\u00e1s de 20 habitantes.<\/p>\n<\/div>","protected":false},"author":8,"featured_media":38852,"comment_status":"open","ping_status":"closed","sticky":false,"template":"","format":"standard","meta":{"_jetpack_newsletter_access":""},"categories":[18,31,5],"tags":[],"jetpack_featured_media_url":"http:\/\/dsrmedios.com.ar\/diario\/wp-content\/uploads\/2023\/08\/WhatsApp-Image-2023-08-30-at-12.20.33.jpeg","jetpack_sharing_enabled":true,"jetpack_shortlink":"https:\/\/wp.me\/p9fihK-a6D","_links":{"self":[{"href":"http:\/\/dsrmedios.com.ar\/diario\/wp-json\/wp\/v2\/posts\/38851"}],"collection":[{"href":"http:\/\/dsrmedios.com.ar\/diario\/wp-json\/wp\/v2\/posts"}],"about":[{"href":"http:\/\/dsrmedios.com.ar\/diario\/wp-json\/wp\/v2\/types\/post"}],"author":[{"embeddable":true,"href":"http:\/\/dsrmedios.com.ar\/diario\/wp-json\/wp\/v2\/users\/8"}],"replies":[{"embeddable":true,"href":"http:\/\/dsrmedios.com.ar\/diario\/wp-json\/wp\/v2\/comments?post=38851"}],"version-history":[{"count":1,"href":"http:\/\/dsrmedios.com.ar\/diario\/wp-json\/wp\/v2\/posts\/38851\/revisions"}],"predecessor-version":[{"id":38853,"href":"http:\/\/dsrmedios.com.ar\/diario\/wp-json\/wp\/v2\/posts\/38851\/revisions\/38853"}],"wp:featuredmedia":[{"embeddable":true,"href":"http:\/\/dsrmedios.com.ar\/diario\/wp-json\/wp\/v2\/media\/38852"}],"wp:attachment":[{"href":"http:\/\/dsrmedios.com.ar\/diario\/wp-json\/wp\/v2\/media?parent=38851"}],"wp:term":[{"taxonomy":"category","embeddable":true,"href":"http:\/\/dsrmedios.com.ar\/diario\/wp-json\/wp\/v2\/categories?post=38851"},{"taxonomy":"post_tag","embeddable":true,"href":"http:\/\/dsrmedios.com.ar\/diario\/wp-json\/wp\/v2\/tags?post=38851"}],"curies":[{"name":"wp","href":"https:\/\/api.w.org\/{rel}","templated":true}]}}