{"id":3884,"date":"2018-01-30T08:01:52","date_gmt":"2018-01-30T11:01:52","guid":{"rendered":"http:\/\/dsrmedios.com.ar\/diario\/?p=3884"},"modified":"2018-01-30T08:01:52","modified_gmt":"2018-01-30T11:01:52","slug":"dos-paros-de-48-horas-anunciaron-las-comisiones-gremiales-del-banco-provincia","status":"publish","type":"post","link":"http:\/\/dsrmedios.com.ar\/diario\/archivos\/3884","title":{"rendered":"Dos paros de 48 horas anunciaron las comisiones gremiales del Banco Provincia"},"content":{"rendered":"<p>Las comisiones gremiales internas del Banco Provincia resolvieron realizar dos nuevos paros de 48 horas para los pr\u00f3ximos jueves y viernes en rechazo a la ley que reform\u00f3 la caja jubilatoria de los trabajadores de esa entidad crediticia. De esta manera, los bancarios provinciales realizar\u00e1n una medida de fuerza los d\u00edas 1\u00ba, 2, 8 y 9 de febrero.<\/p>\n<p>&#8220;Habi\u00e9ndose agotado todos los plazos previstos del funcionamiento de la infructuosa &#8216;mesa de di\u00e1logo&#8217; propuesta por el gobierno de la provincia y cumplida holgadamente la conciliaci\u00f3n obligatoria impuesta por el Ministerio de Trabajo de la Naci\u00f3n, durante la pasada semana se acord\u00f3 la continuidad del plan de lucha&#8221;, se inform\u00f3 en un comunicado.<\/p>\n<p>El texto tambi\u00e9n describi\u00f3 un contexto con una &#8220;exacerbada campa\u00f1a antigremial&#8221; y denunci\u00f3 &#8220;presi\u00f3n sobre los sindicatos para que firmen acuerdos paritarios totalmente descolgados de la realidad inflacionaria&#8221;.<\/p>\n<p>Fuente:www.aninoticias.com.ar<\/p>\n","protected":false},"excerpt":{"rendered":"<div class=\"mh-excerpt\"><p>Las comisiones gremiales internas del Banco Provincia resolvieron realizar dos nuevos paros de 48 horas para los pr\u00f3ximos jueves y viernes en rechazo a la ley que reform\u00f3 la caja jubilatoria de los trabajadores de esa entidad crediticia. De esta manera, los bancarios provinciales realizar\u00e1n una medida de fuerza los d\u00edas 1\u00ba, 2, 8 y 9 de febrero. &#8220;Habi\u00e9ndose agotado todos los plazos previstos del funcionamiento de la infructuosa &#8216;mesa de di\u00e1logo&#8217; propuesta por el gobierno de la provincia y cumplida holgadamente la conciliaci\u00f3n obligatoria impuesta por el Ministerio de Trabajo de la Naci\u00f3n, durante la pasada semana se acord\u00f3 <a class=\"mh-excerpt-more\" href=\"http:\/\/dsrmedios.com.ar\/diario\/archivos\/3884\" title=\"Dos paros de 48 horas anunciaron las comisiones gremiales del Banco Provincia\">[Leer m\u00e1s]<\/a><\/p>\n<\/div>","protected":false},"author":5,"featured_media":3885,"comment_status":"open","ping_status":"closed","sticky":false,"template":"","format":"standard","meta":{"_jetpack_newsletter_access":""},"categories":[18,7],"tags":[],"jetpack_featured_media_url":"http:\/\/dsrmedios.com.ar\/diario\/wp-content\/uploads\/2018\/01\/bapro_1.jpg","jetpack_sharing_enabled":true,"jetpack_shortlink":"https:\/\/wp.me\/p9fihK-10E","_links":{"self":[{"href":"http:\/\/dsrmedios.com.ar\/diario\/wp-json\/wp\/v2\/posts\/3884"}],"collection":[{"href":"http:\/\/dsrmedios.com.ar\/diario\/wp-json\/wp\/v2\/posts"}],"about":[{"href":"http:\/\/dsrmedios.com.ar\/diario\/wp-json\/wp\/v2\/types\/post"}],"author":[{"embeddable":true,"href":"http:\/\/dsrmedios.com.ar\/diario\/wp-json\/wp\/v2\/users\/5"}],"replies":[{"embeddable":true,"href":"http:\/\/dsrmedios.com.ar\/diario\/wp-json\/wp\/v2\/comments?post=3884"}],"version-history":[{"count":1,"href":"http:\/\/dsrmedios.com.ar\/diario\/wp-json\/wp\/v2\/posts\/3884\/revisions"}],"predecessor-version":[{"id":3886,"href":"http:\/\/dsrmedios.com.ar\/diario\/wp-json\/wp\/v2\/posts\/3884\/revisions\/3886"}],"wp:featuredmedia":[{"embeddable":true,"href":"http:\/\/dsrmedios.com.ar\/diario\/wp-json\/wp\/v2\/media\/3885"}],"wp:attachment":[{"href":"http:\/\/dsrmedios.com.ar\/diario\/wp-json\/wp\/v2\/media?parent=3884"}],"wp:term":[{"taxonomy":"category","embeddable":true,"href":"http:\/\/dsrmedios.com.ar\/diario\/wp-json\/wp\/v2\/categories?post=3884"},{"taxonomy":"post_tag","embeddable":true,"href":"http:\/\/dsrmedios.com.ar\/diario\/wp-json\/wp\/v2\/tags?post=3884"}],"curies":[{"name":"wp","href":"https:\/\/api.w.org\/{rel}","templated":true}]}}