{"id":38800,"date":"2023-08-30T10:01:44","date_gmt":"2023-08-30T13:01:44","guid":{"rendered":"http:\/\/dsrmedios.com.ar\/diario\/?p=38800"},"modified":"2023-08-30T10:01:48","modified_gmt":"2023-08-30T13:01:48","slug":"el-oficialismo-avanzo-con-el-proyecto-de-blanqueo-en-diputados-y-busca-los-votos-para-incluirlo-en-la-proxima-sesion","status":"publish","type":"post","link":"http:\/\/dsrmedios.com.ar\/diario\/archivos\/38800","title":{"rendered":"El oficialismo avanz\u00f3 con el proyecto de blanqueo en Diputados y busca los votos para incluirlo en la pr\u00f3xima sesi\u00f3n"},"content":{"rendered":"\n<p>El oficialismo dictamin\u00f3 hoy el proyecto de \u201c<strong>Declaraci\u00f3n Voluntaria del Ahorro Argentino no Exteriorizado<\/strong>\u201d en la Comisi\u00f3n de Presupuesto de la C\u00e1mara de Diputados, a pesar del\u00a0<strong>rechazo de Juntos por el Cambio<\/strong>, que critic\u00f3 el proyecto por no incluir beneficios para quienes pagaron en tiempo y forma.<a rel=\"noreferrer noopener\" href=\"https:\/\/www.infobae.com\/politica\/2023\/08\/30\/patricia-bullrich-con-eje-en-la-economia-vera-a-un-premio-nobel-que-es-experto-en-inflacion-y-confirmara-a-melconian-como-ministro\/\" target=\"_blank\"><\/a><\/p>\n\n\n\n<p>El bloque de Uni\u00f3n por la Patria hizo valer su mayor\u00eda en la comisi\u00f3n y tambi\u00e9n cont\u00f3 con el apoyo de representantes del interbloque&nbsp;<strong>Provincias Unidas<\/strong>. Sin embargo, si no logra sumar el respaldo del<strong>&nbsp;Interbloque Federal,<\/strong>&nbsp;que no hizo p\u00fablica su postura ni particip\u00f3 de la comisi\u00f3n, enfrenta un panorama incierto en el recinto.<\/p>\n\n\n\n<p><strong>Juntos por el Cambio<\/strong>&nbsp;firm\u00f3 un dictamen de rechazo y se\u00f1al\u00f3 que para tener \u00e9xito un blanqueo debe tener estabilidad, seguridad jur\u00eddica y un gobierno que genere confianza. La&nbsp;<strong>izquieda<\/strong>&nbsp;tambi\u00e9n adelant\u00f3 que no acompa\u00f1ar\u00e1 la iniciativa.<\/p>\n\n\n\n<p>El proyecto,&nbsp;<strong>impulsado por Sergio Massa<\/strong>, establece que se podr\u00e1n \u201cblanquear\u201d tenencias de moneda nacional o extranjera en el pa\u00eds o en el exterior, activos financieros, bienes inmuebles e inmuebles. La iniciativa elaborada por el Palacio de Hacienda surge luego del acuerdo firmado en diciembre pasado entre la Argentina y Estados Unidos que establece un<strong>&nbsp;sistema de intercambio de informaci\u00f3n tributaria<\/strong>&nbsp;que permitir\u00e1 a ambos pa\u00edses acceder a datos cruzados sobre operaciones realizadas por sus ciudadanos en los respectivos sistemas financieros.<\/p>\n\n\n\n<p>\u201cEs un nuevo parche que en este contexto solo beneficiar\u00eda a los que est\u00e1n en riesgo de ser descubiertos, por ejemplo, con activos en EE.UU. gracias al nuevo convenio de cooperaci\u00f3n. Es un blanqueo para unos pocos. \u00bfPor qu\u00e9 no los encontramos? \u00bfPor qu\u00e9 le damos la posibilidad de entrar tan f\u00e1cilmente?\u201d, dijo la diputada del PRO&nbsp;<strong>Germana Figueroa Casas.<\/strong><\/p>\n\n\n\n<p><img decoding=\"async\" loading=\"lazy\" alt=\"El edificio de la AFIP \" height=\"1080\" width=\"1920\" src=\"https:\/\/www.infobae.com\/new-resizer\/iiYyb0jUkfUKRFRsvZuqEfMap-U=\/arc-anglerfish-arc2-prod-infobae\/public\/TDSOJ2V6KFEMZKAU7ITAYCKI6E.jpg\" srcset=\"https:\/\/www.infobae.com\/new-resizer\/DDLo-hxMdhiGOJ1xKVIDo0NYao8=\/420x236\/filters:format(webp):quality(85)\/cloudfront-us-east-1.images.arcpublishing.com\/infobae\/TDSOJ2V6KFEMZKAU7ITAYCKI6E.jpg 420w,https:\/\/www.infobae.com\/new-resizer\/qMViBISJ7OgmbzX1sbD17kP7Ees=\/768x432\/filters:format(webp):quality(85)\/cloudfront-us-east-1.images.arcpublishing.com\/infobae\/TDSOJ2V6KFEMZKAU7ITAYCKI6E.jpg 768w,https:\/\/www.infobae.com\/new-resizer\/8RpcnkrmDANkBMfySI5v8erWVIY=\/992x558\/filters:format(webp):quality(85)\/cloudfront-us-east-1.images.arcpublishing.com\/infobae\/TDSOJ2V6KFEMZKAU7ITAYCKI6E.jpg 992w,https:\/\/www.infobae.com\/new-resizer\/F0NRyRqBvAjUAIS8duBeJm--YQM=\/1200x675\/filters:format(webp):quality(85)\/cloudfront-us-east-1.images.arcpublishing.com\/infobae\/TDSOJ2V6KFEMZKAU7ITAYCKI6E.jpg 1200w,https:\/\/www.infobae.com\/new-resizer\/0JL4bVwFLnKMtllqP_b9UBHKHO4=\/1440x810\/filters:format(webp):quality(85)\/cloudfront-us-east-1.images.arcpublishing.com\/infobae\/TDSOJ2V6KFEMZKAU7ITAYCKI6E.jpg 1440w\">El edificio de la AFIP<\/p>\n\n\n\n<p>Otra novedad con respecto al proyecto que hab\u00eda sido presentado en mayo es que<strong>&nbsp;se elimin\u00f3 la figura del \u201ccolaborador\u201d<\/strong>, que obtendr\u00eda un beneficio por brindar datos de patrimonios no declarados. Adem\u00e1s, se establece que no podr\u00e1n entrar al blanqueo las personas condenadas por delitos de \u201clesa humanidad\u201d o por graves violaciones a los derechos humanos.<\/p>\n\n\n\n<p>Lo recaudado por el impuesto especial se destinar\u00e1 en un 80% al Tesoro Nacional y el 20% restante a programas y proyectos que tengan como objeto financiar la construcci\u00f3n de viviendas en barrios populares y la realizaci\u00f3n de obras, entre ellas, las relacionadas con la exploraci\u00f3n, desarrollo, construcci\u00f3n y mantenimiento de infraestructura, transporte y producci\u00f3n de gas natural.<\/p>\n\n\n\n<p>Desde el oficialismo, el presidente de la Comisi\u00f3n de Presupuesto<strong>&nbsp;Carlos Heller<\/strong>&nbsp;destac\u00f3 que la norma quedar\u00e1 vigente por un a\u00f1o por lo que el pr\u00f3ximo gobierno, sea quien sea, \u201cva a disponer de esta herramienta\u201d.<\/p>\n\n\n\n<p>En caso de ser aprobada por el Congreso, podr\u00e1n ser \u201cexteriorizados\u201d sumas de&nbsp;<strong>dinero en efectivo en moneda nacional y extranjera; activos financieros en el pa\u00eds y en el exterior incluyendo criptoactivos; inmuebles en el pa\u00eds y en el exterior; muebles y bienes en el pa\u00eds y en el exterior.<\/strong><\/p>\n\n\n\n<p>Las al\u00edcuotas ser\u00e1n del<strong>&nbsp;5%<\/strong>&nbsp;desde la entrada en vigencia y hasta transcurrido el plazo de 120 d\u00edas corridos de la puesta en marcha del blanqueo;&nbsp;<strong>10%<\/strong>&nbsp;para los bienes declarados desde el vencimiento del plazo anterior y hasta transcurrido el plazo de 120 d\u00edas; y&nbsp;<strong>20%<\/strong>, para los bienes declarados desde el vencimiento del segundo plazo y hasta transcurrido el plazo de 120 d\u00edas corridos.<\/p>\n\n\n\n<p>Por otro lado, se establecer\u00e1 un R\u00e9gimen Simplificado con una al\u00edcuota especial del&nbsp;<strong>1,5%&nbsp;<\/strong>aplicable a personas humanas que exterioricen tenencia de moneda nacional o extranjera por un monto que no supere el 35% de los ingresos anuales promedio de los \u00faltimos tres a\u00f1os o un tope de hasta USD 50.000 (lo que sea menor). En el caso de que la persona no cuente con ingresos declarados, en los \u00faltimos tres a\u00f1os, el importe que se exteriorice no podr\u00e1 superar el equivalente a USD 50.000. Adem\u00e1s, quedar\u00e1n excluidos de este r\u00e9gimen las personas que hayan quedado alcanzados por el Aporte Solidario y Extraordinario.<\/p>\n\n\n\n<p>Finalmente, desde el oficialismo pusieron especial \u00e9nfasis en que no podr\u00e1n disfrutar de este beneficio fiscal los funcionarios del gobierno nacional ni de las provincias, inclu\u00eddos sus familiares.<\/p>\n\n\n\n<p>Fuente: Infobae<\/p>\n","protected":false},"excerpt":{"rendered":"<div class=\"mh-excerpt\"><p>El oficialismo dictamin\u00f3 hoy el proyecto de \u201cDeclaraci\u00f3n Voluntaria del Ahorro Argentino no Exteriorizado\u201d en la Comisi\u00f3n de Presupuesto de la C\u00e1mara de Diputados, a pesar del\u00a0rechazo de Juntos por el Cambio, que critic\u00f3 el proyecto por no incluir beneficios para quienes pagaron en tiempo y forma. El bloque de Uni\u00f3n por la Patria hizo valer su mayor\u00eda en la comisi\u00f3n y tambi\u00e9n cont\u00f3 con el apoyo de representantes del interbloque&nbsp;Provincias Unidas. Sin embargo, si no logra sumar el respaldo del&nbsp;Interbloque Federal,&nbsp;que no hizo p\u00fablica su postura ni particip\u00f3 de la comisi\u00f3n, enfrenta un panorama incierto en el recinto. Juntos <a class=\"mh-excerpt-more\" href=\"http:\/\/dsrmedios.com.ar\/diario\/archivos\/38800\" title=\"El oficialismo avanz\u00f3 con el proyecto de blanqueo en Diputados y busca los votos para incluirlo en la pr\u00f3xima sesi\u00f3n\">[Leer m\u00e1s]<\/a><\/p>\n<\/div>","protected":false},"author":8,"featured_media":38801,"comment_status":"open","ping_status":"closed","sticky":false,"template":"","format":"standard","meta":{"_jetpack_newsletter_access":""},"categories":[6],"tags":[],"jetpack_featured_media_url":"http:\/\/dsrmedios.com.ar\/diario\/wp-content\/uploads\/2023\/08\/diputados-1.jpg","jetpack_sharing_enabled":true,"jetpack_shortlink":"https:\/\/wp.me\/p9fihK-a5O","_links":{"self":[{"href":"http:\/\/dsrmedios.com.ar\/diario\/wp-json\/wp\/v2\/posts\/38800"}],"collection":[{"href":"http:\/\/dsrmedios.com.ar\/diario\/wp-json\/wp\/v2\/posts"}],"about":[{"href":"http:\/\/dsrmedios.com.ar\/diario\/wp-json\/wp\/v2\/types\/post"}],"author":[{"embeddable":true,"href":"http:\/\/dsrmedios.com.ar\/diario\/wp-json\/wp\/v2\/users\/8"}],"replies":[{"embeddable":true,"href":"http:\/\/dsrmedios.com.ar\/diario\/wp-json\/wp\/v2\/comments?post=38800"}],"version-history":[{"count":1,"href":"http:\/\/dsrmedios.com.ar\/diario\/wp-json\/wp\/v2\/posts\/38800\/revisions"}],"predecessor-version":[{"id":38802,"href":"http:\/\/dsrmedios.com.ar\/diario\/wp-json\/wp\/v2\/posts\/38800\/revisions\/38802"}],"wp:featuredmedia":[{"embeddable":true,"href":"http:\/\/dsrmedios.com.ar\/diario\/wp-json\/wp\/v2\/media\/38801"}],"wp:attachment":[{"href":"http:\/\/dsrmedios.com.ar\/diario\/wp-json\/wp\/v2\/media?parent=38800"}],"wp:term":[{"taxonomy":"category","embeddable":true,"href":"http:\/\/dsrmedios.com.ar\/diario\/wp-json\/wp\/v2\/categories?post=38800"},{"taxonomy":"post_tag","embeddable":true,"href":"http:\/\/dsrmedios.com.ar\/diario\/wp-json\/wp\/v2\/tags?post=38800"}],"curies":[{"name":"wp","href":"https:\/\/api.w.org\/{rel}","templated":true}]}}