{"id":3880,"date":"2018-01-29T11:53:03","date_gmt":"2018-01-29T14:53:03","guid":{"rendered":"http:\/\/dsrmedios.com.ar\/diario\/?p=3880"},"modified":"2018-01-29T11:58:19","modified_gmt":"2018-01-29T14:58:19","slug":"hace-un-ano-atras-carhue-y-su-lago-epecuen-se-convertian-en-record-mundial-guinnes","status":"publish","type":"post","link":"http:\/\/dsrmedios.com.ar\/diario\/archivos\/3880","title":{"rendered":"Hace un a\u00f1o atr\u00e1s Carhu\u00e9 y su Lago Epecu\u00e9n se convert\u00edan en r\u00e9cord mundial Guinnes"},"content":{"rendered":"<p>El 29 de enero de 2017 quedar\u00e1 marcado en la memoria del Lago Epecu\u00e9n, Carhu\u00e9: fue escenario del r\u00e9cord Guinness en el que 1941 personas flotaron en l\u00ednea sin asistencia de ning\u00fan elemento de flotaci\u00f3n.<br \/>\n\u201cEn este aniversario quiero volver a agradecer a las casi dos mil personas que participaron, a los que trabajaron para que sea un \u00e9xito y a quienes nos acompa\u00f1aron\u201d afirm\u00f3 el intendente Hirtz quien con emoci\u00f3n record\u00f3 \u201cFue un d\u00eda inolvidable\u201d.<br \/>\nJavier Andres, Secretario de Turismo afirm\u00f3 \u201c Fue una manera creativa de resignificar nuestra historia y contarle al mundo de las propiedades del Lago Epecu\u00e9n que son s\u00f3lo comparables con el Mar Muerto\u201d.<br \/>\nLa Playa Eco Sustentable estaba repleta: entre 15 y 20 mil personas acompa\u00f1aron la haza\u00f1a. Participaron personas de todo el pa\u00eds y la comunidad en conjunto. Cinco medios de alcance nacional y provincial cubrieron el r\u00e9cord y tuvo una repercusi\u00f3n medi\u00e1tica de alcance internacional que sirvi\u00f3 para posicionar al Lago Epecu\u00e9n Carhu\u00e9 como destino tur\u00edstico.<br \/>\nEl Presidente a trav\u00e9s de su cuenta oficial de Facebook envi\u00f3 felicitaciones y desde la Casa Rosada convocaron al Municipio de Adolfo Alsina a una reuni\u00f3n para presentar la estrategia de comunicaci\u00f3n desarrollada para el Guinness logrado en el Lago Epecu\u00e9n y para intercambiar miradas sobre la comunicaci\u00f3n gubernamental.<br \/>\nCon motivo del aniversario se enviar\u00e1 por correo electr\u00f3nico el certificado de participaci\u00f3n a todos los que fueron parte<\/p>\n","protected":false},"excerpt":{"rendered":"<div class=\"mh-excerpt\"><p>El 29 de enero de 2017 quedar\u00e1 marcado en la memoria del Lago Epecu\u00e9n, Carhu\u00e9: fue escenario del r\u00e9cord Guinness en el que 1941 personas flotaron en l\u00ednea sin asistencia de ning\u00fan elemento de flotaci\u00f3n. \u201cEn este aniversario quiero volver a agradecer a las casi dos mil personas que participaron, a los que trabajaron para que sea un \u00e9xito y a quienes nos acompa\u00f1aron\u201d afirm\u00f3 el intendente Hirtz quien con emoci\u00f3n record\u00f3 \u201cFue un d\u00eda inolvidable\u201d. Javier Andres, Secretario de Turismo afirm\u00f3 \u201c Fue una manera creativa de resignificar nuestra historia y contarle al mundo de las propiedades del Lago <a class=\"mh-excerpt-more\" href=\"http:\/\/dsrmedios.com.ar\/diario\/archivos\/3880\" title=\"Hace un a\u00f1o atr\u00e1s Carhu\u00e9 y su Lago Epecu\u00e9n se convert\u00edan en r\u00e9cord mundial Guinnes\">[Leer m\u00e1s]<\/a><\/p>\n<\/div>","protected":false},"author":5,"featured_media":3881,"comment_status":"open","ping_status":"closed","sticky":false,"template":"","format":"standard","meta":{"_jetpack_newsletter_access":""},"categories":[2,18,5],"tags":[],"jetpack_featured_media_url":"http:\/\/dsrmedios.com.ar\/diario\/wp-content\/uploads\/2018\/01\/record.jpg","jetpack_sharing_enabled":true,"jetpack_shortlink":"https:\/\/wp.me\/p9fihK-10A","_links":{"self":[{"href":"http:\/\/dsrmedios.com.ar\/diario\/wp-json\/wp\/v2\/posts\/3880"}],"collection":[{"href":"http:\/\/dsrmedios.com.ar\/diario\/wp-json\/wp\/v2\/posts"}],"about":[{"href":"http:\/\/dsrmedios.com.ar\/diario\/wp-json\/wp\/v2\/types\/post"}],"author":[{"embeddable":true,"href":"http:\/\/dsrmedios.com.ar\/diario\/wp-json\/wp\/v2\/users\/5"}],"replies":[{"embeddable":true,"href":"http:\/\/dsrmedios.com.ar\/diario\/wp-json\/wp\/v2\/comments?post=3880"}],"version-history":[{"count":2,"href":"http:\/\/dsrmedios.com.ar\/diario\/wp-json\/wp\/v2\/posts\/3880\/revisions"}],"predecessor-version":[{"id":3883,"href":"http:\/\/dsrmedios.com.ar\/diario\/wp-json\/wp\/v2\/posts\/3880\/revisions\/3883"}],"wp:featuredmedia":[{"embeddable":true,"href":"http:\/\/dsrmedios.com.ar\/diario\/wp-json\/wp\/v2\/media\/3881"}],"wp:attachment":[{"href":"http:\/\/dsrmedios.com.ar\/diario\/wp-json\/wp\/v2\/media?parent=3880"}],"wp:term":[{"taxonomy":"category","embeddable":true,"href":"http:\/\/dsrmedios.com.ar\/diario\/wp-json\/wp\/v2\/categories?post=3880"},{"taxonomy":"post_tag","embeddable":true,"href":"http:\/\/dsrmedios.com.ar\/diario\/wp-json\/wp\/v2\/tags?post=3880"}],"curies":[{"name":"wp","href":"https:\/\/api.w.org\/{rel}","templated":true}]}}