{"id":38743,"date":"2023-08-29T13:52:05","date_gmt":"2023-08-29T16:52:05","guid":{"rendered":"http:\/\/dsrmedios.com.ar\/diario\/?p=38743"},"modified":"2023-08-29T13:52:09","modified_gmt":"2023-08-29T16:52:09","slug":"river-plate-presento-a-sebastian-boselli-quienes-llegaron-y-se-fueron-del-club-tras-el-operativo-reduccion","status":"publish","type":"post","link":"http:\/\/dsrmedios.com.ar\/diario\/archivos\/38743","title":{"rendered":"River Plate present\u00f3 a Sebasti\u00e1n Boselli: qui\u00e9nes llegaron y se fueron del club tras el \u201coperativo reducci\u00f3n\u201d"},"content":{"rendered":"\n<p>\u201c<strong>Boselli es de River.\u00a0<\/strong>Acompa\u00f1ado por el Presidente<a href=\"https:\/\/twitter.com\/JorgeBrito\">\u00a0Jorge Brito\u00a0<\/a>y el Vicepresidente Mat\u00edas Ptanian, Sebasti\u00e1n Boselli firm\u00f3\u00a0<strong>su contrato con el Club hasta diciembre de 2026<\/strong>\u2033. Con esas palabras, River Plate present\u00f3 de manera oficial a su \u00faltimo refuerzo de cara a este semestre.<a rel=\"noreferrer noopener\" href=\"https:\/\/www.infobae.com\/deportes\/2023\/08\/29\/la-singular-reunion-de-beckham-con-una-estrella-del-real-madrid-que-disparo-los-rumores-se-suma-al-inter-miami-con-messi\/\" target=\"_blank\"><\/a><\/p>\n\n\n\n<p>Aunque ahora los ca\u00f1ones solamente apuntan a la Copa de la Liga, debido a que los dirigidos por Mart\u00edn Demichelis se encuentran fuera de carrera en la Copa Libertadores y Argentina, los de N\u00fa\u00f1ez apostaron fuerte en esta ventana de transferencias.<\/p>\n\n\n\n<p>La \u00faltima contrataci\u00f3n en ser oficial fue la del marcador central uruguayo, quien viene de ser campe\u00f3n del mundo Sub 20. River Plate&nbsp;<strong>acord\u00f3 con Defensor Sporting pagar 3.5 millones de d\u00f3lares por el 70 por ciento de la ficha<\/strong>&nbsp;del zaguero de 19 a\u00f1os que ya estuvo en la mira de Marcelo Bielsa para la Mayor. Firm\u00f3 hasta diciembre del 2026 y el domingo estuvo presente en el Monumental para ver de cerca la goleada de sus nuevos compa\u00f1eros ante Barracas Central.<\/p>\n\n\n\n<p>Entre las caras nuevas m\u00e1s rutilantes se destacan las de tres viejos conocidos y que generan mucha ilusi\u00f3n entre los fan\u00e1ticos:\u00a0<strong>Ramiro Funes Mori, Manuel Lanzini y Gonzalo\u00a0<\/strong><em><strong>Pity<\/strong><\/em><strong>\u00a0Mart\u00ednez<\/strong>\u00a0(el h\u00e9roe en Madrid se encuentra en la recta final de su recuperaci\u00f3n de una rotura de ligamentos cruzados). El otro fichaje fue el del delantero\u00a0<strong>Facundo Colidio<\/strong>, cuyo pase pertenec\u00eda al Inter y ven\u00eda de destacarse en Tigre.<\/p>\n\n\n\n<p>Vale destacar que tambi\u00e9n se lleg\u00f3 a un acuerdo con el uruguayo Nicol\u00e1s Fonseca (hijo del ex millonario Daniel Fonseca). El joven volante central de 22 a\u00f1os seguir\u00e1 a pr\u00e9stamo en Montevideo Wanderers hasta fin de a\u00f1o, para luego ponerse bajo las \u00f3rdenes de Mart\u00edn Demichelis.<\/p>\n\n\n\n<p>Otro punto a tener en cuenta dentro de esta ventana de transferencia es que, por pedido expreso del entrenador,\u00a0<strong>se redujo considerablemente la cantidad de futbolistas<\/strong>\u00a0profesionales dentro del primer equipo. A pesar de que al entrenador le agrada tener diversas opciones para configurar su once inicial, solo 11 jugadores pueden estar en el terreno de juego. Su visi\u00f3n se inclina hacia lo que experiment\u00f3 en Europa: un equipo principal, un conjunto de reservas y el resto provenientes de las divisiones inferiores.<\/p>\n\n\n\n<p>La primera medida de peso que tom\u00f3 tras la vuelta a los entrenamientos en el River Camp fue que un grupo de deportistas practiquen en horarios diferentes mientras se decide su situaci\u00f3n en el club, dado que&nbsp;<a href=\"https:\/\/www.infobae.com\/deportes\/2023\/08\/09\/quienes-son-los-futbolistas-que-dejarian-river-plate-tras-la-eliminacion-en-la-copa-libertadores\/\">estaban en la lista de aquellos que no ser\u00edan considerados<\/a>. Los defensores<strong>&nbsp;Tom\u00e1s Lecanda, El\u00edas L\u00f3pez, Nahuel Gallardo<\/strong>&nbsp;y el atacante&nbsp;<strong>Agust\u00edn Fontana<\/strong>&nbsp;(los \u00faltimos dos acordaron sus fichajes a Sarmiento de Jun\u00edn)<\/p>\n\n\n\n<p>Los primeros en partir fueron dos j\u00f3venes talentos:&nbsp;<strong>Tom\u00e1s Castro Ponce<\/strong>&nbsp;se dirigi\u00f3 a Atl\u00e9tico Tucum\u00e1n y<strong>&nbsp;Franco Alfonso&nbsp;<\/strong>a Hurac\u00e1n (cedido sin costo hasta finales de 2024 con una opci\u00f3n de adquisici\u00f3n de 2.5 millones de d\u00f3lares por la mitad de su ficha). Un caso adicional es el de<strong>&nbsp;Felipe Pe\u00f1a Biafore<\/strong>, que termin\u00f3 su contrato con Arsenal para unirse a Lan\u00fas en calidad de pr\u00e9stamo.&nbsp;<strong>Manuel Guill\u00e9n<\/strong>, un pilar de la Reserva, fue cedido a Godoy Cruz de Mendoza.<\/p>\n\n\n\n<p>Adem\u00e1s de la venta de Lucas Beltr\u00e1n a la Fiorentina de Italia (<a href=\"https:\/\/www.infobae.com\/deportes\/2023\/08\/12\/lucas-beltran-fue-presentado-en-fiorentina-cuanto-dinero-recibira-river-plate\/\">se cerr\u00f3 en un monto fijo de 12.595.00 millones de euros brutos y otros 12.595.000 millones de la moneda europea en objetivos<\/a>) tambi\u00e9n se marcharon otros nombres importantes, como los de<strong>&nbsp;Robert Rojas<\/strong>&nbsp;(Tigre),&nbsp;<strong>Jos\u00e9 Paradela<\/strong>&nbsp;(Tigre)&nbsp;<strong>y El\u00edas G\u00f3mez<\/strong>&nbsp;(V\u00e9lez).<\/p>\n\n\n\n<p><strong>LOS 31 FUTBOLISTAS DE RIVER PLATE*:<\/strong><\/p>\n\n\n\n<p><strong>Arqueros:&nbsp;<\/strong>Franco Armani, Ezequiel Centuri\u00f3n, Lucas Lavagnino y Santiago Beltr\u00e1n.<\/p>\n\n\n\n<p><strong>Defensores:&nbsp;<\/strong>Milton Casco, Andr\u00e9s Herrera, Leandro Gonz\u00e1lez Pirez, Paulo D\u00edaz, Jonatan Maidana, Emmanuel Mammana, H\u00e9ctor David Mart\u00ednez, Ramiro Funes Mori, Enzo D\u00edaz y Sebasti\u00e1n Boselli.<\/p>\n\n\n\n<p><strong>Mediocampistas:&nbsp;<\/strong>Enzo P\u00e9rez, Mat\u00edas Kranevitter, Rodrigo Aliendro, Nicol\u00e1s De La Cruz, Ignacio Fern\u00e1ndez, Esequiel Barco, Manuel Lanzini, Santiago Sim\u00f3n, Agust\u00edn Palavecino, Claudio Echeverri, Gonzalo Mart\u00ednez y Bruno Zuculini.<\/p>\n\n\n\n<p><strong>Delanteros:\u00a0<\/strong>Miguel Borja, Salom\u00f3n Rond\u00f3n, Mat\u00edas Su\u00e1rez, Pablo Solari y Facundo Colidio.<\/p>\n\n\n\n<p>Fuente: Infobae<\/p>\n","protected":false},"excerpt":{"rendered":"<div class=\"mh-excerpt\"><p>\u201cBoselli es de River.\u00a0Acompa\u00f1ado por el Presidente\u00a0Jorge Brito\u00a0y el Vicepresidente Mat\u00edas Ptanian, Sebasti\u00e1n Boselli firm\u00f3\u00a0su contrato con el Club hasta diciembre de 2026\u2033. Con esas palabras, River Plate present\u00f3 de manera oficial a su \u00faltimo refuerzo de cara a este semestre. Aunque ahora los ca\u00f1ones solamente apuntan a la Copa de la Liga, debido a que los dirigidos por Mart\u00edn Demichelis se encuentran fuera de carrera en la Copa Libertadores y Argentina, los de N\u00fa\u00f1ez apostaron fuerte en esta ventana de transferencias. La \u00faltima contrataci\u00f3n en ser oficial fue la del marcador central uruguayo, quien viene de ser campe\u00f3n del <a class=\"mh-excerpt-more\" href=\"http:\/\/dsrmedios.com.ar\/diario\/archivos\/38743\" title=\"River Plate present\u00f3 a Sebasti\u00e1n Boselli: qui\u00e9nes llegaron y se fueron del club tras el \u201coperativo reducci\u00f3n\u201d\">[Leer m\u00e1s]<\/a><\/p>\n<\/div>","protected":false},"author":8,"featured_media":38744,"comment_status":"open","ping_status":"closed","sticky":false,"template":"","format":"standard","meta":{"_jetpack_newsletter_access":""},"categories":[2],"tags":[],"jetpack_featured_media_url":"http:\/\/dsrmedios.com.ar\/diario\/wp-content\/uploads\/2023\/08\/maxresdefault-1.jpg","jetpack_sharing_enabled":true,"jetpack_shortlink":"https:\/\/wp.me\/p9fihK-a4T","_links":{"self":[{"href":"http:\/\/dsrmedios.com.ar\/diario\/wp-json\/wp\/v2\/posts\/38743"}],"collection":[{"href":"http:\/\/dsrmedios.com.ar\/diario\/wp-json\/wp\/v2\/posts"}],"about":[{"href":"http:\/\/dsrmedios.com.ar\/diario\/wp-json\/wp\/v2\/types\/post"}],"author":[{"embeddable":true,"href":"http:\/\/dsrmedios.com.ar\/diario\/wp-json\/wp\/v2\/users\/8"}],"replies":[{"embeddable":true,"href":"http:\/\/dsrmedios.com.ar\/diario\/wp-json\/wp\/v2\/comments?post=38743"}],"version-history":[{"count":1,"href":"http:\/\/dsrmedios.com.ar\/diario\/wp-json\/wp\/v2\/posts\/38743\/revisions"}],"predecessor-version":[{"id":38745,"href":"http:\/\/dsrmedios.com.ar\/diario\/wp-json\/wp\/v2\/posts\/38743\/revisions\/38745"}],"wp:featuredmedia":[{"embeddable":true,"href":"http:\/\/dsrmedios.com.ar\/diario\/wp-json\/wp\/v2\/media\/38744"}],"wp:attachment":[{"href":"http:\/\/dsrmedios.com.ar\/diario\/wp-json\/wp\/v2\/media?parent=38743"}],"wp:term":[{"taxonomy":"category","embeddable":true,"href":"http:\/\/dsrmedios.com.ar\/diario\/wp-json\/wp\/v2\/categories?post=38743"},{"taxonomy":"post_tag","embeddable":true,"href":"http:\/\/dsrmedios.com.ar\/diario\/wp-json\/wp\/v2\/tags?post=38743"}],"curies":[{"name":"wp","href":"https:\/\/api.w.org\/{rel}","templated":true}]}}