{"id":38741,"date":"2023-08-29T13:45:25","date_gmt":"2023-08-29T16:45:25","guid":{"rendered":"http:\/\/dsrmedios.com.ar\/diario\/?p=38741"},"modified":"2023-08-29T13:45:28","modified_gmt":"2023-08-29T16:45:28","slug":"se-activa-en-el-senado-el-debate-por-la-ley-de-alquileres","status":"publish","type":"post","link":"http:\/\/dsrmedios.com.ar\/diario\/archivos\/38741","title":{"rendered":"Se activa en el Senado el debate por la Ley de Alquileres"},"content":{"rendered":"\n<p>El\u00a0<strong>Senado de la Naci\u00f3n<\/strong>\u00a0inicia la discusi\u00f3n del proyecto de modificaci\u00f3n de la\u00a0<strong>Ley de Alquileres<\/strong>, que ya tiene media sanci\u00f3n de la\u00a0<strong>C\u00e1mara de Diputados<\/strong>. Esta tarde, en una reuni\u00f3n conjunta de las comisiones a las que fue remitido el proyecto, el\u00a0<strong>Frente de Todos<\/strong>\u00a0y\u00a0<strong>Juntos por el Cambio<\/strong>\u00a0comenzar\u00e1n las deliberaciones con un resultado, hasta el momento, incierto.<a rel=\"noreferrer noopener\" href=\"https:\/\/www.infobae.com\/noticias\/2023\/08\/29\/actividad-bursatil-aex-registra-ganancias-de-056-al-cierre-de-los-mercados-de-este-29-de-agosto\/\" target=\"_blank\"><\/a><\/p>\n\n\n\n<p>Los senadores est\u00e1n convocados a las 17 para la sesi\u00f3n plenaria de las comisiones de&nbsp;<strong>Legislaci\u00f3n General<\/strong>&nbsp;y de&nbsp;<strong>Presupuesto y Hacienda<\/strong>, tras la decisi\u00f3n del kirchnerismo de acceder al pedido opositor de conformar la primera de estas comisiones.<\/p>\n\n\n\n<p>La elecci\u00f3n de realizar un plenario de comisiones sugiere una intenci\u00f3n de agilizar el tr\u00e1mite del proyecto para que pueda ser debatido en el recinto lo antes posible. No obstante, esto podr\u00eda presentar desaf\u00edos considerando la composici\u00f3n de cada comisi\u00f3n.<\/p>\n\n\n\n<p>En la actualidad,&nbsp;<strong>Juntos por el Cambio<\/strong>&nbsp;posee la mayor\u00eda en&nbsp;<strong>Legislaci\u00f3n General<\/strong>, lo que les permitir\u00eda emitir un dictamen sin alteraciones. Por su parte, el&nbsp;<strong>Frente de Todos<\/strong>&nbsp;tiene la mayor\u00eda en&nbsp;<strong>Presupuesto y Hacienda<\/strong>, lo que les brinda la posibilidad de introducir cambios, una opci\u00f3n que no se descarta.<\/p>\n\n\n\n<p>De ocurrir esto, podr\u00edamos ver dos dict\u00e1menes: uno del oficialismo con las propuestas de modificaci\u00f3n, que podr\u00eda incluir mantener los contratos seg\u00fan la legislaci\u00f3n vigente y a\u00f1adir incentivos fiscales para quienes ofrezcan sus propiedades en el mercado de alquileres; y otro de la oposici\u00f3n, que mantendr\u00eda el esquema actual de duraci\u00f3n y ajuste de los alquileres.<\/p>\n\n\n\n<p>Otro desaf\u00edo, especialmente para&nbsp;<strong>Juntos por el Cambio<\/strong>, es el temario que podr\u00eda llegar al recinto. Desde la oposici\u00f3n, se percibe que el&nbsp;<strong>Frente de Todos<\/strong>&nbsp;impulsar\u00e1 la aprobaci\u00f3n de 75 pliegos judiciales, destacando el de&nbsp;<strong>Ana Mar\u00eda Figueroa<\/strong>.<\/p>\n\n\n\n<p>La jueza de&nbsp;<strong>Casaci\u00f3n Penal<\/strong>&nbsp;alcanz\u00f3 los 75 a\u00f1os, edad jubilatoria, y el kirchnerismo busca extender su mandato en la justicia por cinco a\u00f1os m\u00e1s. La oposici\u00f3n intenta bloquear esta medida, argumentando su cercan\u00eda con los intereses de la&nbsp;<strong>Vicepresidenta Cristina Kirchner<\/strong>&nbsp;y su rol en casos relevantes, como el de&nbsp;<strong>Hotesur<\/strong>, donde la presidenta del Senado y sus hijos, el diputado&nbsp;<strong>M\u00e1ximo Kirchner<\/strong>&nbsp;y&nbsp;<strong>Florencia Kirchner<\/strong>, est\u00e1n imputados por lavado de dinero.<\/p>\n\n\n\n<p>Sobre este asunto, el radical&nbsp;<strong>Alfredo Cornejo<\/strong>, l\u00edder del interbloque de&nbsp;<strong>Juntos por el Cambio<\/strong>, ya anticip\u00f3 que su estrategia es solicitar una sesi\u00f3n \u201ccon un \u00fanico tema, que es la ley de Alquileres\u201d.<\/p>\n\n\n\n<p>Mientras se aproxima el debate en las comisiones del Senado, representantes de\u00a0<strong>Juntos por el Cambio<\/strong>\u00a0intensifican contactos con\u00a0<strong>Unidad Federal<\/strong>, bloque compuesto por cinco senadores (4 ex kirchneristas y 1 del PJ de C\u00f3rdoba), buscando asegurar el qu\u00f3rum, votos en comisiones y el apoyo necesario para bloquear los nombramientos judiciales, especialmente el de\u00a0<strong>Figueroa<\/strong>.<\/p>\n\n\n\n<p>Independientemente del resultado en Diputados, fuentes kirchneristas indican que \u201cdurante los pr\u00f3ximos 15 d\u00edas no habr\u00e1 sesi\u00f3n\u201d debido a la ausencia de varios legisladores. Esto postergar\u00eda cualquier decisi\u00f3n sobre la\u00a0<strong>ley de Alquileres<\/strong>\u00a0hasta, al menos, finales de septiembre.<\/p>\n\n\n\n<p>Fuente: Infobae<\/p>\n","protected":false},"excerpt":{"rendered":"<div class=\"mh-excerpt\"><p>El\u00a0Senado de la Naci\u00f3n\u00a0inicia la discusi\u00f3n del proyecto de modificaci\u00f3n de la\u00a0Ley de Alquileres, que ya tiene media sanci\u00f3n de la\u00a0C\u00e1mara de Diputados. Esta tarde, en una reuni\u00f3n conjunta de las comisiones a las que fue remitido el proyecto, el\u00a0Frente de Todos\u00a0y\u00a0Juntos por el Cambio\u00a0comenzar\u00e1n las deliberaciones con un resultado, hasta el momento, incierto. Los senadores est\u00e1n convocados a las 17 para la sesi\u00f3n plenaria de las comisiones de&nbsp;Legislaci\u00f3n General&nbsp;y de&nbsp;Presupuesto y Hacienda, tras la decisi\u00f3n del kirchnerismo de acceder al pedido opositor de conformar la primera de estas comisiones. La elecci\u00f3n de realizar un plenario de comisiones sugiere una <a class=\"mh-excerpt-more\" href=\"http:\/\/dsrmedios.com.ar\/diario\/archivos\/38741\" title=\"Se activa en el Senado el debate por la Ley de Alquileres\">[Leer m\u00e1s]<\/a><\/p>\n<\/div>","protected":false},"author":8,"featured_media":24204,"comment_status":"open","ping_status":"closed","sticky":false,"template":"","format":"standard","meta":{"_jetpack_newsletter_access":""},"categories":[6],"tags":[],"jetpack_featured_media_url":"http:\/\/dsrmedios.com.ar\/diario\/wp-content\/uploads\/2021\/06\/senado11.jpg","jetpack_sharing_enabled":true,"jetpack_shortlink":"https:\/\/wp.me\/p9fihK-a4R","_links":{"self":[{"href":"http:\/\/dsrmedios.com.ar\/diario\/wp-json\/wp\/v2\/posts\/38741"}],"collection":[{"href":"http:\/\/dsrmedios.com.ar\/diario\/wp-json\/wp\/v2\/posts"}],"about":[{"href":"http:\/\/dsrmedios.com.ar\/diario\/wp-json\/wp\/v2\/types\/post"}],"author":[{"embeddable":true,"href":"http:\/\/dsrmedios.com.ar\/diario\/wp-json\/wp\/v2\/users\/8"}],"replies":[{"embeddable":true,"href":"http:\/\/dsrmedios.com.ar\/diario\/wp-json\/wp\/v2\/comments?post=38741"}],"version-history":[{"count":1,"href":"http:\/\/dsrmedios.com.ar\/diario\/wp-json\/wp\/v2\/posts\/38741\/revisions"}],"predecessor-version":[{"id":38742,"href":"http:\/\/dsrmedios.com.ar\/diario\/wp-json\/wp\/v2\/posts\/38741\/revisions\/38742"}],"wp:featuredmedia":[{"embeddable":true,"href":"http:\/\/dsrmedios.com.ar\/diario\/wp-json\/wp\/v2\/media\/24204"}],"wp:attachment":[{"href":"http:\/\/dsrmedios.com.ar\/diario\/wp-json\/wp\/v2\/media?parent=38741"}],"wp:term":[{"taxonomy":"category","embeddable":true,"href":"http:\/\/dsrmedios.com.ar\/diario\/wp-json\/wp\/v2\/categories?post=38741"},{"taxonomy":"post_tag","embeddable":true,"href":"http:\/\/dsrmedios.com.ar\/diario\/wp-json\/wp\/v2\/tags?post=38741"}],"curies":[{"name":"wp","href":"https:\/\/api.w.org\/{rel}","templated":true}]}}