{"id":3869,"date":"2018-01-29T11:15:06","date_gmt":"2018-01-29T14:15:06","guid":{"rendered":"http:\/\/dsrmedios.com.ar\/diario\/?p=3869"},"modified":"2018-01-29T11:50:02","modified_gmt":"2018-01-29T14:50:02","slug":"se-viene-la-16-edicion-de-la-fiesta-provincial-del-turismo-termal-en-carhue","status":"publish","type":"post","link":"http:\/\/dsrmedios.com.ar\/diario\/archivos\/3869","title":{"rendered":"Se viene la 16\u00b0 edici\u00f3n de la Fiesta Provincial del Turismo Termal en Carhu\u00e9"},"content":{"rendered":"<p>El s\u00e1bado y domingo se celebrar\u00e1 la Fiesta Provincial del Turismo Termal en Carhu\u00e9 con el show de Agapornis y actividades para toda la familia: la noche de las termas, bodypainting con fango del lago, cruce a nado al Lago Epecu\u00e9n, elecci\u00f3n de la reina y mucho m\u00e1s.<br \/>\nLa Fiesta Provincial del Turismo Termal cumple 16 a\u00f1os. \u00a0Miles de personas y cientos de reconocidos artistas de la Argentina han pasado por el escenario de una Fiesta que no ha dejado de crecer con el transcurso de los a\u00f1os. Cada edici\u00f3n ha logrado superar las expectativas de los organizadores y el p\u00fablico como lo fue el a\u00f1o pasado con el Guinnes World Record obtenido con la mayor cantidad de personas flotando en l\u00ednea sin asistencia de ning\u00fan elemento de flotaci\u00f3n.<\/p>\n<p>A bailar con Agapornis<\/p>\n<p>La banda de \u201ccumbia pop\u201d Agapornis tocar\u00e1 el domingo a la noche y ser\u00e1 el n\u00famero principal de la Fiesta. \u00a0La banda , que naci\u00f3 en La Plata a mediados de 2011, revisiona temas de todos los ritmos y as\u00ed puso de moda un estilo musical que l transmite alegr\u00eda, fiesta y buen humor.<br \/>\nKevin Johansen, iba a ser parte de la fiesta, pero el artista debi\u00f3 cancelar todos sus shows del verano por un problema familiar.<br \/>\nLa noche comenzar\u00e1 con el show Andr\u00e9s Clerc, el joven cantante folckl\u00f3rico, que el a\u00f1o pasado present\u00f3 su \u00faltimo disco \u201c Mi locura y mi verdad\u201d, con la producci\u00f3n de Hugo Casas, un referente en el rubro.<\/p>\n<p>Despertar bodypainting<br \/>\nEste a\u00f1o habr\u00e1 una performance de bodypainting en la Playa del Cristo, a orillas del Lago Epecu\u00e9n. El fango y la sal del Lago misturados con colores ser\u00e1n los elementos de los que se valgan los artistas para expresarse.<br \/>\nEs una original propuesta que pretende enviar un mensaje a trav\u00e9s del arte sobre las termas y el equilibrio en la b\u00fasqueda del bienestar.<\/p>\n<p>Elecci\u00f3n de la reina<br \/>\nLa elecci\u00f3n de la Reina Provincial del Turismo Termal es una tradici\u00f3n que se sostiene. Este a\u00f1o la cantidad de aspirantes sorprendi\u00f3 a los organizadores. Durante la Fiesta del Turismo Termal las j\u00f3venes se capacitan en el Lago Epecu\u00e9n que es s\u00f3lo comparable con el  Mar Muerto, y  sus propiedades beneficiosas para el relax, salud y belleza .<br \/>\nEl arribo de las aspirantes al escenario mayor de la Fiesta ser\u00e1 el domingo a las  21:30hs mientras que a las 23hs se conocer\u00e1 a la nueva Reina del Turismo Termal a quien Luc\u00eda Garc\u00eda, la actual soberana,entregar\u00e1 la corona de sal.<br \/>\n\u201cEste es un certamen de sabidur\u00eda, no de belleza. Hoy las mujeres hemos cambiado. Nuestro papel en la sociedad ha cambiado. Somos mujeres activas y comprometidas con nuestro ambiente. Mujeres que estudiamos y trabajamos fervientemente por nuestros sue\u00f1os, que participamos.\u201d afirm\u00f3 Claudia Toledano miembro el Jurado el a\u00f1o pasado. <\/p>\n<p>Cruce a nado del Lago Epecu\u00e9n<\/p>\n<p>El Campeonato Regional de Maratones de Aguas Abiertas se realizar\u00e1 el 4 de febrero en Carhu\u00e9, en el marco de la Fiesta Provincial del Turismo Termal.<br \/>\nLas categor\u00edas de participaci\u00f3n son caballeros: libre hasta 24 a\u00f1os, de 25 a 44 a\u00f1os, de 45 a\u00f1os en adelante. En damas hay una \u00fanica categor\u00eda libre.<br \/>\nEn la instancia competitiva la distancia es de 3000 metros, mientras que en la participativa se podr\u00e1 optar por 500 o 1000 metros.<br \/>\nLa inscripci\u00f3n se realiza a las 14hs en la Playa del Cristo de Carhu\u00e9, desde donde largar\u00e1 a las 16hs la marat\u00f3n.<br \/>\nEl campeonato es organizado conjuntamente por las municipalidades de Trenque Lauquen, Guamin\u00ed y Adolfo Alsina.<br \/>\nEn Carhu\u00e9 se realizar\u00e1 la \u00faltima fecha luego de las ediciones durante enero en Cuero de Zorro y Cochic\u00f3<\/p>\n<p>Programa completo<\/p>\n<p>16\u00ba FIESTA PROVINCIAL DEL TURISMO TERMAL<\/p>\n<p>Carhu\u00e9, Adolfo Alsina, Provincia de Buenos Aires<\/p>\n<p>Programa oficial de actos y eventos del fin de semana del Turismo Termal<\/p>\n<p>S\u00e1bado 03 de febrero<\/p>\n<p>09:00 hs Copa Termal \u2013 Escuela de Tenis del Club San Mart\u00edn.<\/p>\n<p>10:00 hs Puesta en valor del Centro de Interpretaci\u00f3n de Epecu\u00e9n<\/p>\n<p>19:00 hs Tardecitas de m\u00fasica en la Playa &#8211; GAD\u00da<\/p>\n<p>20:00 hs La noche de las Termas.<\/p>\n<p>Domingo 04 de febrero<\/p>\n<p>09:00 Hs Cruce del Lago Epecu\u00e9n. Largada desde la Playa Eco Sustentable<\/p>\n<p>19:00 hs \u201cDespertar\u201d body painting con sal y fango en la Playa.<\/p>\n<p>21:30 Hs Apertura del predio y cantinas. Plaza Nicol\u00e1s Levalle.<\/p>\n<p>Arribo y presentaci\u00f3n de las aspirantes a Reinas.<\/p>\n<p>22:00 Hs Video \u201cSonidos de Adolfo Alsina\u201d.<\/p>\n<p>Presentaci\u00f3n Andr\u00e9s Clerc<\/p>\n<p>22:45 Hs Presentaci\u00f3n de \u201cDespertar\u201d body painting con sal y fango.<\/p>\n<p>23:00 Hs Elecci\u00f3n de la Reina Provincial del Turismo Termal<\/p>\n<p>23:15 Hs Palabras del Intendente Municipal de Adolfo Alsina David Hirtz<\/p>\n<p>23:30 Hs Show de \u201cAGAPORNIS\u201d.<\/p>\n","protected":false},"excerpt":{"rendered":"<div class=\"mh-excerpt\"><p>El s\u00e1bado y domingo se celebrar\u00e1 la Fiesta Provincial del Turismo Termal en Carhu\u00e9 con el show de Agapornis y actividades para toda la familia: la noche de las termas, bodypainting con fango del lago, cruce a nado al Lago Epecu\u00e9n, elecci\u00f3n de la reina y mucho m\u00e1s. La Fiesta Provincial del Turismo Termal cumple 16 a\u00f1os. \u00a0Miles de personas y cientos de reconocidos artistas de la Argentina han pasado por el escenario de una Fiesta que no ha dejado de crecer con el transcurso de los a\u00f1os. Cada edici\u00f3n ha logrado superar las expectativas de los organizadores y el <a class=\"mh-excerpt-more\" href=\"http:\/\/dsrmedios.com.ar\/diario\/archivos\/3869\" title=\"Se viene la 16\u00b0 edici\u00f3n de la Fiesta Provincial del Turismo Termal en Carhu\u00e9\">[Leer m\u00e1s]<\/a><\/p>\n<\/div>","protected":false},"author":5,"featured_media":3870,"comment_status":"open","ping_status":"closed","sticky":false,"template":"","format":"standard","meta":{"_jetpack_newsletter_access":""},"categories":[18,5],"tags":[],"jetpack_featured_media_url":"http:\/\/dsrmedios.com.ar\/diario\/wp-content\/uploads\/2018\/01\/20170129_230907.jpg","jetpack_sharing_enabled":true,"jetpack_shortlink":"https:\/\/wp.me\/p9fihK-10p","_links":{"self":[{"href":"http:\/\/dsrmedios.com.ar\/diario\/wp-json\/wp\/v2\/posts\/3869"}],"collection":[{"href":"http:\/\/dsrmedios.com.ar\/diario\/wp-json\/wp\/v2\/posts"}],"about":[{"href":"http:\/\/dsrmedios.com.ar\/diario\/wp-json\/wp\/v2\/types\/post"}],"author":[{"embeddable":true,"href":"http:\/\/dsrmedios.com.ar\/diario\/wp-json\/wp\/v2\/users\/5"}],"replies":[{"embeddable":true,"href":"http:\/\/dsrmedios.com.ar\/diario\/wp-json\/wp\/v2\/comments?post=3869"}],"version-history":[{"count":2,"href":"http:\/\/dsrmedios.com.ar\/diario\/wp-json\/wp\/v2\/posts\/3869\/revisions"}],"predecessor-version":[{"id":3879,"href":"http:\/\/dsrmedios.com.ar\/diario\/wp-json\/wp\/v2\/posts\/3869\/revisions\/3879"}],"wp:featuredmedia":[{"embeddable":true,"href":"http:\/\/dsrmedios.com.ar\/diario\/wp-json\/wp\/v2\/media\/3870"}],"wp:attachment":[{"href":"http:\/\/dsrmedios.com.ar\/diario\/wp-json\/wp\/v2\/media?parent=3869"}],"wp:term":[{"taxonomy":"category","embeddable":true,"href":"http:\/\/dsrmedios.com.ar\/diario\/wp-json\/wp\/v2\/categories?post=3869"},{"taxonomy":"post_tag","embeddable":true,"href":"http:\/\/dsrmedios.com.ar\/diario\/wp-json\/wp\/v2\/tags?post=3869"}],"curies":[{"name":"wp","href":"https:\/\/api.w.org\/{rel}","templated":true}]}}