{"id":3860,"date":"2018-01-29T09:22:39","date_gmt":"2018-01-29T12:22:39","guid":{"rendered":"http:\/\/dsrmedios.com.ar\/diario\/?p=3860"},"modified":"2018-01-29T09:22:39","modified_gmt":"2018-01-29T12:22:39","slug":"el-centro-de-dia-mimos-recibe-un-importante-subsidio-para-finalizar-su-casa-propia","status":"publish","type":"post","link":"http:\/\/dsrmedios.com.ar\/diario\/archivos\/3860","title":{"rendered":"EL Centro de D\u00eda Mimos recibe un importante subsidio para finalizar su Casa propia"},"content":{"rendered":"<p>El Centro de D\u00efa Mimos es una instituci\u00f3n que ha luchado duramente contra la indiferencia y por el esfuerzo que implica su sostenimiento. Este a\u00f1o 2018 ser\u00e1 inolvidable para el grupo de Padres y Colaboradores pues han logrado que un sue\u00f1o se est\u00e1 haciendo realidad. Al cumplir 16 a\u00f1os de existencia han recibido un subsidio gestionado por el Intendente Municipal ante la Comisi\u00f3n Nacional de Discapacidad que les permitir\u00e1 el sue\u00f1o de lograr su casa propia.<\/p>\n","protected":false},"excerpt":{"rendered":"<div class=\"mh-excerpt\"><p>El Centro de D\u00efa Mimos es una instituci\u00f3n que ha luchado duramente contra la indiferencia y por el esfuerzo que implica su sostenimiento. Este a\u00f1o 2018 ser\u00e1 inolvidable para el grupo de Padres y Colaboradores pues han logrado que un sue\u00f1o se est\u00e1 haciendo realidad. Al cumplir 16 a\u00f1os de existencia han recibido un subsidio gestionado por el Intendente Municipal ante la Comisi\u00f3n Nacional de Discapacidad que les permitir\u00e1 el sue\u00f1o de lograr su casa propia.<\/p>\n<\/div>","protected":false},"author":5,"featured_media":3861,"comment_status":"open","ping_status":"closed","sticky":false,"template":"","format":"standard","meta":{"_jetpack_newsletter_access":""},"categories":[18,5],"tags":[],"jetpack_featured_media_url":"http:\/\/dsrmedios.com.ar\/diario\/wp-content\/uploads\/2018\/01\/mimos.jpg","jetpack_sharing_enabled":true,"jetpack_shortlink":"https:\/\/wp.me\/p9fihK-10g","_links":{"self":[{"href":"http:\/\/dsrmedios.com.ar\/diario\/wp-json\/wp\/v2\/posts\/3860"}],"collection":[{"href":"http:\/\/dsrmedios.com.ar\/diario\/wp-json\/wp\/v2\/posts"}],"about":[{"href":"http:\/\/dsrmedios.com.ar\/diario\/wp-json\/wp\/v2\/types\/post"}],"author":[{"embeddable":true,"href":"http:\/\/dsrmedios.com.ar\/diario\/wp-json\/wp\/v2\/users\/5"}],"replies":[{"embeddable":true,"href":"http:\/\/dsrmedios.com.ar\/diario\/wp-json\/wp\/v2\/comments?post=3860"}],"version-history":[{"count":1,"href":"http:\/\/dsrmedios.com.ar\/diario\/wp-json\/wp\/v2\/posts\/3860\/revisions"}],"predecessor-version":[{"id":3862,"href":"http:\/\/dsrmedios.com.ar\/diario\/wp-json\/wp\/v2\/posts\/3860\/revisions\/3862"}],"wp:featuredmedia":[{"embeddable":true,"href":"http:\/\/dsrmedios.com.ar\/diario\/wp-json\/wp\/v2\/media\/3861"}],"wp:attachment":[{"href":"http:\/\/dsrmedios.com.ar\/diario\/wp-json\/wp\/v2\/media?parent=3860"}],"wp:term":[{"taxonomy":"category","embeddable":true,"href":"http:\/\/dsrmedios.com.ar\/diario\/wp-json\/wp\/v2\/categories?post=3860"},{"taxonomy":"post_tag","embeddable":true,"href":"http:\/\/dsrmedios.com.ar\/diario\/wp-json\/wp\/v2\/tags?post=3860"}],"curies":[{"name":"wp","href":"https:\/\/api.w.org\/{rel}","templated":true}]}}