{"id":38589,"date":"2023-08-26T11:23:06","date_gmt":"2023-08-26T14:23:06","guid":{"rendered":"http:\/\/dsrmedios.com.ar\/diario\/?p=38589"},"modified":"2023-08-26T11:23:09","modified_gmt":"2023-08-26T14:23:09","slug":"ley-de-alquileres-jxc-presiona-el-kirchnerismo-habilita-las-comisiones-y-el-martes-comienza-el-debate-en-el-senado","status":"publish","type":"post","link":"http:\/\/dsrmedios.com.ar\/diario\/archivos\/38589","title":{"rendered":"Ley de Alquileres: JxC presiona, el kirchnerismo habilita las comisiones y el martes comienza el debate en el Senado"},"content":{"rendered":"\n<p>Los legisladores de\u00a0<strong>Juntos por el Cambio<\/strong>\u00a0en el\u00a0<strong>Senado de la Naci\u00f3n<\/strong>\u00a0est\u00e1n decididos a avanzar r\u00e1pidamente en el tratamiento de la modificaci\u00f3n de la\u00a0<strong>Ley de Alquileres<\/strong>, aprobada recientemente en la\u00a0<strong>C\u00e1mara de Diputados<\/strong>.<\/p>\n\n\n\n<p>El viernes enviaron una nota a la Presidencia del Senado solicitando la conformaci\u00f3n de la comisi\u00f3n de&nbsp;<strong>Legislaci\u00f3n General<\/strong>&nbsp;necesaria para avanzar con el tr\u00e1mite legislativo. El kirchnerismo opt\u00f3 por ceder para evitar que el tema ganara mayor relevancia p\u00fablica. Adem\u00e1s, ya establecieron que el martes, tras formar la comisi\u00f3n solicitada por&nbsp;<strong>Juntos por el Cambio<\/strong>, se iniciar\u00e1 el debate. El tema se abordar\u00e1 conjuntamente con&nbsp;<strong>Presupuesto y Hacienda<\/strong>.<\/p>\n\n\n\n<p>Una vez iniciado el debate,&nbsp;<strong>Juntos por el Cambio<\/strong>&nbsp;intentar\u00e1 acelerar el proceso. Sin embargo, requerir\u00e1n el apoyo de otros bloques, especialmente de&nbsp;<strong>Unidad Federal<\/strong>, para llegar al m\u00ednimo necesario. Las comisiones por las que debe pasar el proyecto son&nbsp;<strong>Legislaci\u00f3n General<\/strong>&nbsp;y&nbsp;<strong>Presupuesto y Hacienda<\/strong>; la primera por ser la competente en la modificaci\u00f3n del&nbsp;<strong>C\u00f3digo Civil y Comercial<\/strong>&nbsp;y la segunda por las implicancias impositivas.<\/p>\n\n\n\n<p><img decoding=\"async\" loading=\"lazy\" alt=\"La norma obtuvo media saci\u00f3n el pasado mi\u00e9rcoles\" height=\"1080\" width=\"1920\" src=\"https:\/\/www.infobae.com\/new-resizer\/c5RJT6tK3IbYa5pzuEFeayh7jSw=\/arc-anglerfish-arc2-prod-infobae\/public\/BNSWD3B7UBG3FIYCQRHRKZPGS4.jpg\" srcset=\"https:\/\/www.infobae.com\/new-resizer\/-wUGPrXQyVzezPXmFuZxqp3Lop8=\/420x236\/filters:format(webp):quality(85)\/cloudfront-us-east-1.images.arcpublishing.com\/infobae\/BNSWD3B7UBG3FIYCQRHRKZPGS4.jpg 420w,https:\/\/www.infobae.com\/new-resizer\/O13DAcaoAcHaYK1ed-hm4KLTWT8=\/768x432\/filters:format(webp):quality(85)\/cloudfront-us-east-1.images.arcpublishing.com\/infobae\/BNSWD3B7UBG3FIYCQRHRKZPGS4.jpg 768w,https:\/\/www.infobae.com\/new-resizer\/LtFSFcS4L9Sg7F4CfUg2o4epVqo=\/992x558\/filters:format(webp):quality(85)\/cloudfront-us-east-1.images.arcpublishing.com\/infobae\/BNSWD3B7UBG3FIYCQRHRKZPGS4.jpg 992w,https:\/\/www.infobae.com\/new-resizer\/iBz7YeSOM8dnRHfYqKzJxD0FvVU=\/1200x675\/filters:format(webp):quality(85)\/cloudfront-us-east-1.images.arcpublishing.com\/infobae\/BNSWD3B7UBG3FIYCQRHRKZPGS4.jpg 1200w,https:\/\/www.infobae.com\/new-resizer\/LPAwi7BD5Qsz2Yo7jdv8q_FWp_k=\/1440x810\/filters:format(webp):quality(85)\/cloudfront-us-east-1.images.arcpublishing.com\/infobae\/BNSWD3B7UBG3FIYCQRHRKZPGS4.jpg 1440w\">La norma obtuvo media saci\u00f3n el pasado mi\u00e9rcoles<\/p>\n\n\n\n<p>En&nbsp;<strong>Presupuesto y Hacienda<\/strong>, donde hay 17 legisladores, el oficialismo cuenta con 7 senadores propios. A estos podr\u00edan sumarse dos posibles aliados:<strong>&nbsp;Mar\u00eda Clara del Valle Vega y Edgardo Kuider<\/strong>. Si logran este n\u00famero, tendr\u00e1n mayor\u00eda.<\/p>\n\n\n\n<p>En&nbsp;<strong>Legislaci\u00f3n General<\/strong>, la comisi\u00f3n a\u00fan no ha sido formada, por lo que no hay autoridades definidas. De los 17 miembros, algunos pertenecen al&nbsp;<strong>Frente de Todos<\/strong>&nbsp;y otros a&nbsp;<strong>Unidad Federal<\/strong>, como Guillermo Snopek y Mar\u00eda Eugenia Catalfamo, que podr\u00edan inclinar la balanza.<\/p>\n\n\n\n<p>Con la intenci\u00f3n de acelerar el proceso, el viernes por la tarde,&nbsp;<strong>Juntos por el Cambio<\/strong>&nbsp;present\u00f3 una nota a la presidencia del Senado, dirigida a&nbsp;<strong>Cristina Fern\u00e1ndez de Kirchner<\/strong>, solicitando la inmediata conformaci\u00f3n de la comisi\u00f3n de&nbsp;<strong>Legislaci\u00f3n General<\/strong>. La presentaci\u00f3n estuvo a cargo de Alfredo Cornejo, presidente del interbloque de&nbsp;<strong>Juntos por el Cambio<\/strong>.<\/p>\n\n\n\n<p><img decoding=\"async\" loading=\"lazy\" alt=\"Senado de la Naci\u00f3n\" height=\"1080\" width=\"1920\" src=\"https:\/\/www.infobae.com\/new-resizer\/-6uWlfeD1uDR7F7HI125RkCvnw4=\/arc-anglerfish-arc2-prod-infobae\/public\/TGSZAIDW2VF6VNRS5YF6MPOFXY.jpg\" srcset=\"https:\/\/www.infobae.com\/new-resizer\/FLTmxI8V0Vw-G_uBUeeWmOOUM6Q=\/420x236\/filters:format(webp):quality(85)\/cloudfront-us-east-1.images.arcpublishing.com\/infobae\/TGSZAIDW2VF6VNRS5YF6MPOFXY.jpg 420w,https:\/\/www.infobae.com\/new-resizer\/Fe68Rib4hCvv3fm72zUUg_EZd18=\/768x432\/filters:format(webp):quality(85)\/cloudfront-us-east-1.images.arcpublishing.com\/infobae\/TGSZAIDW2VF6VNRS5YF6MPOFXY.jpg 768w,https:\/\/www.infobae.com\/new-resizer\/ogUyFwQqwiRoybbC3eCquWyT24s=\/992x558\/filters:format(webp):quality(85)\/cloudfront-us-east-1.images.arcpublishing.com\/infobae\/TGSZAIDW2VF6VNRS5YF6MPOFXY.jpg 992w,https:\/\/www.infobae.com\/new-resizer\/Uvt3CzLgwETrG7FpfJXeVFnpvTM=\/1200x675\/filters:format(webp):quality(85)\/cloudfront-us-east-1.images.arcpublishing.com\/infobae\/TGSZAIDW2VF6VNRS5YF6MPOFXY.jpg 1200w,https:\/\/www.infobae.com\/new-resizer\/BI6x8eGfEdlELA28-lWifI0iafE=\/1440x810\/filters:format(webp):quality(85)\/cloudfront-us-east-1.images.arcpublishing.com\/infobae\/TGSZAIDW2VF6VNRS5YF6MPOFXY.jpg 1440w\">Senado de la Naci\u00f3n<\/p>\n\n\n\n<p>\u201cQueremos avanzar con rapidez. Estamos de acuerdo con lo votado en diputados y buscamos una pronta aprobaci\u00f3n. Creemos que el proyecto aborda los temas m\u00e1s conflictivos, como el plazo y la actualizaci\u00f3n de alquileres. Adem\u00e1s, al ofrecer incentivos impositivos a los propietarios, podr\u00eda aumentar la oferta de propiedades en el mercado\u201d, se\u00f1alaron desde la oposici\u00f3n.<\/p>\n\n\n\n<p>En el Senado, la perspectiva sobre derogar la norma es menos frecuente que en Diputados, lo que favorece la unidad en el avance de su aprobaci\u00f3n.&nbsp;<strong>Juntos por el Cambio<\/strong>&nbsp;tiene 33 senadores y necesita otros cuatro para alcanzar el qu\u00f3rum.&nbsp;<strong>Unidad Federal<\/strong>&nbsp;y sus cinco senadores son clave en este aspecto. Si bien la senadora Clara Vega suele estar m\u00e1s alineada con el bloque amarillo, los dem\u00e1s legisladores provienen del peronismo\/kirchnerismo.<\/p>\n\n\n\n<p>\u201cEs complejo porque nadie tiene el qu\u00f3rum asegurado. Es necesario considerar la situaci\u00f3n en cada provincia, ya que los senadores de\u00a0<strong>Unidad Federal<\/strong>\u00a0negocian ley por ley, apoyando en ocasiones a un lado y en otras al contrario\u201d, expres\u00f3 un senador radical. El martes por la tarde comenzar\u00e1 el debate en el\u00a0<strong>Senado de la Naci\u00f3n<\/strong>\u00a0sobre la modificaci\u00f3n de la\u00a0<strong>Ley de Alquileres<\/strong>. Con este tema, la C\u00e1mara Alta retoma sus actividades tras varios meses de inactividad.<\/p>\n\n\n\n<p>Fuente: Infobae<\/p>\n","protected":false},"excerpt":{"rendered":"<div class=\"mh-excerpt\"><p>Los legisladores de\u00a0Juntos por el Cambio\u00a0en el\u00a0Senado de la Naci\u00f3n\u00a0est\u00e1n decididos a avanzar r\u00e1pidamente en el tratamiento de la modificaci\u00f3n de la\u00a0Ley de Alquileres, aprobada recientemente en la\u00a0C\u00e1mara de Diputados. El viernes enviaron una nota a la Presidencia del Senado solicitando la conformaci\u00f3n de la comisi\u00f3n de&nbsp;Legislaci\u00f3n General&nbsp;necesaria para avanzar con el tr\u00e1mite legislativo. El kirchnerismo opt\u00f3 por ceder para evitar que el tema ganara mayor relevancia p\u00fablica. Adem\u00e1s, ya establecieron que el martes, tras formar la comisi\u00f3n solicitada por&nbsp;Juntos por el Cambio, se iniciar\u00e1 el debate. El tema se abordar\u00e1 conjuntamente con&nbsp;Presupuesto y Hacienda. Una vez iniciado el debate,&nbsp;Juntos <a class=\"mh-excerpt-more\" href=\"http:\/\/dsrmedios.com.ar\/diario\/archivos\/38589\" title=\"Ley de Alquileres: JxC presiona, el kirchnerismo habilita las comisiones y el martes comienza el debate en el Senado\">[Leer m\u00e1s]<\/a><\/p>\n<\/div>","protected":false},"author":8,"featured_media":31787,"comment_status":"open","ping_status":"closed","sticky":false,"template":"","format":"standard","meta":{"_jetpack_newsletter_access":""},"categories":[6],"tags":[],"jetpack_featured_media_url":"http:\/\/dsrmedios.com.ar\/diario\/wp-content\/uploads\/2023\/04\/alquiler-casa-llavesjpg.webp","jetpack_sharing_enabled":true,"jetpack_shortlink":"https:\/\/wp.me\/p9fihK-a2p","_links":{"self":[{"href":"http:\/\/dsrmedios.com.ar\/diario\/wp-json\/wp\/v2\/posts\/38589"}],"collection":[{"href":"http:\/\/dsrmedios.com.ar\/diario\/wp-json\/wp\/v2\/posts"}],"about":[{"href":"http:\/\/dsrmedios.com.ar\/diario\/wp-json\/wp\/v2\/types\/post"}],"author":[{"embeddable":true,"href":"http:\/\/dsrmedios.com.ar\/diario\/wp-json\/wp\/v2\/users\/8"}],"replies":[{"embeddable":true,"href":"http:\/\/dsrmedios.com.ar\/diario\/wp-json\/wp\/v2\/comments?post=38589"}],"version-history":[{"count":1,"href":"http:\/\/dsrmedios.com.ar\/diario\/wp-json\/wp\/v2\/posts\/38589\/revisions"}],"predecessor-version":[{"id":38590,"href":"http:\/\/dsrmedios.com.ar\/diario\/wp-json\/wp\/v2\/posts\/38589\/revisions\/38590"}],"wp:featuredmedia":[{"embeddable":true,"href":"http:\/\/dsrmedios.com.ar\/diario\/wp-json\/wp\/v2\/media\/31787"}],"wp:attachment":[{"href":"http:\/\/dsrmedios.com.ar\/diario\/wp-json\/wp\/v2\/media?parent=38589"}],"wp:term":[{"taxonomy":"category","embeddable":true,"href":"http:\/\/dsrmedios.com.ar\/diario\/wp-json\/wp\/v2\/categories?post=38589"},{"taxonomy":"post_tag","embeddable":true,"href":"http:\/\/dsrmedios.com.ar\/diario\/wp-json\/wp\/v2\/tags?post=38589"}],"curies":[{"name":"wp","href":"https:\/\/api.w.org\/{rel}","templated":true}]}}