{"id":38507,"date":"2023-08-25T09:51:03","date_gmt":"2023-08-25T12:51:03","guid":{"rendered":"http:\/\/dsrmedios.com.ar\/diario\/?p=38507"},"modified":"2023-08-25T09:51:07","modified_gmt":"2023-08-25T12:51:07","slug":"preocupa-la-confusion-del-mensaje-criticas-empresarias-en-el-consejo-de-las-americas-por-el-ingreso-de-la-argentina-al-brics","status":"publish","type":"post","link":"http:\/\/dsrmedios.com.ar\/diario\/archivos\/38507","title":{"rendered":"\u201cPreocupa la confusi\u00f3n del mensaje\u201d: cr\u00edticas empresarias en el Consejo de las Am\u00e9ricas por el ingreso de la Argentina al BRICS"},"content":{"rendered":"\n<p>El Council de las Am\u00e9ricas, que reuni\u00f3 esta ma\u00f1ana en un hotel porte\u00f1o a funcionarios, candidatos presidenciales de la oposici\u00f3n y una nutrida platea de hombres y mujeres de negocios de distintos sectores, estuvo marcado por una novedad de hipercoyuntura: el\u00a0<strong>ingreso de la Argentina al bloque de los BRICS<\/strong>, algo que recolect\u00f3 cr\u00edticas entre los empresarios, que lo consideraron m\u00e1s bien un\u00a0<strong>paso geopol\u00edtico<\/strong>\u00a0que de apertura de mercados, en un contexto de finalizaci\u00f3n de un mandato presidencial.<a rel=\"noreferrer noopener\" href=\"https:\/\/www.infobae.com\/economia\/2023\/08\/25\/cual-es-el-peso-economico-de-los-brics-y-cuanto-aportaran-los-nuevos-socios\/\" target=\"_blank\"><\/a><\/p>\n\n\n\n<p><a href=\"https:\/\/www.infobae.com\/economia\/2023\/08\/25\/alergia-a-la-incertidumbre-devaluacion-inflacion-y-campana-paralizan-la-inversion-y-tensionan-al-circulo-rojo\/\" target=\"_blank\" rel=\"noreferrer noopener\"><\/a><\/p>\n\n\n\n<p>Para los empresario implica&nbsp;<strong>un mensaje \u201cconfuso\u201d<\/strong>&nbsp;del pa\u00eds hacia la comunidad internacional y fue considerada una decisi\u00f3n con un timing dif\u00edcil de interpretar como positivo por el sector privado al tratarse de un decisi\u00f3n de relaciones internacionales relevante por parte de un Gobierno que transita sus \u00faltimos meses y que, m\u00e1s all\u00e1 de la posibilidad de una continuidad del oficialismo con&nbsp;<strong>Sergio Massa<\/strong>, ya tuvo cr\u00edticas terminantes por parte de la candidata de Juntos por el Cambio&nbsp;<strong>Patricia Bullrich<\/strong>.<\/p>\n\n\n\n<p>En ese sentido, el presidente de la C\u00e1mara de Comercio Argentino-Estadounidense&nbsp;<strong>Alejandro D\u00edaz<\/strong>&nbsp;asegur\u00f3 que el ingreso del pa\u00eds al BRICS \u201ces un proceso que va a llevar su tiempo, es un proceso m\u00e1s de la pr\u00f3xima administraci\u00f3n que \u00e9sta. Preocupa&nbsp;<strong>la confusi\u00f3n por el mensaje<\/strong>&nbsp;del actual gobierno en comparaci\u00f3n con la oposici\u00f3n. No es preocupante en tanto que es algo que tendr\u00e1 que hacer la pr\u00f3xima administraci\u00f3n\u201d, coment\u00f3 durante el Council, que se desarroll\u00f3 desde la ma\u00f1ana hasta pasadas las 13 en el hotel Alvear Palace.<\/p>\n\n\n\n<blockquote class=\"wp-block-quote\">\n<p>\u201cPreocupa la confusi\u00f3n por el mensaje del actual gobierno en comparaci\u00f3n con la oposici\u00f3n. No es preocupante en tanto que es algo que tendr\u00e1 que hacer la pr\u00f3xima administraci\u00f3n\u201d (Alejandro D\u00edaz)<\/p>\n<\/blockquote>\n\n\n\n<p>El titular de esa c\u00e1mara plante\u00f3, respecto a la coyuntura sobre la que se dio el anuncio del ingreso al bloque geopol\u00edtico que lideran Brasil, Rusia, China, India y Sud\u00e1frica que \u201cla devaluaci\u00f3n en un momento dado por un&nbsp;<em>one shot<\/em>&nbsp;requiere un proceso posterior que es el equilibrio de los precios relativos. Eso m\u00e1s otras dedcisiones como el impuesto PAIS, los costos de proveedores que est\u00e1n subiendo 20 o 30%, las paritarias, est\u00e1n generando inconvenientes acotados a la posibilidad de trasladar o no a precios\u201d.<\/p>\n\n\n\n<p><\/p>\n\n\n\n<p>Por otro lado, respecto a la aprobaci\u00f3n del desembolso del FMI hacia la Argentina, que tuvo lugar este mi\u00e9rcoles, D\u00edaz consider\u00f3 que \u201cera un elemento importante para definir las pr\u00e1cticas de comercio exterior en los pr\u00f3ximos meses, faltaba la formalizaci\u00f3n pero hab\u00eda decisi\u00f3n del gobierno norteamericano para que eso pasara y su acci\u00f3n fue muy relevante\u201d, concluy\u00f3, en di\u00e1logo con&nbsp;<em>CNN Radio<\/em>.<\/p>\n\n\n\n<p>Consultado sobre el anuncio de la entrada a la n\u00f3mina de socios del BRICS, el anfitri\u00f3n del encuentro y presidente de la C\u00e1mara Argentina de Comercio (CAC)<strong>&nbsp;Mario Grinman<\/strong>, asegur\u00f3 que \u201cla Argentina tiene que comercializar en todos los estamentos peara poder llevar adelante nuestro desarrollo de una manera de generar relaciones m\u00e1s pragm\u00e1tica\u201d y dijo que, como c\u00e1mara, \u201cvamos a reafirmar siempre&nbsp;<strong>nuestra pertenencia al mundo occidental<\/strong>\u201d.<\/p>\n\n\n\n<p><img decoding=\"async\" loading=\"lazy\" alt=\"El canciller Santiago Cafiero defendi\u00f3 el ingreso de la Argentina a los BRICS, tras la cr\u00edtica opositora (Adri\u00e1n Esc\u00e1ndar)\" height=\"1080\" width=\"1920\" src=\"https:\/\/www.infobae.com\/new-resizer\/Xr_LIUPOschtlqAQxO6xcsV0ioA=\/arc-anglerfish-arc2-prod-infobae\/public\/QD7XECBNIFE47NIXN7NHS7L43I.jpg\" srcset=\"https:\/\/www.infobae.com\/new-resizer\/NkQSBeh1SfGZuf_HnrwebtWU5LY=\/420x236\/filters:format(webp):quality(85)\/cloudfront-us-east-1.images.arcpublishing.com\/infobae\/QD7XECBNIFE47NIXN7NHS7L43I.jpg 420w,https:\/\/www.infobae.com\/new-resizer\/Qu2BlyJjPiMFCJ70BHHYXwHKQDs=\/768x432\/filters:format(webp):quality(85)\/cloudfront-us-east-1.images.arcpublishing.com\/infobae\/QD7XECBNIFE47NIXN7NHS7L43I.jpg 768w,https:\/\/www.infobae.com\/new-resizer\/WeuC9ifNudTcVcNwLYC0ICSVs60=\/992x558\/filters:format(webp):quality(85)\/cloudfront-us-east-1.images.arcpublishing.com\/infobae\/QD7XECBNIFE47NIXN7NHS7L43I.jpg 992w,https:\/\/www.infobae.com\/new-resizer\/4_FR3mOSA1QAJJzp20TChq_O9wg=\/1200x675\/filters:format(webp):quality(85)\/cloudfront-us-east-1.images.arcpublishing.com\/infobae\/QD7XECBNIFE47NIXN7NHS7L43I.jpg 1200w,https:\/\/www.infobae.com\/new-resizer\/MxLmKHevegr9o4GafYGq_g4-glo=\/1440x810\/filters:format(webp):quality(85)\/cloudfront-us-east-1.images.arcpublishing.com\/infobae\/QD7XECBNIFE47NIXN7NHS7L43I.jpg 1440w\">El canciller Santiago Cafiero defendi\u00f3 el ingreso de la Argentina a los BRICS, tras la cr\u00edtica opositora (Adri\u00e1n Esc\u00e1ndar)<\/p>\n\n\n\n<p>Por su parte, el experto en comercio exterior y miembro de la C\u00e1mara Argentina de Comercio&nbsp;<strong>Marcelo Elizondo<\/strong>&nbsp;consider\u00f3 en di\u00e1logo con&nbsp;<strong>Infobae<\/strong>&nbsp;que el convenio con el BRICS \u201cno es un acuerdo de libre comercio, no tiene incentivos, no hay reducci\u00f3n de aranceles ni promoci\u00f3n conjunta\u201d.<\/p>\n\n\n\n<p>\u201cEs un acuerdo de Gobiernos, no una apertura de comercio para empresas. Est\u00e1 m\u00e1s orientado a las decisiones pol\u00edticas.&nbsp;<strong>No es un acuerdo para mejorar el comercio<\/strong>. No es verdad que sea para mejorar la inserci\u00f3n comercial, es una alianza geopol\u00edtica. Es un acuerdo en un monento \u00e1lgido en el mundo con dos actores con que tendr\u00eda cuidado: Rusia y China. Est\u00e1n entrando los BRICS pa\u00edses que no son democracias virtuosas como Ir\u00e1n y Arabia Saudita. No me parece que sea el paso ideal. Al Gobierno le quedan tres meses, no es el momento para plantear una alianza de este tipo\u201d, cuestion\u00f3 Elizondo.<\/p>\n\n\n\n<p>Respecto a la posibilidad de contar con asistencia financiera del banco de desarrollo de ese bloque, el expert\u00f3 apunt\u00f3 que \u201c<strong>se puede ser miembro del banco de desarrollo del BRICS sin ser miembro del BRICS<\/strong>. Ser\u00eda una buena decisi\u00f3n, estar\u00eda de acuerdo. Si la raz\u00f3n es esa y Argentina quiere auxilio fiannciero, al actual Gobierno le quedan semanas, no puede instrumentarse algo tan r\u00e1pido ante una elecci\u00f3n que puede dejarlo sin poder pol\u00ed\u00edtico real\u201d, mencion\u00f3 Elizondo.<\/p>\n\n\n\n<blockquote class=\"wp-block-quote\">\n<p>\u201cEs un acuerdo de Gobiernos, no una apertura de comercio para empresas. Est\u00e1 m\u00e1s orientado a las decisiones pol\u00edticas. No es un acuerdo para mejorar el comercio\u201d (Elizondo)<\/p>\n<\/blockquote>\n\n\n\n<p>\u201cTomar una decisi\u00f3n de corto plazo cuando quiz\u00e1s lo que consigas pasa despu\u00e9s de que el Gobierno actual est\u00e9 en funciones, poniendo en compromiso al pa\u00eds, hubiese sido m\u00e1s cuidadoso. La Argentina es<strong>&nbsp;el pa\u00eds m\u00e1s cerrado de Latinoam\u00e9rica<\/strong>: con r\u00e9cord de exportaciones fuimios el pa\u00eds con ratio de exportaciones sobre el PBI m\u00e1s bajo de la regi\u00f3n. Un tratado de libre comercio se puede tener con cualquiera, incluso con China, pero un compromiso de Gobierno hay que pensarlo en el largo plazo\u201d, concluy\u00f3.<\/p>\n\n\n\n<p>En tanto,&nbsp;<strong>Marcelo Scaglione<\/strong>, miembro del equipo t\u00e9cnico de Juntos por el Cambio y que fue subsecretario de Estado y negociador del ingreso de la Argentina en la OCDE asever\u00f3 que \u201ces&nbsp;<strong>una muy mala se\u00f1al<\/strong>\u201d. \u201cHoy es el d\u00eda de la independencia de Ucrania, hace m\u00e1s de un a\u00f1o y medio que Argentina recibi\u00f3 la invitaci\u00f3n para ingresar a la OCDE que generan el 75% de la inversi\u00f3n. Esa invitaci\u00f3n todav\u00eda no se contest\u00f3. El d\u00eda de la independencia ucraniana se anuncia el ingreso a un espacio donde est\u00e1 el invasor de Ucrania e Ir\u00e1n. La se\u00f1al para el mundo es mal\u00edsimo, hay un&nbsp;<strong>gran desconcierto&nbsp;<\/strong>de la comunidad internacional\u201d, dijo a<strong>&nbsp;Infobae<\/strong>.<\/p>\n\n\n\n<p>En ese sentido, consider\u00f3 que \u201c<strong>Patricia Bullrich<\/strong>\u00a0fue extremandamente clara: ese acuerdo no va a prosperar. Tenemos que dar se\u00f1ales claras al mundo de donde estamos posicionados. Estar con pa\u00edses que han atentado contra nuestro pa\u00eds y que pase inadvertido\u00a0<strong>es un desprop\u00f3sito<\/strong>\u201d, complet\u00f3.<\/p>\n\n\n\n<p>Fuente: Infobae<\/p>\n","protected":false},"excerpt":{"rendered":"<div class=\"mh-excerpt\"><p>El Council de las Am\u00e9ricas, que reuni\u00f3 esta ma\u00f1ana en un hotel porte\u00f1o a funcionarios, candidatos presidenciales de la oposici\u00f3n y una nutrida platea de hombres y mujeres de negocios de distintos sectores, estuvo marcado por una novedad de hipercoyuntura: el\u00a0ingreso de la Argentina al bloque de los BRICS, algo que recolect\u00f3 cr\u00edticas entre los empresarios, que lo consideraron m\u00e1s bien un\u00a0paso geopol\u00edtico\u00a0que de apertura de mercados, en un contexto de finalizaci\u00f3n de un mandato presidencial. Para los empresario implica&nbsp;un mensaje \u201cconfuso\u201d&nbsp;del pa\u00eds hacia la comunidad internacional y fue considerada una decisi\u00f3n con un timing dif\u00edcil de interpretar como positivo <a class=\"mh-excerpt-more\" href=\"http:\/\/dsrmedios.com.ar\/diario\/archivos\/38507\" title=\"\u201cPreocupa la confusi\u00f3n del mensaje\u201d: cr\u00edticas empresarias en el Consejo de las Am\u00e9ricas por el ingreso de la Argentina al BRICS\">[Leer m\u00e1s]<\/a><\/p>\n<\/div>","protected":false},"author":8,"featured_media":38510,"comment_status":"open","ping_status":"closed","sticky":false,"template":"","format":"standard","meta":{"_jetpack_newsletter_access":""},"categories":[6],"tags":[],"jetpack_featured_media_url":"http:\/\/dsrmedios.com.ar\/diario\/wp-content\/uploads\/2023\/08\/62fe82d255860_600_315.jpg","jetpack_sharing_enabled":true,"jetpack_shortlink":"https:\/\/wp.me\/p9fihK-a15","_links":{"self":[{"href":"http:\/\/dsrmedios.com.ar\/diario\/wp-json\/wp\/v2\/posts\/38507"}],"collection":[{"href":"http:\/\/dsrmedios.com.ar\/diario\/wp-json\/wp\/v2\/posts"}],"about":[{"href":"http:\/\/dsrmedios.com.ar\/diario\/wp-json\/wp\/v2\/types\/post"}],"author":[{"embeddable":true,"href":"http:\/\/dsrmedios.com.ar\/diario\/wp-json\/wp\/v2\/users\/8"}],"replies":[{"embeddable":true,"href":"http:\/\/dsrmedios.com.ar\/diario\/wp-json\/wp\/v2\/comments?post=38507"}],"version-history":[{"count":1,"href":"http:\/\/dsrmedios.com.ar\/diario\/wp-json\/wp\/v2\/posts\/38507\/revisions"}],"predecessor-version":[{"id":38511,"href":"http:\/\/dsrmedios.com.ar\/diario\/wp-json\/wp\/v2\/posts\/38507\/revisions\/38511"}],"wp:featuredmedia":[{"embeddable":true,"href":"http:\/\/dsrmedios.com.ar\/diario\/wp-json\/wp\/v2\/media\/38510"}],"wp:attachment":[{"href":"http:\/\/dsrmedios.com.ar\/diario\/wp-json\/wp\/v2\/media?parent=38507"}],"wp:term":[{"taxonomy":"category","embeddable":true,"href":"http:\/\/dsrmedios.com.ar\/diario\/wp-json\/wp\/v2\/categories?post=38507"},{"taxonomy":"post_tag","embeddable":true,"href":"http:\/\/dsrmedios.com.ar\/diario\/wp-json\/wp\/v2\/tags?post=38507"}],"curies":[{"name":"wp","href":"https:\/\/api.w.org\/{rel}","templated":true}]}}