{"id":38506,"date":"2023-08-25T09:47:07","date_gmt":"2023-08-25T12:47:07","guid":{"rendered":"http:\/\/dsrmedios.com.ar\/diario\/?p=38506"},"modified":"2023-08-25T09:47:09","modified_gmt":"2023-08-25T12:47:09","slug":"intendentes-del-pj-ponen-la-lupa-en-los-gobernadores-para-nacionalizar-la-campana-y-sumar-los-votos-que-le-faltan-a-massa","status":"publish","type":"post","link":"http:\/\/dsrmedios.com.ar\/diario\/archivos\/38506","title":{"rendered":"Intendentes del PJ ponen la lupa en los gobernadores para nacionalizar la campa\u00f1a y sumar los votos que le faltan a Massa"},"content":{"rendered":"\n<p>Los intendentes peronistas del conurbano bonaerense junto al gobernador de la provincia de Buenos Aires,\u00a0<strong>Axel Kicillof<\/strong>, fueron quienes m\u00e1s votos le aportaron a la f\u00f3rmula nacional de Uni\u00f3n por la Patria en las PASO; pero\u00a0<strong>qued\u00f3 demostrado que no alcanz\u00f3<\/strong>\u00a0y el oficialismo termin\u00f3 en un tercer lugar. Hacia octubre, los dirigentes bonaerenses buscan replicar y mejorar sus elecciones pero\u00a0<strong>esperan que los gobernadores peronistas traccionen la campa\u00f1a para lograr que el candidato de UP, Sergio Massa, llegue al balotaje<\/strong>.<\/p>\n\n\n\n<p>Durante la reuni\u00f3n que mantuvieron esta semana varios intendentes peronistas con Kicillof y parte del gabinete provincial para ordenar la campa\u00f1a hacia octubre y hacer un repaso de lo que hab\u00eda dejado las PASO, el tema de&nbsp;<strong>los resultados en el resto de las provincias estuvo sobre la mesa<\/strong>. Es que el candidato de La Libertad Avanza,&nbsp;<strong>Javier Milei se termin\u00f3 imponiendo en 16 provincias, algunas de ellas con tradici\u00f3n peronista y gobernadas por el oficialismo<\/strong>&nbsp;e, incluso, que estuvieron dentro del recorrido de campa\u00f1a de Sergio Massa. As\u00ed, Buenos Aires, se ratific\u00f3 como el basti\u00f3n de \u201cresistencia\u201d del peronismo.<\/p>\n\n\n\n<p><strong>\u201cLos gobernadores se relajaron\u201d<\/strong>, plante\u00f3 uno de los presentes en la cumbre bonaerense del martes \u00faltimo y advirti\u00f3 que algunos intendentes mostraron su malestar puertas adentro del Sal\u00f3n Dorado de la gobernaci\u00f3n.<\/p>\n\n\n\n<p>Al salir de aquel encuentro, y con un dejo de sutileza, el intendente de Ensenada,&nbsp;<strong>Mario Secco<\/strong>, advirti\u00f3 que lo nacional se define en el territorio bonaerense, pero&nbsp;<strong>\u201ctambi\u00e9n tienen que cooperar todos<\/strong>\u201d.<\/p>\n\n\n\n<p>\u201c<strong>Se tiene que nacionalizar la elecci\u00f3n para tener un triunfo contundente a nivel nacional<\/strong>\u201d, plante\u00f3 el jefe comunal que adem\u00e1s fue uno de los intendentes m\u00e1s votados porcentualmente.<\/p>\n\n\n\n<p>Otro intendente de la Tercera secci\u00f3n electoral y que se impuso sin mayores dificultades en su distrito advirti\u00f3 que \u201c<strong>ganamos en el municipio, en la provincia, pero esta vez no alcanz\u00f3<\/strong>\u201d.<\/p>\n\n\n\n<p>Entre las estrategias para aumentar el caudal de votos a favor,&nbsp;<strong>los intendentes trabajar\u00e1n sobre el nivel de ausentismo&nbsp;<\/strong>que en la provincia de Buenos Aires fue casi de un 30%. (29,78%).<\/p>\n\n\n\n<p><img decoding=\"async\" loading=\"lazy\" alt=\"Javier Milei, el gran ganador de las PASO (foto: Gustavo Gavotti)\" height=\"1080\" width=\"1920\" src=\"https:\/\/www.infobae.com\/new-resizer\/g98uzjooIFAKWzeSChB07XUK3GU=\/arc-anglerfish-arc2-prod-infobae\/public\/DJCAXU2HUNGKLHE4NASJHFEK74.jpg\" srcset=\"https:\/\/www.infobae.com\/new-resizer\/WsRvFfKqNhpMcwi7Df7jbdWHONE=\/420x236\/filters:format(webp):quality(85)\/cloudfront-us-east-1.images.arcpublishing.com\/infobae\/DJCAXU2HUNGKLHE4NASJHFEK74.jpg 420w,https:\/\/www.infobae.com\/new-resizer\/dIv-MCQuViUm_l_6QmbszVHOM5M=\/768x432\/filters:format(webp):quality(85)\/cloudfront-us-east-1.images.arcpublishing.com\/infobae\/DJCAXU2HUNGKLHE4NASJHFEK74.jpg 768w,https:\/\/www.infobae.com\/new-resizer\/sEj-EB1ysj5FQARJO_PbrnKgPMg=\/992x558\/filters:format(webp):quality(85)\/cloudfront-us-east-1.images.arcpublishing.com\/infobae\/DJCAXU2HUNGKLHE4NASJHFEK74.jpg 992w,https:\/\/www.infobae.com\/new-resizer\/vP7rrGnAqZmiTksxvDnTgJbtr3k=\/1200x675\/filters:format(webp):quality(85)\/cloudfront-us-east-1.images.arcpublishing.com\/infobae\/DJCAXU2HUNGKLHE4NASJHFEK74.jpg 1200w,https:\/\/www.infobae.com\/new-resizer\/cvCT86rIIm5Kr0qZX852d4zFFYM=\/1440x810\/filters:format(webp):quality(85)\/cloudfront-us-east-1.images.arcpublishing.com\/infobae\/DJCAXU2HUNGKLHE4NASJHFEK74.jpg 1440w\">Javier Milei, el gran ganador de las PASO (foto: Gustavo Gavotti)<\/p>\n\n\n\n<p>Es lo que tambi\u00e9n miran en la gobernaci\u00f3n bonaerense donde sostienen que no hubo un patr\u00f3n de corte de boleta, pese a que en algunos distritos donde gobierna UP la boleta local se impuso con un porcentaje mucho mayor que lo que ocurri\u00f3 con la f\u00f3rmula presidencial (Ezeiza, San Fernando, Mercedes, San Vicente, Malvinas Argentinas, son algunos de los casos). En la reuni\u00f3n,&nbsp;<strong>Kicillof pidi\u00f3 -en lo discursivo- dejar de lado la idea del corte de boleta.<\/strong><\/p>\n\n\n\n<p>M\u00e1s all\u00e1 de eso, la coincidencia que circula entre la dirigencia peronista de la provincia de Buenos Aires es que el gobernador hizo una buena elecci\u00f3n, que -incluso-&nbsp;<strong>qued\u00f3 posicionado como un posible referente de la resistencia bonaerense si es que finalmente Massa no accede al balotaje&nbsp;<\/strong>y que lo que queda es&nbsp;<strong>\u201cmilitar para llegar al balotaje\u201d.<\/strong><\/p>\n\n\n\n<p><strong>La lupa est\u00e1 puesta en los gobernadores para este objetivo<\/strong>. Por ejemplo, Milei gan\u00f3 en&nbsp;<strong>Tucum\u00e1n&nbsp;<\/strong>con el 35,95% de los votos por sobre los 32,84% que obtuvo la sumatoria de Sergio Massa y Juan Grabois por UP. Cuando fueron las elecciones provinciales -el 11 de junio pasado- el candidato peronista,&nbsp;<strong>Osvaldo Jaldo<\/strong>,&nbsp;<strong>gan\u00f3 con el 55% de los votos<\/strong>. Massa incluso fue a Tucum\u00e1n dos semanas antes de las Primarias y el t\u00e1ndem<strong>&nbsp;Juan Manzur<\/strong>&#8211;<strong>Osvaldo Jaldo&nbsp;<\/strong>le hab\u00edan organizado una serie de actividades con un contundente acto pol\u00edtico para manifestarle su respaldo: \u201cEl peronismo tucumano te va a ayudar y acompa\u00f1ar y te quiere ver como presidente de los argentinos\u201d, le dijo Manzur ante una multitud.<\/p>\n\n\n\n<p>Situaci\u00f3n parecida se dio en&nbsp;<strong>La Rioja<\/strong>. All\u00ed, donde gobierna el peronismo a nivel provincial,&nbsp;<strong>Massa qued\u00f3 a 15.793 votos de Milei<\/strong>&nbsp;y UP a 4,94 puntos de LLA. En las elecciones provinciales ocurridas el 7 de mayo, el gobernador&nbsp;<strong>Ricardo Quintela fue reelecto con el 50.63% de los votos<\/strong>.<\/p>\n\n\n\n<p><strong>Salta<\/strong>,&nbsp;<strong>La Pampa<\/strong>,&nbsp;<strong>Tierra del Fuego<\/strong>,<strong>&nbsp;Santa Fe<\/strong>&nbsp;son otras provincias donde a\u00fan gobierna el oficialismo pero&nbsp;<strong>Milei termin\u00f3 imponi\u00e9ndose<\/strong>. El Norte grande qued\u00f3 partido. En Santiago del Estero, Chaco, Formosa y Catamarca s\u00ed gan\u00f3 Massa. Pero las proyecciones eran otras antes de las PASO: una contundente victoria peronista. La provincializaci\u00f3n que hubo en algunas campa\u00f1as o<strong>&nbsp;la falta de nacionalizaci\u00f3n es lo que gener\u00f3 ruido entre intendentes&nbsp;<\/strong>del conurbano bonaerense, que a su vez, estuvieron lejos de los guarismos del 2019; al igual que Kicillof.<\/p>\n\n\n\n<p><img decoding=\"async\" loading=\"lazy\" alt=\"La f\u00f3rmula Massa-Rossi junto a los gobernadores peronistas \" height=\"1080\" width=\"1920\" src=\"https:\/\/www.infobae.com\/new-resizer\/UECYXYt3wMWf7JwRw5gqSbXCqm8=\/arc-anglerfish-arc2-prod-infobae\/public\/7WLVSJIAENGEDH7TRP4X6FMOT4.jpg\" srcset=\"https:\/\/www.infobae.com\/new-resizer\/31efBsPT6BWXiyQLKOL309WAAgc=\/420x236\/filters:format(webp):quality(85)\/cloudfront-us-east-1.images.arcpublishing.com\/infobae\/7WLVSJIAENGEDH7TRP4X6FMOT4.jpg 420w,https:\/\/www.infobae.com\/new-resizer\/0ikmYeUX9aO1H2taOCoIHuj3WyY=\/768x432\/filters:format(webp):quality(85)\/cloudfront-us-east-1.images.arcpublishing.com\/infobae\/7WLVSJIAENGEDH7TRP4X6FMOT4.jpg 768w,https:\/\/www.infobae.com\/new-resizer\/Sa1cJfBBYPvStGcJHfuFbOuzuHU=\/992x558\/filters:format(webp):quality(85)\/cloudfront-us-east-1.images.arcpublishing.com\/infobae\/7WLVSJIAENGEDH7TRP4X6FMOT4.jpg 992w,https:\/\/www.infobae.com\/new-resizer\/LVGsGOYqVXpTUOoXc6pSXkD-XFg=\/1200x675\/filters:format(webp):quality(85)\/cloudfront-us-east-1.images.arcpublishing.com\/infobae\/7WLVSJIAENGEDH7TRP4X6FMOT4.jpg 1200w,https:\/\/www.infobae.com\/new-resizer\/x8d-ULuwlm96-OJhaBsTHVGG3Y8=\/1440x810\/filters:format(webp):quality(85)\/cloudfront-us-east-1.images.arcpublishing.com\/infobae\/7WLVSJIAENGEDH7TRP4X6FMOT4.jpg 1440w\">La f\u00f3rmula Massa-Rossi junto a los gobernadores peronistas<\/p>\n\n\n\n<p>\u201cCuando ganamos en 2019 dijimos que le \u00edbamos a solucionar la vida a la gente. Eso no pas\u00f3; ah\u00ed est\u00e1 la explicaci\u00f3n\u201d, le reconoci\u00f3 un funcionario bonaerense a&nbsp;<strong>Infobae.<\/strong>&nbsp;La misma fuente tambi\u00e9n advierte que \u201csi uno lo ve en clave de estrategia y votos&nbsp;<strong>que haya ganado Milei nos deja en carrera<\/strong>.&nbsp;<strong>El problema lo tiene Bullrich<\/strong>. Si ella ganaba por 8 puntos por ejemplo ya no hab\u00eda vuelta atr\u00e1s. Todav\u00eda estamos en carrera\u201d.<\/p>\n\n\n\n<p>Las miradas est\u00e1n puestas sobre los gobernadores peronistas. Lo sabe tambi\u00e9n,&nbsp;<strong>Sergio Massa<\/strong>, que los d\u00edas siguientes a las PASO y antes de su viaje a Washington donde consigui\u00f3 el desembolso del FMI,&nbsp;<strong>habl\u00f3 con distintos mandatarios.<\/strong><\/p>\n\n\n\n<p>Les plantea que m\u00e1s all\u00e1 de la elecci\u00f3n ejecutiva tambi\u00e9n\u00a0<strong>est\u00e1 en riesgo sus propias representaciones en el Congreso con un resultado adverso<\/strong>. Como dio cuenta\u00a0<strong>Infobae<\/strong>, el ministro de Econom\u00eda y candidato presidencial ya habl\u00f3 sobre este tema con\u00a0<strong>Sergio Ziliotto<\/strong>, de La Pampa; con el t\u00e1ndem tucumano\u00a0<strong>Osvaldo Jaldo<\/strong>\u00a0y\u00a0<strong>Juan Manzur<\/strong>; y con\u00a0<strong>Gustavo S\u00e1enz<\/strong>, de Salta; todas provincias donde se impuso Milei<\/p>\n\n\n\n<p>Fuente: Infobae<\/p>\n","protected":false},"excerpt":{"rendered":"<div class=\"mh-excerpt\"><p>Los intendentes peronistas del conurbano bonaerense junto al gobernador de la provincia de Buenos Aires,\u00a0Axel Kicillof, fueron quienes m\u00e1s votos le aportaron a la f\u00f3rmula nacional de Uni\u00f3n por la Patria en las PASO; pero\u00a0qued\u00f3 demostrado que no alcanz\u00f3\u00a0y el oficialismo termin\u00f3 en un tercer lugar. Hacia octubre, los dirigentes bonaerenses buscan replicar y mejorar sus elecciones pero\u00a0esperan que los gobernadores peronistas traccionen la campa\u00f1a para lograr que el candidato de UP, Sergio Massa, llegue al balotaje. Durante la reuni\u00f3n que mantuvieron esta semana varios intendentes peronistas con Kicillof y parte del gabinete provincial para ordenar la campa\u00f1a hacia octubre <a class=\"mh-excerpt-more\" href=\"http:\/\/dsrmedios.com.ar\/diario\/archivos\/38506\" title=\"Intendentes del PJ ponen la lupa en los gobernadores para nacionalizar la campa\u00f1a y sumar los votos que le faltan a Massa\">[Leer m\u00e1s]<\/a><\/p>\n<\/div>","protected":false},"author":8,"featured_media":38508,"comment_status":"open","ping_status":"closed","sticky":false,"template":"","format":"standard","meta":{"_jetpack_newsletter_access":""},"categories":[6],"tags":[],"jetpack_featured_media_url":"http:\/\/dsrmedios.com.ar\/diario\/wp-content\/uploads\/2023\/08\/2021_09_16_Reunion-con-intendentes-de-la-1ra_005.jpg","jetpack_sharing_enabled":true,"jetpack_shortlink":"https:\/\/wp.me\/p9fihK-a14","_links":{"self":[{"href":"http:\/\/dsrmedios.com.ar\/diario\/wp-json\/wp\/v2\/posts\/38506"}],"collection":[{"href":"http:\/\/dsrmedios.com.ar\/diario\/wp-json\/wp\/v2\/posts"}],"about":[{"href":"http:\/\/dsrmedios.com.ar\/diario\/wp-json\/wp\/v2\/types\/post"}],"author":[{"embeddable":true,"href":"http:\/\/dsrmedios.com.ar\/diario\/wp-json\/wp\/v2\/users\/8"}],"replies":[{"embeddable":true,"href":"http:\/\/dsrmedios.com.ar\/diario\/wp-json\/wp\/v2\/comments?post=38506"}],"version-history":[{"count":1,"href":"http:\/\/dsrmedios.com.ar\/diario\/wp-json\/wp\/v2\/posts\/38506\/revisions"}],"predecessor-version":[{"id":38509,"href":"http:\/\/dsrmedios.com.ar\/diario\/wp-json\/wp\/v2\/posts\/38506\/revisions\/38509"}],"wp:featuredmedia":[{"embeddable":true,"href":"http:\/\/dsrmedios.com.ar\/diario\/wp-json\/wp\/v2\/media\/38508"}],"wp:attachment":[{"href":"http:\/\/dsrmedios.com.ar\/diario\/wp-json\/wp\/v2\/media?parent=38506"}],"wp:term":[{"taxonomy":"category","embeddable":true,"href":"http:\/\/dsrmedios.com.ar\/diario\/wp-json\/wp\/v2\/categories?post=38506"},{"taxonomy":"post_tag","embeddable":true,"href":"http:\/\/dsrmedios.com.ar\/diario\/wp-json\/wp\/v2\/tags?post=38506"}],"curies":[{"name":"wp","href":"https:\/\/api.w.org\/{rel}","templated":true}]}}