{"id":38460,"date":"2023-08-24T09:45:06","date_gmt":"2023-08-24T12:45:06","guid":{"rendered":"http:\/\/dsrmedios.com.ar\/diario\/?p=38460"},"modified":"2023-08-24T09:45:08","modified_gmt":"2023-08-24T12:45:08","slug":"los-intendentes-aseguran-que-los-saqueos-no-son-por-necesidad-y-el-oficialismo-los-vincula-con-las-elecciones-hubo-accion-deliberada","status":"publish","type":"post","link":"http:\/\/dsrmedios.com.ar\/diario\/archivos\/38460","title":{"rendered":"Los intendentes aseguran que los saqueos no son por necesidad y el oficialismo los vincula con las elecciones: \u201cHubo acci\u00f3n deliberada\u201d"},"content":{"rendered":"\n<p>Las \u00faltimas 48 horas fueron de absoluta preocupaci\u00f3n para el oficialismo.\u00a0<strong>Los saqueos o intentos de saqueos que hubo en un pu\u00f1ado de localidades del conurbano bonaerense<\/strong>\u00a0y algunos lugares del interior del pa\u00eds pusieron en alerta al Gobierno. Con el correr de las horas las im\u00e1genes y los videos que se multiplicaron en las redes sociales dieron cuenta de que no se trataba de hechos aislados. Fue un encadenamiento de asaltos violentos y en manada.<a rel=\"noreferrer noopener\" href=\"https:\/\/www.infobae.com\/politica\/2023\/08\/24\/la-ciudad-sera-un-caos-piqueteros-cortaran-los-principales-accesos-y-rutas\/\" target=\"_blank\"><\/a><a rel=\"noreferrer noopener\" href=\"https:\/\/www.infobae.com\/politica\/2023\/08\/23\/en-un-cena-a-puertas-cerradas-consejeros-clave-de-milei-bullrich-y-massa-presentan-sus-propuestas-presidenciales-ante-el-council-of-americas\/\" target=\"_blank\"><\/a><\/p>\n\n\n\n<p>Los saqueos irrumpieron en la segunda fase de la campa\u00f1a electoral de una forma extra\u00f1a. As\u00ed lo entienden en<strong>&nbsp;Uni\u00f3n por la Patria<\/strong>, donde est\u00e1n convencidos que fueron diagramados con el fin de generar un clima de inestabilidad social. Con la idea espec\u00edfica de&nbsp;<strong>enrarecer el clima en medio de una situaci\u00f3n econ\u00f3mica&nbsp;<\/strong>compleja, por el aumento marcado de la inflaci\u00f3n, que est\u00e1 atravesada por el proceso electoral.<\/p>\n\n\n\n<p><strong>\u201cHubo una coordinaci\u00f3n. No fue efecto contagio. El clima social no est\u00e1 dado para que haya saqueos. Parece claro que hubo una acci\u00f3n deliberada\u201d<\/strong>, reflexion\u00f3 un importante funcionario nacional que est\u00e1 en permanente contacto con Sergio Massa, que por estas horas cumple su rol de ministro de Econom\u00eda en jornada completa, pero que sigue de cerca los pormenores de la situaci\u00f3n.<\/p>\n\n\n\n<p>En las \u00faltimas horas Massa estuvo en contacto con el gobernador bonaerense, Axel Kicillof, y el ministro de Seguridad, Sergio Berni, quienes, a la distancia, lo mantuvieron informado sobre c\u00f3mo se intentaba apagar los focos de violencia en distintos sectores del conurbano. En su mayor\u00eda, intentos de saqueos que se generaron el martes entre las 18 y las 21 por grupos de personas convocadas por las redes sociales.<\/p>\n\n\n\n<figure class=\"wp-block-image\"><img decoding=\"async\" src=\"https:\/\/www.infobae.com\/new-resizer\/ojR7n3ar_VIgwP0eQzV2y0ksrlI=\/arc-anglerfish-arc2-prod-infobae\/public\/QJRVWD44D5ADXB54QC2WIYOXTM.jpg\" alt=\"infobae\"\/><\/figure>\n\n\n\n<p>Lo que nadie se anima a plantear con argumentos y pruebas es que Javier Milei y Patricia Bullrich est\u00e1n detr\u00e1s de la generaci\u00f3n de ese clima y la incentivaci\u00f3n de saqueos. Por eso no cayeron bien las palabras de la Portavoz,&nbsp;<strong>Gabriela Cerruti<\/strong>, quien asegur\u00f3 que \u201cel clima en las redes sociales lo fueron generando las cuentas ligadas a La Libertad Avanza y a grupos de Bullrich, sobre algo que quer\u00edan que sucedieran\u201d.<\/p>\n\n\n\n<p><strong>En el peronismo entienden que algunos de los dos candidatos, o ambos, pueden estar detr\u00e1s pero que no hay forma de comprobarlo.&nbsp;<\/strong>Por lo tanto, no tiene sentido apuntar con ellos y se\u00f1alarlos como responsables. \u201cNo tengo pruebas pero no tengo dudas\u201d, asegur\u00f3 un influyente funcionario de la provincia de Buenos Aires sobre la participaci\u00f3n de un sector de la pol\u00edtica en los saqueos. Sin embargo, nadie da nombres y apellidos. Nadie puede denunciar porque no tiene pruebas para hacerlo.<\/p>\n\n\n\n<p>Prudencia. Esa es la palabra que m\u00e1s repiten en distintos municipios del conurbano. Hay que tener prudencia para tratar el tema y para trabajar en la contenci\u00f3n de la escalada de violencia. Una vez que se logr\u00f3 cortar el efecto contagio, con detenciones y medidas preventivas, lo que se debe hacer es ordenar el discurso pol\u00edtico que quedar\u00e1, aunque no quieran, enmarcado por la campa\u00f1a.<\/p>\n\n\n\n<p>Otro funcionario, pero de la estructura nacional, asegur\u00f3 que lo que dejaron los saqueos es<strong>&nbsp;\u201cla importancia del Estado presente\u201d<\/strong>, en referencia al trabajo del ministerio de Seguridad bonaerense que tuvo como resultado cerca de 100 personas detenidas como consecuencia de los actos vand\u00e1licos.<\/p>\n\n\n\n<p><img decoding=\"async\" loading=\"lazy\" alt=\"As\u00ed qued\u00f3 un supermercado de Moreno luego de que lo saquearan y lo prendieran fuego \n\" height=\"1080\" width=\"1920\" src=\"https:\/\/www.infobae.com\/new-resizer\/ystXjIWib0Se6Zivdm-nobxrVcE=\/arc-anglerfish-arc2-prod-infobae\/public\/B42PIBYF3FHKNKJKZXGQKG3424.jpg\" srcset=\"https:\/\/www.infobae.com\/new-resizer\/TfWwqb8ZNi69sB7OIqENjO-9jxc=\/420x236\/filters:format(webp):quality(85)\/cloudfront-us-east-1.images.arcpublishing.com\/infobae\/B42PIBYF3FHKNKJKZXGQKG3424.jpg 420w,https:\/\/www.infobae.com\/new-resizer\/iv8mK82qV7fJ4WEcIsXZyH0-oEI=\/768x432\/filters:format(webp):quality(85)\/cloudfront-us-east-1.images.arcpublishing.com\/infobae\/B42PIBYF3FHKNKJKZXGQKG3424.jpg 768w,https:\/\/www.infobae.com\/new-resizer\/yKtlg9Z11UQyRbyem-lXWdmrIVA=\/992x558\/filters:format(webp):quality(85)\/cloudfront-us-east-1.images.arcpublishing.com\/infobae\/B42PIBYF3FHKNKJKZXGQKG3424.jpg 992w,https:\/\/www.infobae.com\/new-resizer\/W19VNpsDeEVQArNZY_Pc2jnk3Us=\/1200x675\/filters:format(webp):quality(85)\/cloudfront-us-east-1.images.arcpublishing.com\/infobae\/B42PIBYF3FHKNKJKZXGQKG3424.jpg 1200w,https:\/\/www.infobae.com\/new-resizer\/e5u2zKj_irpivVqghEPLnsqjncU=\/1440x810\/filters:format(webp):quality(85)\/cloudfront-us-east-1.images.arcpublishing.com\/infobae\/B42PIBYF3FHKNKJKZXGQKG3424.jpg 1440w\">As\u00ed qued\u00f3 un supermercado de Moreno luego de que lo saquearan y lo prendieran fuego<\/p>\n\n\n\n<p>Es una definici\u00f3n contextualizada por la campa\u00f1a. Apunta, sin nombrarlo, a Javier Milei, que propone una reducci\u00f3n brusca de la estructura del Estado. Aunque no lo digan expl\u00edcitamente, en el oficialismo est\u00e1n convencidos que los saqueos tienen una pata pol\u00edtica que, hasta hora,&nbsp;<strong>ning\u00fan organismo de control del Estado pudo descubrir.<\/strong><\/p>\n\n\n\n<p>Los intendentes reconocen que la situaci\u00f3n econ\u00f3mica \u201cest\u00e1 complicada\u201d, pero que el clima social no estaba dado para que haya un estallido de violencia que termine con una serie de saqueos. Adem\u00e1s, muchos de ellos recuerdan las im\u00e1genes del 2001 y sostienen que hay muchas diferencias con aquellos d\u00edas. Principalmente en los productos que se roban de los supermercados.<\/p>\n\n\n\n<p><strong>\u201cNo roban alimentos. No se est\u00e1 robando por hambre\u201d<\/strong>, coincidieron dos intendentes importantes del conurbano, que adem\u00e1s se\u00f1alan que las personas que ingresan son \u201cmayoritariamente hombres j\u00f3venes\u201d y que no se ven familias. Idas y vueltas en el tiempo con las que intentan encontrar explicaciones a los hechos violentos de las \u00faltimas horas.<\/p>\n\n\n\n<p>Desde la gobernaci\u00f3n bonaerense se comunicaron con representantes de la Iglesia Cat\u00f3lica, la iglesia evang\u00e9lica y los movimientos sociales, sectores que est\u00e1n muy presentes en los barrios m\u00e1s humildes del Gran Buenos Aires.&nbsp;<strong>Desde ninguno de esos sectores le transmitieron que hubiese focos de conflictos que anticiparan intentos de saqueos.<\/strong><\/p>\n\n\n\n<p><img decoding=\"async\" loading=\"lazy\" alt=\"Sergio Massa y Axel Kicillof se mantuvieron en contacto durante las \u00faltimas horas para hablar sobre la situaci\u00f3n de los saqueos \" height=\"1080\" width=\"1920\" src=\"https:\/\/www.infobae.com\/new-resizer\/dAEhrpU37b5V6hE8w13rzQNtnLk=\/arc-anglerfish-arc2-prod-infobae\/public\/Q5UMSNP5BFBNZM5WXA2HUXPMPI.jpg\" srcset=\"https:\/\/www.infobae.com\/new-resizer\/G-SYVMkyP8TST4VAYf9oUmlNglE=\/420x236\/filters:format(webp):quality(85)\/cloudfront-us-east-1.images.arcpublishing.com\/infobae\/Q5UMSNP5BFBNZM5WXA2HUXPMPI.jpg 420w,https:\/\/www.infobae.com\/new-resizer\/G85sCzVz_d-ylPFz03DZ4D84v3M=\/768x432\/filters:format(webp):quality(85)\/cloudfront-us-east-1.images.arcpublishing.com\/infobae\/Q5UMSNP5BFBNZM5WXA2HUXPMPI.jpg 768w,https:\/\/www.infobae.com\/new-resizer\/E3E-JOdBoNxDRvPqjYgmn6-wAK0=\/992x558\/filters:format(webp):quality(85)\/cloudfront-us-east-1.images.arcpublishing.com\/infobae\/Q5UMSNP5BFBNZM5WXA2HUXPMPI.jpg 992w,https:\/\/www.infobae.com\/new-resizer\/GdaX3pdMOnUISZUFf0l-1csE2nI=\/1200x675\/filters:format(webp):quality(85)\/cloudfront-us-east-1.images.arcpublishing.com\/infobae\/Q5UMSNP5BFBNZM5WXA2HUXPMPI.jpg 1200w,https:\/\/www.infobae.com\/new-resizer\/yceI9Cjoktjidz3Q29G07jj7HBY=\/1440x810\/filters:format(webp):quality(85)\/cloudfront-us-east-1.images.arcpublishing.com\/infobae\/Q5UMSNP5BFBNZM5WXA2HUXPMPI.jpg 1440w\">Sergio Massa y Axel Kicillof se mantuvieron en contacto durante las \u00faltimas horas para hablar sobre la situaci\u00f3n de los saqueos<\/p>\n\n\n\n<p>En el oficialismo creen que el objetivo de los saqueos es generar temor y provocar la sensaci\u00f3n de que hay un clima de inestabilidad vinculado a la situaci\u00f3n econ\u00f3mica. Y que esa situaci\u00f3n se est\u00e1 provocando en medio de la campa\u00f1a electoral con el fin de da\u00f1ar al Gobierno y sembrar la idea de que el peronismo no puede abordar el conflicto.<\/p>\n\n\n\n<p>Las autoridades nacionales y bonaerenses siguen de cerca la situaci\u00f3n para evitar un desmadre. Kicillof reforz\u00f3 la presencia de la polic\u00eda de la provincia en distintos municipios y baj\u00f3 un mensaje de alerta a los intendentes para que est\u00e9n atentos a los focos de conflictos. No quiere que los hechos vand\u00e1licos se conviertan en una ola que termine enrareciendo el d\u00eda a d\u00eda de los ciudadanos.<\/p>\n\n\n\n<p>Fuente: Infobae<\/p>\n","protected":false},"excerpt":{"rendered":"<div class=\"mh-excerpt\"><p>Las \u00faltimas 48 horas fueron de absoluta preocupaci\u00f3n para el oficialismo.\u00a0Los saqueos o intentos de saqueos que hubo en un pu\u00f1ado de localidades del conurbano bonaerense\u00a0y algunos lugares del interior del pa\u00eds pusieron en alerta al Gobierno. Con el correr de las horas las im\u00e1genes y los videos que se multiplicaron en las redes sociales dieron cuenta de que no se trataba de hechos aislados. Fue un encadenamiento de asaltos violentos y en manada. Los saqueos irrumpieron en la segunda fase de la campa\u00f1a electoral de una forma extra\u00f1a. As\u00ed lo entienden en&nbsp;Uni\u00f3n por la Patria, donde est\u00e1n convencidos que <a class=\"mh-excerpt-more\" href=\"http:\/\/dsrmedios.com.ar\/diario\/archivos\/38460\" title=\"Los intendentes aseguran que los saqueos no son por necesidad y el oficialismo los vincula con las elecciones: \u201cHubo acci\u00f3n deliberada\u201d\">[Leer m\u00e1s]<\/a><\/p>\n<\/div>","protected":false},"author":8,"featured_media":38461,"comment_status":"open","ping_status":"closed","sticky":false,"template":"","format":"standard","meta":{"_jetpack_newsletter_access":""},"categories":[6],"tags":[],"jetpack_featured_media_url":"http:\/\/dsrmedios.com.ar\/diario\/wp-content\/uploads\/2023\/08\/descarga-68.jpg","jetpack_sharing_enabled":true,"jetpack_shortlink":"https:\/\/wp.me\/p9fihK-a0k","_links":{"self":[{"href":"http:\/\/dsrmedios.com.ar\/diario\/wp-json\/wp\/v2\/posts\/38460"}],"collection":[{"href":"http:\/\/dsrmedios.com.ar\/diario\/wp-json\/wp\/v2\/posts"}],"about":[{"href":"http:\/\/dsrmedios.com.ar\/diario\/wp-json\/wp\/v2\/types\/post"}],"author":[{"embeddable":true,"href":"http:\/\/dsrmedios.com.ar\/diario\/wp-json\/wp\/v2\/users\/8"}],"replies":[{"embeddable":true,"href":"http:\/\/dsrmedios.com.ar\/diario\/wp-json\/wp\/v2\/comments?post=38460"}],"version-history":[{"count":1,"href":"http:\/\/dsrmedios.com.ar\/diario\/wp-json\/wp\/v2\/posts\/38460\/revisions"}],"predecessor-version":[{"id":38462,"href":"http:\/\/dsrmedios.com.ar\/diario\/wp-json\/wp\/v2\/posts\/38460\/revisions\/38462"}],"wp:featuredmedia":[{"embeddable":true,"href":"http:\/\/dsrmedios.com.ar\/diario\/wp-json\/wp\/v2\/media\/38461"}],"wp:attachment":[{"href":"http:\/\/dsrmedios.com.ar\/diario\/wp-json\/wp\/v2\/media?parent=38460"}],"wp:term":[{"taxonomy":"category","embeddable":true,"href":"http:\/\/dsrmedios.com.ar\/diario\/wp-json\/wp\/v2\/categories?post=38460"},{"taxonomy":"post_tag","embeddable":true,"href":"http:\/\/dsrmedios.com.ar\/diario\/wp-json\/wp\/v2\/tags?post=38460"}],"curies":[{"name":"wp","href":"https:\/\/api.w.org\/{rel}","templated":true}]}}