{"id":38445,"date":"2023-08-23T10:14:13","date_gmt":"2023-08-23T13:14:13","guid":{"rendered":"http:\/\/dsrmedios.com.ar\/diario\/?p=38445"},"modified":"2023-08-23T10:14:17","modified_gmt":"2023-08-23T13:14:17","slug":"ley-de-alquileres-el-oficialismo-acusa-a-juntos-por-el-cambio-de-armar-un-show-electoralista","status":"publish","type":"post","link":"http:\/\/dsrmedios.com.ar\/diario\/archivos\/38445","title":{"rendered":"Ley de Alquileres: El oficialismo acusa a Juntos por el Cambio de armar un &#8220;show electoralista&#8221;"},"content":{"rendered":"\n<p>Los bloques opositores que integran la C\u00e1mara de Diputados de la Naci\u00f3n lograron convocar a una sesi\u00f3n especial para volver a&nbsp;<strong>tratar todos los proyectos y dict\u00e1menes que tienen estado parlamentario vinculados a la Ley de Alquileres<\/strong>. Juntos por el Cambio conf\u00eda en que conseguir\u00e1n el qu\u00f3rum suficiente para discutir el tema, pero habr\u00e1 que esperar hasta \u00faltimo momento. La jornada comenzar\u00e1 hoy a las 12 del mediod\u00eda.<\/p>\n\n\n\n<p><a rel=\"noreferrer noopener\" href=\"https:\/\/infocielo.com\/politica-y-economia\/diputados-sesiona-el-foco-los-creditos-uva-y-mira-reojo-la-ley-alquileres-n766437\" target=\"_blank\">El 5 de julio pasado<\/a>\u00a0fue la \u00faltima vez que el Congreso se reuni\u00f3 para debatir el asunto, pero el Frente de Todos (ahora Uni\u00f3n por la Patria) no baj\u00f3 al recinto para frenar la actividad. Sin embargo, la semana pasada se hizo el nuevo llamado y la oposici\u00f3n parece estar unida para alcanzar el qu\u00f3rum necesario.\u00a0<strong>Juntos por el Cambio aportar\u00eda 117 diputados (sumando la reciente incorporaci\u00f3n de Jos\u00e9 Luis Espert), el interbloque Federal tiene otras 8 bancas, Provincias Unidas otras cuatro y as\u00ed llegar\u00edan a los 129 diputados sentados en sus bancas<\/strong>.<\/p>\n\n\n\n<p>Sin embargo, todav\u00eda falta saber qu\u00e9 har\u00e1n los tres legisladores de La Libertad Avanza (<strong>Javier Milei<\/strong>,&nbsp;<strong>Carolina Piparo<\/strong>&nbsp;y&nbsp;<strong>Victoria Villarruel<\/strong>), los dos del bloque SER y el neuquino&nbsp;<strong>Rolando Figueroa<\/strong>.<\/p>\n\n\n\n<figure class=\"wp-block-image\"><img decoding=\"async\" src=\"https:\/\/media.infocielo.com\/p\/3389d053a00613fb8e00ab647eaaae47\/adjuntos\/299\/imagenes\/001\/700\/0001700660\/camara-diputados-aprobo-ley-alquileresjpg.jpg?2023-08-23-07-23-46\" alt=\"La C\u00e1mara de Diputados aprob\u00f3 por unanimidad la Ley de Alquileres en noviembre de 2019.\" title=\"La C\u00e1mara de Diputados aprob\u00f3 por unanimidad la Ley de Alquileres en noviembre de 2019.\"\/><\/figure>\n\n\n\n<p>La C\u00e1mara de Diputados aprob\u00f3 por unanimidad la Ley de Alquileres en noviembre de 2019.<\/p>\n\n\n\n<p>El sector mayoritario de la oposici\u00f3n busca modificar esos dos aspectos. El presidente del bloque PRO,&nbsp;<strong>Cristian Ritondo<\/strong>, confirm\u00f3 en la Expo de Real State que&nbsp;<strong>pretenden que &#8220;la regla del juego sea la libertad entre partes para poder pactar&#8221;<\/strong>. En concreto,<strong>&nbsp;esto implicar\u00eda una mayor flexibilidad en la duraci\u00f3n de los contratos y en la elecci\u00f3n del mecanismo de actualizaci\u00f3n<\/strong>. Si logran su cometido, se podr\u00eda volver a un esquema de contratos de dos a\u00f1os de duraci\u00f3n y actualizaciones de 3, 6 o 12 meses, de acuerdo a lo que arreglen en cada caso propietarios e&nbsp;<a href=\"https:\/\/infocielo.com\/politica-y-economia\/la-federacion-inquilinos-salio-defender-la-ley-alquileres-n759821\" target=\"_blank\" rel=\"noreferrer noopener\"><strong>inquilinos<\/strong><\/a>.<\/p>\n\n\n\n<h2>La postura del oficialismo: incentivos fiscales para aumentar la oferta<\/h2>\n\n\n\n<p>En la antesala de lo que promete ser una jornada caliente en el Congreso,<strong>&nbsp;el Frente de Izquierda adelant\u00f3 que no va a contribuir con el qu\u00f3rum<\/strong>&nbsp;porque rechazan las iniciativas de Juntos por el Cambio. Mientras tanto,&nbsp;<strong><a href=\"https:\/\/twitter.com\/Diputados_Todos\/status\/1694168663572570431?s=20\" target=\"_blank\" rel=\"noreferrer noopener\">el Frente de Todos emiti\u00f3 ayer un comunicado<\/a><\/strong>&nbsp;para dar a conocer su postura. En primer lugar,&nbsp;<strong>denunciaron que la sesi\u00f3n fue convocada para &#8220;montar un show electoralista&#8221;<\/strong>.<\/p>\n\n\n\n<p>&#8220;Estamos comprometidos para resolver el problema en serio, con propuestas concretas y realizables, a resguardo de los derechos de las y los inquilinos&#8221;, se\u00f1al\u00f3 el bloque mayoritario. Desde el oficialismo&nbsp;<strong>reconocieron la necesidad de &#8220;ampliar la oferta de viviendas en alquiler&#8221; y propusieron hacerlo a trav\u00e9s de incentivos tributarios<\/strong>.<\/p>\n\n\n\n<p>Por su parte, el ministro de Econom\u00eda de la Naci\u00f3n,&nbsp;<strong>Sergio Massa<\/strong>, plante\u00f3 d\u00edas atr\u00e1s que deber\u00eda establecerse un marco general con el C\u00f3digo Civil y que luego sea cada Legislatura provincial la que regule los contratos de acuerdo a sus particularidades.<\/p>\n\n\n\n<h2>El rechazo de los inquilinos<\/h2>\n\n\n\n<p>En medio de este debate pol\u00edtico, hay, b\u00e1sicamente, dos actores sociales en tensi\u00f3n: las empresas inmobiliarias y los inquilinos. Las c\u00e1maras que nuclean a las primeras&nbsp;<strong><a href=\"https:\/\/www.fira.org.ar\/presentacion-iniciativa-particular-ley-de-alquileres\/\" target=\"_blank\" rel=\"noreferrer noopener\">consideran &#8220;urgente y necesario&#8221; modificar 2 art\u00edculos de la Ley de Alquileres<\/a><\/strong>. Uno es el que establece la duraci\u00f3n m\u00ednima de los contratos de vivienda y el otro es el que refiere a la actualizaci\u00f3n del precio.<\/p>\n\n\n\n<p>Paralelamente, esos son los dos puntos fundamentales que defienden las entidades que nuclean a inquilinos. En este contexto, la organizaci\u00f3n porte\u00f1a\u00a0<a rel=\"noreferrer noopener\" href=\"https:\/\/twitter.com\/InquilinosAgrup\/status\/1694057851654717701?s=20\" target=\"_blank\">Inquilinos Agrupados present\u00f3 una nota<\/a>\u00a0ante la presidenta de la C\u00e1mara,\u00a0<strong>Cecilia Moreau<\/strong>,\u00a0<strong>pidiendo que los legisladores dedicados a la actividad inmobiliaria o con inmuebles en alquiler se abstengan de votar por tener conflictos de inter\u00e9s<\/strong>.<\/p>\n\n\n\n<p>Fuente: Infocielo<\/p>\n","protected":false},"excerpt":{"rendered":"<div class=\"mh-excerpt\"><p>Los bloques opositores que integran la C\u00e1mara de Diputados de la Naci\u00f3n lograron convocar a una sesi\u00f3n especial para volver a&nbsp;tratar todos los proyectos y dict\u00e1menes que tienen estado parlamentario vinculados a la Ley de Alquileres. Juntos por el Cambio conf\u00eda en que conseguir\u00e1n el qu\u00f3rum suficiente para discutir el tema, pero habr\u00e1 que esperar hasta \u00faltimo momento. La jornada comenzar\u00e1 hoy a las 12 del mediod\u00eda. El 5 de julio pasado\u00a0fue la \u00faltima vez que el Congreso se reuni\u00f3 para debatir el asunto, pero el Frente de Todos (ahora Uni\u00f3n por la Patria) no baj\u00f3 al recinto para frenar <a class=\"mh-excerpt-more\" href=\"http:\/\/dsrmedios.com.ar\/diario\/archivos\/38445\" title=\"Ley de Alquileres: El oficialismo acusa a Juntos por el Cambio de armar un &#8220;show electoralista&#8221;\">[Leer m\u00e1s]<\/a><\/p>\n<\/div>","protected":false},"author":8,"featured_media":31787,"comment_status":"open","ping_status":"closed","sticky":false,"template":"","format":"standard","meta":{"_jetpack_newsletter_access":""},"categories":[6],"tags":[],"jetpack_featured_media_url":"http:\/\/dsrmedios.com.ar\/diario\/wp-content\/uploads\/2023\/04\/alquiler-casa-llavesjpg.webp","jetpack_sharing_enabled":true,"jetpack_shortlink":"https:\/\/wp.me\/p9fihK-a05","_links":{"self":[{"href":"http:\/\/dsrmedios.com.ar\/diario\/wp-json\/wp\/v2\/posts\/38445"}],"collection":[{"href":"http:\/\/dsrmedios.com.ar\/diario\/wp-json\/wp\/v2\/posts"}],"about":[{"href":"http:\/\/dsrmedios.com.ar\/diario\/wp-json\/wp\/v2\/types\/post"}],"author":[{"embeddable":true,"href":"http:\/\/dsrmedios.com.ar\/diario\/wp-json\/wp\/v2\/users\/8"}],"replies":[{"embeddable":true,"href":"http:\/\/dsrmedios.com.ar\/diario\/wp-json\/wp\/v2\/comments?post=38445"}],"version-history":[{"count":1,"href":"http:\/\/dsrmedios.com.ar\/diario\/wp-json\/wp\/v2\/posts\/38445\/revisions"}],"predecessor-version":[{"id":38448,"href":"http:\/\/dsrmedios.com.ar\/diario\/wp-json\/wp\/v2\/posts\/38445\/revisions\/38448"}],"wp:featuredmedia":[{"embeddable":true,"href":"http:\/\/dsrmedios.com.ar\/diario\/wp-json\/wp\/v2\/media\/31787"}],"wp:attachment":[{"href":"http:\/\/dsrmedios.com.ar\/diario\/wp-json\/wp\/v2\/media?parent=38445"}],"wp:term":[{"taxonomy":"category","embeddable":true,"href":"http:\/\/dsrmedios.com.ar\/diario\/wp-json\/wp\/v2\/categories?post=38445"},{"taxonomy":"post_tag","embeddable":true,"href":"http:\/\/dsrmedios.com.ar\/diario\/wp-json\/wp\/v2\/tags?post=38445"}],"curies":[{"name":"wp","href":"https:\/\/api.w.org\/{rel}","templated":true}]}}