{"id":38443,"date":"2023-08-23T10:12:39","date_gmt":"2023-08-23T13:12:39","guid":{"rendered":"http:\/\/dsrmedios.com.ar\/diario\/?p=38443"},"modified":"2023-08-23T10:12:43","modified_gmt":"2023-08-23T13:12:43","slug":"el-pro-pide-que-axel-kicillof-convoque-a-los-intendentes-por-los-saqueos","status":"publish","type":"post","link":"http:\/\/dsrmedios.com.ar\/diario\/archivos\/38443","title":{"rendered":"El PRO pide que Axel Kicillof convoque a los intendentes por los saqueos"},"content":{"rendered":"\n<p>Luego de una jornada de caos en el conurbano por&nbsp;<a href=\"https:\/\/infocielo.com\/politica-y-economia\/juega-fuego-javier-milei-agita-y-da-entidad-los-rumores-saqueos-n770003\" target=\"_blank\" rel=\"noreferrer noopener\">rumores y fake news sobre saqueos&nbsp;<\/a>y la detenci\u00f3n de un grupo de personas por ataques de ese estilo, desde el PRO le pidieron al gobernador&nbsp;<strong>Axel Kicillof<\/strong>&nbsp;que convoque a los&nbsp;<strong>intendentes&nbsp;<\/strong>para abordar la situaci\u00f3n, aunque desde la Provincia aseguraron que el mandatario provincial est\u00e1 en &#8220;permanente contacto&#8221; con ellos.<\/p>\n\n\n\n<p>El intendente de Lan\u00fas y precandidato a gobernador de JxC,\u00a0<strong>N\u00e9stor Grindetti<\/strong>\u00a0se refiri\u00f3 esta ma\u00f1ana a los hechos y fue uno de los que pidi\u00f3 una convocatoria por partede la Provincia. \u201cNecesitamos urgente que el gobierno provincial recupere el control ante los saqueos que est\u00e1n sucediendo.\u00a0<strong>Por eso le pedimos al gobernador Kicillof y al ministro Berni que convoquen r\u00e1pidamente a un comit\u00e9 de crisis con los intendentes\u201d<\/strong>, dijo.<\/p>\n\n\n\n<p>\u201cNecesitamos salir de la pasividad y la negaci\u00f3n de manera urgente. Sin orden no hay libertad, ni progreso posible. La gente lo est\u00e1 pidiendo desesperadamente&#8221;, plante\u00f3 el candidato aliado a Patricia Bullrich.<\/p>\n\n\n\n<p>En tanto, desde el equipo de Axel Kicillof se\u00f1alaron a&nbsp;<strong>INFOCIELO&nbsp;<\/strong>que si bien no est\u00e1 previsto realizar un encuentro de ese tipo, el mandatario provincial&nbsp;<strong>&#8220;est\u00e1 en permanente contacto con ellos&#8221;<\/strong>, pero en especial en las \u00faltimas horas,&nbsp;<strong>se puso en l\u00ednea directa con los jefes comunales de las ciudades donde se dieron este tipo de hechos delictivos.<\/strong><\/p>\n\n\n\n<p>Ante esta situaci\u00f3n, la Provincia tiene a las fuerzas de seguridad con el propio ministro,&nbsp;<strong>Sergio Berni<\/strong>, monitoreando el tema y son ellos quienes le pasan los reportes a Kicillof.<\/p>\n\n\n\n<figure class=\"wp-block-image\"><img decoding=\"async\" src=\"https:\/\/media.infocielo.com\/p\/5e2198bb0b01b4fd58baaf315d96040d\/adjuntos\/299\/imagenes\/001\/462\/0001462543\/kicillof-intendentes-projpg.jpg?2022-07-21-13-04-56\" alt=\"Intendentes PRO presionan a Axel Kicillof: \u201cLa  respuesta no puede ser achicar obras\u201d\" title=\"Intendentes PRO presionan a Axel Kicillof: \u201cLa  respuesta no puede ser achicar obras\u201d\"\/><\/figure>\n\n\n\n<p>Intendentes PRO presionan a Axel Kicillof: \u201cLa respuesta no puede ser achicar obras\u201d<\/p>\n\n\n\n<p>Anoche, el ministro Berni brind\u00f3 una entrevista con C5N en la que<a href=\"https:\/\/infocielo.com\/politica-y-economia\/la-provincia-denuncio-una-campana-masiva-incitando-al-saqueo-n770012\" target=\"_blank\" rel=\"noreferrer noopener\">&nbsp;calific\u00f3 de &#8220;llamativa&#8221; la campa\u00f1a masiva en redes sociales&nbsp;<\/a>&#8220;incitando a esta imagen de saqueo&#8221; y manifest\u00f3 que &#8220;fue un bombardeo durante todo el d\u00eda pero no hubo incidentes&#8221;.<\/p>\n\n\n\n<p>Respecto a los ataques a sucursales en Jos\u00e9 C. Paz de un conocido supermercado,&nbsp;<strong>Berni dijo que &#8220;a la noche, a \u00faltima hora, cuando cerraban los centros comerciales, hubo hasta de manera coordinada, intentos de robos en centros comerciales donde la polic\u00eda actu\u00f3 r\u00e1pidamente&#8221;<\/strong>. Y confirm\u00f3 que por los hechos hay 36 personas detenidas.<\/p>\n\n\n\n<p>&#8220;Han ido a robar en autos pr\u00e1cticamente nuevos.&nbsp;<strong>Esto no es un robo com\u00fan, est\u00e1 calificado como robo en poblado y banda y tiene una pena de 15 a\u00f1os<\/strong>&#8220;, detallo el Ministro de Seguridad quien indic\u00f3 que ma\u00f1ana habr\u00e1 una reuni\u00f3n con fiscales y autoridades provinciales para actuar de forma coordinada.<\/p>\n\n\n\n<figure class=\"wp-block-image\"><img decoding=\"async\" src=\"https:\/\/media.infocielo.com\/p\/91b943b2d0ac7c01d207a31a8891a5da\/adjuntos\/299\/imagenes\/001\/673\/0001673063\/887x0\/smart\/bernijpg.jpg\" alt=\"\" title=\"\"\/><\/figure>\n\n\n\n<p>Berni pidi\u00f3 &#8220;que este delito sea calificado con la mayor gravedad que son los 15 a\u00f1os porque es incitaci\u00f3n al robo, e inclusive usan menores para que roben cigarrillos y bebidas alcoh\u00f3licas&#8221;. Y agreg\u00f3: &#8220;<strong>Vamos a ser muy fuertes con la ley y que al menos estas 40 personas que han sido detenidas no tengan ninguna duda que van a tener para un buen rato&#8221;<\/strong>.<\/p>\n\n\n\n<p>&#8220;Estamos empezando a judicializar y a partir de all\u00ed la justicia investigar\u00e1 de d\u00f3nde surgieron estos bombardeos medi\u00e1ticos incitando al robo.\u00a0<strong>Yo tengo bastante experiencia en estas situaciones y la sociedad se mantuvo al margen. Los que incitaron al robo fueron personas puntuales&#8221;<\/strong>, concluy\u00f3 el funcionario.<\/p>\n\n\n\n<p>Fuente: Infocielo<\/p>\n","protected":false},"excerpt":{"rendered":"<div class=\"mh-excerpt\"><p>Luego de una jornada de caos en el conurbano por&nbsp;rumores y fake news sobre saqueos&nbsp;y la detenci\u00f3n de un grupo de personas por ataques de ese estilo, desde el PRO le pidieron al gobernador&nbsp;Axel Kicillof&nbsp;que convoque a los&nbsp;intendentes&nbsp;para abordar la situaci\u00f3n, aunque desde la Provincia aseguraron que el mandatario provincial est\u00e1 en &#8220;permanente contacto&#8221; con ellos. El intendente de Lan\u00fas y precandidato a gobernador de JxC,\u00a0N\u00e9stor Grindetti\u00a0se refiri\u00f3 esta ma\u00f1ana a los hechos y fue uno de los que pidi\u00f3 una convocatoria por partede la Provincia. \u201cNecesitamos urgente que el gobierno provincial recupere el control ante los saqueos que est\u00e1n <a class=\"mh-excerpt-more\" href=\"http:\/\/dsrmedios.com.ar\/diario\/archivos\/38443\" title=\"El PRO pide que Axel Kicillof convoque a los intendentes por los saqueos\">[Leer m\u00e1s]<\/a><\/p>\n<\/div>","protected":false},"author":8,"featured_media":33910,"comment_status":"open","ping_status":"closed","sticky":false,"template":"","format":"standard","meta":{"_jetpack_newsletter_access":""},"categories":[7],"tags":[],"jetpack_featured_media_url":"http:\/\/dsrmedios.com.ar\/diario\/wp-content\/uploads\/2023\/05\/p14-axel-kicillof-n_optjpeg.jpeg","jetpack_sharing_enabled":true,"jetpack_shortlink":"https:\/\/wp.me\/p9fihK-a03","_links":{"self":[{"href":"http:\/\/dsrmedios.com.ar\/diario\/wp-json\/wp\/v2\/posts\/38443"}],"collection":[{"href":"http:\/\/dsrmedios.com.ar\/diario\/wp-json\/wp\/v2\/posts"}],"about":[{"href":"http:\/\/dsrmedios.com.ar\/diario\/wp-json\/wp\/v2\/types\/post"}],"author":[{"embeddable":true,"href":"http:\/\/dsrmedios.com.ar\/diario\/wp-json\/wp\/v2\/users\/8"}],"replies":[{"embeddable":true,"href":"http:\/\/dsrmedios.com.ar\/diario\/wp-json\/wp\/v2\/comments?post=38443"}],"version-history":[{"count":1,"href":"http:\/\/dsrmedios.com.ar\/diario\/wp-json\/wp\/v2\/posts\/38443\/revisions"}],"predecessor-version":[{"id":38446,"href":"http:\/\/dsrmedios.com.ar\/diario\/wp-json\/wp\/v2\/posts\/38443\/revisions\/38446"}],"wp:featuredmedia":[{"embeddable":true,"href":"http:\/\/dsrmedios.com.ar\/diario\/wp-json\/wp\/v2\/media\/33910"}],"wp:attachment":[{"href":"http:\/\/dsrmedios.com.ar\/diario\/wp-json\/wp\/v2\/media?parent=38443"}],"wp:term":[{"taxonomy":"category","embeddable":true,"href":"http:\/\/dsrmedios.com.ar\/diario\/wp-json\/wp\/v2\/categories?post=38443"},{"taxonomy":"post_tag","embeddable":true,"href":"http:\/\/dsrmedios.com.ar\/diario\/wp-json\/wp\/v2\/tags?post=38443"}],"curies":[{"name":"wp","href":"https:\/\/api.w.org\/{rel}","templated":true}]}}