{"id":3844,"date":"2018-01-29T08:58:07","date_gmt":"2018-01-29T11:58:07","guid":{"rendered":"http:\/\/dsrmedios.com.ar\/diario\/?p=3844"},"modified":"2018-01-29T08:58:07","modified_gmt":"2018-01-29T11:58:07","slug":"el-presidente-macri-anunciara-hoy-un-ajuste-del-20-en-la-estructura-del-estado-nacional","status":"publish","type":"post","link":"http:\/\/dsrmedios.com.ar\/diario\/archivos\/3844","title":{"rendered":"El Presidente Macri anunciar\u00e1 hoy un ajuste del 20% en la estructura del Estado Nacional"},"content":{"rendered":"<p>El presidente Mauricio Macri anunciar\u00e1 este lunes \u201cel ajuste en las estructuras del Estado Nacional\u201d, en lo que ser\u00e1 la primera actividad del mandatario nacional tras regresar de la gira europea que lo llev\u00f3 a Rusia, Suiza y Francia.<\/p>\n<p>Adem\u00e1s, el Presidente mantendr\u00e1 un encuentro con todo el gabinete, en el que se analizar\u00e1n los nuevos \u00edndices de pobreza, empleo y nivel educativo en todo el pa\u00eds.<\/p>\n<p>En tanto, se adelant\u00f3 que el jueves 1\u00b0 de febrero el mandatario tiene previsto participar de un acto en Jujuy junto al gobernador Gerardo Morales, en el que le restituir\u00e1 la zona franca a la provincia.<\/p>\n<p>fuente:www.aninoticias.com<\/p>\n","protected":false},"excerpt":{"rendered":"<div class=\"mh-excerpt\"><p>El presidente Mauricio Macri anunciar\u00e1 este lunes \u201cel ajuste en las estructuras del Estado Nacional\u201d, en lo que ser\u00e1 la primera actividad del mandatario nacional tras regresar de la gira europea que lo llev\u00f3 a Rusia, Suiza y Francia. Adem\u00e1s, el Presidente mantendr\u00e1 un encuentro con todo el gabinete, en el que se analizar\u00e1n los nuevos \u00edndices de pobreza, empleo y nivel educativo en todo el pa\u00eds. En tanto, se adelant\u00f3 que el jueves 1\u00b0 de febrero el mandatario tiene previsto participar de un acto en Jujuy junto al gobernador Gerardo Morales, en el que le restituir\u00e1 la zona franca <a class=\"mh-excerpt-more\" href=\"http:\/\/dsrmedios.com.ar\/diario\/archivos\/3844\" title=\"El Presidente Macri anunciar\u00e1 hoy un ajuste del 20% en la estructura del Estado Nacional\">[Leer m\u00e1s]<\/a><\/p>\n<\/div>","protected":false},"author":5,"featured_media":3785,"comment_status":"open","ping_status":"closed","sticky":false,"template":"","format":"standard","meta":{"_jetpack_newsletter_access":""},"categories":[18,6],"tags":[],"jetpack_featured_media_url":"http:\/\/dsrmedios.com.ar\/diario\/wp-content\/uploads\/2018\/01\/macriii.jpg","jetpack_sharing_enabled":true,"jetpack_shortlink":"https:\/\/wp.me\/p9fihK-100","_links":{"self":[{"href":"http:\/\/dsrmedios.com.ar\/diario\/wp-json\/wp\/v2\/posts\/3844"}],"collection":[{"href":"http:\/\/dsrmedios.com.ar\/diario\/wp-json\/wp\/v2\/posts"}],"about":[{"href":"http:\/\/dsrmedios.com.ar\/diario\/wp-json\/wp\/v2\/types\/post"}],"author":[{"embeddable":true,"href":"http:\/\/dsrmedios.com.ar\/diario\/wp-json\/wp\/v2\/users\/5"}],"replies":[{"embeddable":true,"href":"http:\/\/dsrmedios.com.ar\/diario\/wp-json\/wp\/v2\/comments?post=3844"}],"version-history":[{"count":2,"href":"http:\/\/dsrmedios.com.ar\/diario\/wp-json\/wp\/v2\/posts\/3844\/revisions"}],"predecessor-version":[{"id":3847,"href":"http:\/\/dsrmedios.com.ar\/diario\/wp-json\/wp\/v2\/posts\/3844\/revisions\/3847"}],"wp:featuredmedia":[{"embeddable":true,"href":"http:\/\/dsrmedios.com.ar\/diario\/wp-json\/wp\/v2\/media\/3785"}],"wp:attachment":[{"href":"http:\/\/dsrmedios.com.ar\/diario\/wp-json\/wp\/v2\/media?parent=3844"}],"wp:term":[{"taxonomy":"category","embeddable":true,"href":"http:\/\/dsrmedios.com.ar\/diario\/wp-json\/wp\/v2\/categories?post=3844"},{"taxonomy":"post_tag","embeddable":true,"href":"http:\/\/dsrmedios.com.ar\/diario\/wp-json\/wp\/v2\/tags?post=3844"}],"curies":[{"name":"wp","href":"https:\/\/api.w.org\/{rel}","templated":true}]}}