{"id":38416,"date":"2023-08-23T09:41:52","date_gmt":"2023-08-23T12:41:52","guid":{"rendered":"http:\/\/dsrmedios.com.ar\/diario\/?p=38416"},"modified":"2023-08-23T09:41:55","modified_gmt":"2023-08-23T12:41:55","slug":"de-la-escuela-argentina-a-las-competencias-mundiales-la-uba-premio-a-6-alumnos-de-sus-colegios","status":"publish","type":"post","link":"http:\/\/dsrmedios.com.ar\/diario\/archivos\/38416","title":{"rendered":"De la escuela argentina a las competencias mundiales: la UBA premi\u00f3 a 6 alumnos de sus colegios"},"content":{"rendered":"\n<p>Los argentinos tenemos varios embajadores globales. Pero m\u00e1s all\u00e1 de los nombres que suelen ocupar t\u00edtulos period\u00edsticos en el mundo, las escuelas son semilleros de donde tambi\u00e9n surgen talentos que llevan nuestra bandera hasta la cima de las competencias m\u00e1s exigentes.\u00a0<strong>Lucio Serafino, Bianca Vicente, Marina Milagros Scaravaglione, Pablo Rossetti, Facundo Aram Kechichian\u00a0<\/strong>y<strong>\u00a0Felipe Bautista Klir<\/strong>: vale la pena retener estos nombres. Acaban de ser premiados por la UBA, y seguramente protagonizar\u00e1n nuevos titulares en el futuro.<a rel=\"noreferrer noopener\" href=\"https:\/\/www.infobae.com\/educacion\/2023\/07\/30\/40-anos-de-democracia-las-10-leyes-que-transformaron-la-educacion-argentina\/\" target=\"_blank\"><\/a><a rel=\"noreferrer noopener\" href=\"https:\/\/www.infobae.com\/educacion\/2023\/08\/18\/por-que-los-edutubers-logran-que-el-aprendizaje-sea-mas-atractivo-y-accesible-para-los-estudiantes\/\" target=\"_blank\"><\/a><\/p>\n\n\n\n<p>Todos ellos son estudiantes de escuelas que dependen de la Universidad de Buenos Aires, y este a\u00f1o representan a la Argentina en diferentes competencias internacionales. Tres de ellos son alumnos del&nbsp;<strong>Colegio Nacional de Buenos Aires<\/strong>&nbsp;(CNBA); los otros tres, de la&nbsp;<strong>Escuela Superior de Comercio Carlos Pellegrini<\/strong>, el&nbsp;<strong>Instituto Libre de Segunda Ense\u00f1anza<\/strong>&nbsp;(ILSE) y la&nbsp;<strong>Escuela de Educaci\u00f3n T\u00e9cnico Profesional en Producci\u00f3n Agropecuaria y Agroalimentaria<\/strong>.<\/p>\n\n\n\n<p><img decoding=\"async\" loading=\"lazy\" alt=\"Lucio Serafino, alumno del Colegio Nacional de Buenos Aires.\" height=\"1066\" width=\"1600\" src=\"https:\/\/www.infobae.com\/new-resizer\/YQRNw4_n_nMTA_lG3YioH1Qppsk=\/arc-anglerfish-arc2-prod-infobae\/public\/PI3Z3SAUX5BV5CM7X4RVIVTAAE.jpg\" srcset=\"https:\/\/www.infobae.com\/new-resizer\/Gv-7LzR7XJkjgKMNDofr3s9_PMQ=\/420x280\/filters:format(webp):quality(85)\/cloudfront-us-east-1.images.arcpublishing.com\/infobae\/PI3Z3SAUX5BV5CM7X4RVIVTAAE.jpg 420w,https:\/\/www.infobae.com\/new-resizer\/wZj-jcvirDKmHlhXPq1vn5sZkA0=\/768x512\/filters:format(webp):quality(85)\/cloudfront-us-east-1.images.arcpublishing.com\/infobae\/PI3Z3SAUX5BV5CM7X4RVIVTAAE.jpg 768w,https:\/\/www.infobae.com\/new-resizer\/MEjx6kZyUJ0ivBNRX6oTfvmEzBI=\/992x661\/filters:format(webp):quality(85)\/cloudfront-us-east-1.images.arcpublishing.com\/infobae\/PI3Z3SAUX5BV5CM7X4RVIVTAAE.jpg 992w,https:\/\/www.infobae.com\/new-resizer\/tyTgFIr-5XGIMupFQu_FMuxB5Zc=\/1200x800\/filters:format(webp):quality(85)\/cloudfront-us-east-1.images.arcpublishing.com\/infobae\/PI3Z3SAUX5BV5CM7X4RVIVTAAE.jpg 1200w,https:\/\/www.infobae.com\/new-resizer\/axfJk_FTJXYxClgSNbj4XJQPC00=\/1440x960\/filters:format(webp):quality(85)\/cloudfront-us-east-1.images.arcpublishing.com\/infobae\/PI3Z3SAUX5BV5CM7X4RVIVTAAE.jpg 1440w\">Lucio Serafino, alumno del Colegio Nacional de Buenos Aires.<\/p>\n\n\n\n<p><strong>Lucio Serafino<\/strong>&nbsp;tiene 16 a\u00f1os, es estudiante de 4\u00b0 a\u00f1o del Colegio Nacional de Buenos Aires y fue designado como primer representante de la Argentina en el&nbsp;<strong>16\u00ba Campeonato Mundial de Taekwondo&nbsp;<\/strong>en la categor\u00eda juvenil de m\u00e1s de 75 kilogramos. El evento se realizar\u00e1 en Finlandia entre el 4 y el 10 de septiembre.<\/p>\n\n\n\n<p>Lucio practica este arte marcial desde los 4 a\u00f1os. \u201cEntreno todos los d\u00edas, de lunes a s\u00e1bado. Los lunes, mi\u00e9rcoles y viernes hago la preparaci\u00f3n f\u00edsica; los martes, jueves y s\u00e1bados hago taekwondo.&nbsp;<strong>Me estoy preparando para el Mundial desde hace m\u00e1s de dos a\u00f1os<\/strong>, desde que empezamos a liberarnos de la pandemia. Integr\u00e9 el plantel de la selecci\u00f3n argentina entre 2020 y 2022, y en abril de este a\u00f1o clasifiqu\u00e9 al Mundial\u201d, le cont\u00f3 a&nbsp;<strong>Infobae<\/strong>.<\/p>\n\n\n\n<p>Desde el Colegio organizaron una colecta para ayudarlo a conseguir fondos para que pueda viajar. \u201cLa cooperadora, la asociaci\u00f3n de exalumnos y las oficinas del colegio me apoyaron tanto econ\u00f3micamente como en la difusi\u00f3n\u201d, agreg\u00f3 Lucio. Si bien ya tiene el pasaje, a\u00fan le faltan algunos detalles de la estad\u00eda: la disparada del d\u00f3lar \u2013para variar\u2013 le complic\u00f3 los planes. Mientras tanto,<strong>&nbsp;da clases particulares de taekwondo y organiza rifas<\/strong>. Quienes quieran ayudarlo pueden visitar su perfil de Instagram: @lucioserafinotkd. All\u00ed explica que \u201cel taekwondo es un arte marcial y una filosof\u00eda de vida, que se gu\u00eda por cinco principios: cortes\u00eda, integridad, perseverancia, autocontrol y esp\u00edritu indomable\u201d.<\/p>\n\n\n\n<p><img decoding=\"async\" loading=\"lazy\" alt=\"Marina Milagros Scaravaglione, alumna del Colegio Nacional de Buenos Aires\" height=\"1066\" width=\"1600\" src=\"https:\/\/www.infobae.com\/new-resizer\/mzuf1cLfAyJQPtCWeujx0NAFQls=\/arc-anglerfish-arc2-prod-infobae\/public\/BMG2VENWUFAEHIOJLBYCQUKVA4.jpg\" srcset=\"https:\/\/www.infobae.com\/new-resizer\/5rSaArsel7SLxKBvw6YXqON5sOs=\/420x280\/filters:format(webp):quality(85)\/cloudfront-us-east-1.images.arcpublishing.com\/infobae\/BMG2VENWUFAEHIOJLBYCQUKVA4.jpg 420w,https:\/\/www.infobae.com\/new-resizer\/qyF3cTYQxb8RAwN4iJ1ZXZitnHw=\/768x512\/filters:format(webp):quality(85)\/cloudfront-us-east-1.images.arcpublishing.com\/infobae\/BMG2VENWUFAEHIOJLBYCQUKVA4.jpg 768w,https:\/\/www.infobae.com\/new-resizer\/yRjsMEtJ00GmChMd2cKCRouvdvk=\/992x661\/filters:format(webp):quality(85)\/cloudfront-us-east-1.images.arcpublishing.com\/infobae\/BMG2VENWUFAEHIOJLBYCQUKVA4.jpg 992w,https:\/\/www.infobae.com\/new-resizer\/lyv8WZoCUNQZeHHl3hTGf9m7sPg=\/1200x800\/filters:format(webp):quality(85)\/cloudfront-us-east-1.images.arcpublishing.com\/infobae\/BMG2VENWUFAEHIOJLBYCQUKVA4.jpg 1200w,https:\/\/www.infobae.com\/new-resizer\/GpKYFV-Xk78g0sf4TdEBQJx8lW8=\/1440x960\/filters:format(webp):quality(85)\/cloudfront-us-east-1.images.arcpublishing.com\/infobae\/BMG2VENWUFAEHIOJLBYCQUKVA4.jpg 1440w\">Marina Milagros Scaravaglione, alumna del Colegio Nacional de Buenos Aires<\/p>\n\n\n\n<p>Otra alumna del CNBA,&nbsp;<strong>Marina Milagros Scaravaglione<\/strong>, de 6to Biol\u00f3gicas, volvi\u00f3 hace unas semanas de Emiratos \u00c1rabes Unidos, donde particip\u00f3 de la&nbsp;<strong>34\u00b0 Olimpiada Internacional de Biolog\u00eda<\/strong>&nbsp;entre el 2 y el 11 de julio. Luego de ganar la medalla de oro en la olimpiada nacional, Marina fue una de los cuatro estudiantes argentinos que representaron al pa\u00eds en la competencia mundial, en la que participaron 293 estudiantes de 76 pa\u00edses. La previa del certamen requiri\u00f3 un intenso proceso de preparaci\u00f3n te\u00f3rica y pr\u00e1ctica en la Universidad Nacional de R\u00edo Cuarto.<\/p>\n\n\n\n<p><img decoding=\"async\" loading=\"lazy\" alt=\"Pablo Rossetti, exalumno del CNBA\" height=\"1066\" width=\"1600\" src=\"https:\/\/www.infobae.com\/new-resizer\/dIlX0yuqb3kmK9Tcr2RMvVwQkWo=\/arc-anglerfish-arc2-prod-infobae\/public\/SD5XO2QZ7FBRHEV2GNKWZQD5AA.JPG\" srcset=\"https:\/\/www.infobae.com\/new-resizer\/_ZAhrma9vkilqNDQzBGYmyx0n5c=\/420x280\/filters:format(webp):quality(85)\/cloudfront-us-east-1.images.arcpublishing.com\/infobae\/SD5XO2QZ7FBRHEV2GNKWZQD5AA.JPG 420w,https:\/\/www.infobae.com\/new-resizer\/XfKezxlgWMg52ygu4TFp-YFeKwQ=\/768x512\/filters:format(webp):quality(85)\/cloudfront-us-east-1.images.arcpublishing.com\/infobae\/SD5XO2QZ7FBRHEV2GNKWZQD5AA.JPG 768w,https:\/\/www.infobae.com\/new-resizer\/8xgSW0pqo6YMSIWzRLGqgS5yQLg=\/992x661\/filters:format(webp):quality(85)\/cloudfront-us-east-1.images.arcpublishing.com\/infobae\/SD5XO2QZ7FBRHEV2GNKWZQD5AA.JPG 992w,https:\/\/www.infobae.com\/new-resizer\/R_DblsWMWppc4IQosoh_rj13Keo=\/1200x800\/filters:format(webp):quality(85)\/cloudfront-us-east-1.images.arcpublishing.com\/infobae\/SD5XO2QZ7FBRHEV2GNKWZQD5AA.JPG 1200w,https:\/\/www.infobae.com\/new-resizer\/ZTOtLqPnMV0IuhXZ_HOCWE-AgQ8=\/1440x960\/filters:format(webp):quality(85)\/cloudfront-us-east-1.images.arcpublishing.com\/infobae\/SD5XO2QZ7FBRHEV2GNKWZQD5AA.JPG 1440w\">Pablo Rossetti, exalumno del CNBA<\/p>\n\n\n\n<p>A ellos se suma&nbsp;<strong>Pablo Rossetti<\/strong>, exalumno del CNBA, quien hace unos d\u00edas gan\u00f3 la medalla de plata en la&nbsp;<strong>55\u00ba Olimpiada Internacional de Qu\u00edmica<\/strong>, realizada en Suiza entre el 16 y el 25 de julio. Pablo explic\u00f3: \u201cLa Olimpiada dura 10 d\u00edas, en los cuales rendimos dos ex\u00e1menes, uno experimental (en el laboratorio) y uno te\u00f3rico. Ambos duran 5 horas, son largos y requieren un nivel avanzado de contenidos, abarcan temas que se ven en la universidad, por eso es muy importante la preparaci\u00f3n con docentes universitarios\u201d. Este a\u00f1o participaron 350 alumnos de 89 pa\u00edses.<\/p>\n\n\n\n<p>Adem\u00e1s de Pablo, la delegaci\u00f3n argentina estuvo conformada por Melany Algarbe (Escuela T\u00e9cnica N\u00b0 469 de Rosario), Tom\u00e1s Santill\u00e1n y Santiago Sirena (ambos de la Escuela ORT).\u00a0<strong>Todos consiguieron medallas<\/strong>: tres de bronce y una de plata. \u201cSi bien el resultado queda asociado a nuestros nombres, hay una cantidad enorme de personas (profesores, familiares) y entidades (nuestros colegios, la Facultad de Ciencias Exactas y Naturales de la UBA y el Ministerio de Educaci\u00f3n de la Naci\u00f3n) gracias a los cuales estos resultados y este viaje fueron posibles\u201d, se\u00f1al\u00f3 Pablo.<\/p>\n\n\n\n<p><img decoding=\"async\" loading=\"lazy\" alt=\"Felipe Bautista Klir, alumno del Instituto Libre de Segunda Ense\u00f1anza\" height=\"1066\" width=\"1600\" src=\"https:\/\/www.infobae.com\/new-resizer\/qlU8WceHHkhkWukK0OTq9dBJ8pw=\/arc-anglerfish-arc2-prod-infobae\/public\/MWEPO6A4WFEMFAPD4QWDXH7QY4.jpg\" srcset=\"https:\/\/www.infobae.com\/new-resizer\/eLW6qQtYGu_ATTZIa_KOs0w2sfk=\/420x280\/filters:format(webp):quality(85)\/cloudfront-us-east-1.images.arcpublishing.com\/infobae\/MWEPO6A4WFEMFAPD4QWDXH7QY4.jpg 420w,https:\/\/www.infobae.com\/new-resizer\/3YKoFxvSncPL342lWD3tx87P3Q0=\/768x512\/filters:format(webp):quality(85)\/cloudfront-us-east-1.images.arcpublishing.com\/infobae\/MWEPO6A4WFEMFAPD4QWDXH7QY4.jpg 768w,https:\/\/www.infobae.com\/new-resizer\/Oo6YKQBuHeRL3cYBSSR-v9M4Qxw=\/992x661\/filters:format(webp):quality(85)\/cloudfront-us-east-1.images.arcpublishing.com\/infobae\/MWEPO6A4WFEMFAPD4QWDXH7QY4.jpg 992w,https:\/\/www.infobae.com\/new-resizer\/yunBCXDlEtahTrWlun8jf3ipYv0=\/1200x800\/filters:format(webp):quality(85)\/cloudfront-us-east-1.images.arcpublishing.com\/infobae\/MWEPO6A4WFEMFAPD4QWDXH7QY4.jpg 1200w,https:\/\/www.infobae.com\/new-resizer\/zVGfNGdp6O-SDqPDb5-wwFLN9jY=\/1440x960\/filters:format(webp):quality(85)\/cloudfront-us-east-1.images.arcpublishing.com\/infobae\/MWEPO6A4WFEMFAPD4QWDXH7QY4.jpg 1440w\">Felipe Bautista Klir, alumno del Instituto Libre de Segunda Ense\u00f1anza<\/p>\n\n\n\n<p>Por su parte,&nbsp;<strong>Felipe Bautista Klir<\/strong>&nbsp;es alumno del ILSE, la escuela privada que cuenta con la supervisi\u00f3n acad\u00e9mica de la UBA. Viene de ganar una medalla de plata en la&nbsp;<strong>64\u00b0 Olimpiada Internacional de Matem\u00e1tica<\/strong>&nbsp;(OIM), que se llev\u00f3 a cabo en la ciudad de Chiba, en Jap\u00f3n, entre el 2 y el 13 de julio. Ese resultado lo ubic\u00f3 en la posici\u00f3n 15 en el \u201csal\u00f3n de la fama\u201d de los argentinos que han participado en la historia de la OIM.<\/p>\n\n\n\n<p>\u201cTuvimos un entrenamiento de un mes en Ciudad Universitaria, en la sede de la Facultad de Ciencias Exactas, a cargo de un equipo de exol\u00edmpicos de la Olimp\u00edada Matem\u00e1tica Argentina\u201d, explic\u00f3 a&nbsp;<strong>Infobae<\/strong>&nbsp;su compa\u00f1ero de equipo, Federico Crovara Subia, alumno de la Escuela Philips y ganador de una medalla de bronce. En junio, los seis representantes argentinos que viajaron a Jap\u00f3n \u2013Mart\u00edn Gabriel Lupin, Ignacio Javier Naguil, Uriel Digestani y Iv\u00e1n Nicol\u00e1s Flores, adem\u00e1s de Felipe y Federico\u2013 tuvieron que abocarse por completo a la preparaci\u00f3n para el certamen:&nbsp;<strong>entrenaban de lunes a viernes, de 9 de la ma\u00f1ana a 6 de la tarde<\/strong>, resolviendo problemas de a\u00f1os anteriores que estaban disponibles online.<\/p>\n\n\n\n<p><img decoding=\"async\" loading=\"lazy\" alt=\"Facundo Aram Kechichian, alumno de la Escuela de Formaci\u00f3n T\u00e9cnico Profesional en Producci\u00f3n Agropecuaria y Agroalimentaria\" height=\"1066\" width=\"1600\" src=\"https:\/\/www.infobae.com\/new-resizer\/rZ6-REucNCH_nJAfM6kJWtv0sUY=\/arc-anglerfish-arc2-prod-infobae\/public\/R7LUIMHL7BDZ3KQTWTQHWEQUQA.jpg\" srcset=\"https:\/\/www.infobae.com\/new-resizer\/-uCrDUJok6-qqO59NfTwkcSxHws=\/420x280\/filters:format(webp):quality(85)\/cloudfront-us-east-1.images.arcpublishing.com\/infobae\/R7LUIMHL7BDZ3KQTWTQHWEQUQA.jpg 420w,https:\/\/www.infobae.com\/new-resizer\/Kt4lM7AFDaEnobljci_fb-Lzla4=\/768x512\/filters:format(webp):quality(85)\/cloudfront-us-east-1.images.arcpublishing.com\/infobae\/R7LUIMHL7BDZ3KQTWTQHWEQUQA.jpg 768w,https:\/\/www.infobae.com\/new-resizer\/9-xPPpotUTn2MLSf6bYqanCIjHM=\/992x661\/filters:format(webp):quality(85)\/cloudfront-us-east-1.images.arcpublishing.com\/infobae\/R7LUIMHL7BDZ3KQTWTQHWEQUQA.jpg 992w,https:\/\/www.infobae.com\/new-resizer\/n-JfL38Jit0xhdCrYifOEg76C4E=\/1200x800\/filters:format(webp):quality(85)\/cloudfront-us-east-1.images.arcpublishing.com\/infobae\/R7LUIMHL7BDZ3KQTWTQHWEQUQA.jpg 1200w,https:\/\/www.infobae.com\/new-resizer\/vpHTIDbJXERvcFJuX5ruXjVgke4=\/1440x960\/filters:format(webp):quality(85)\/cloudfront-us-east-1.images.arcpublishing.com\/infobae\/R7LUIMHL7BDZ3KQTWTQHWEQUQA.jpg 1440w\">Facundo Aram Kechichian, alumno de la Escuela de Formaci\u00f3n T\u00e9cnico Profesional en Producci\u00f3n Agropecuaria y Agroalimentaria<\/p>\n\n\n\n<p>Otro alumno premiado por la UBA fue&nbsp;<strong>Facundo Aram Kechichian<\/strong>, estudiante de la Escuela de Formaci\u00f3n T\u00e9cnico Profesional en Producci\u00f3n Agropecuaria y Agroalimentaria. Facundo obtuvo una menci\u00f3n especial en la&nbsp;<strong>34\u00ba Olimpiada Matem\u00e1tica del Cono Sur<\/strong>, realizada en Buenos Aires entre el 5 y 10 de agosto.<\/p>\n\n\n\n<p><img decoding=\"async\" loading=\"lazy\" alt=\"Bianca Vicente, alumna de la Escuela Superior de Comercio Carlos Pellegrini\" height=\"1066\" width=\"1600\" src=\"https:\/\/www.infobae.com\/new-resizer\/3ZzNyxdOqC7Ean74BqVFrVP_rls=\/arc-anglerfish-arc2-prod-infobae\/public\/PQEUHZOPGVD5LM4AUERDJV7PZI.jpg\" srcset=\"https:\/\/www.infobae.com\/new-resizer\/KN-1ZWzEWqAPFdBC3LDUzn0Ou3c=\/420x280\/filters:format(webp):quality(85)\/cloudfront-us-east-1.images.arcpublishing.com\/infobae\/PQEUHZOPGVD5LM4AUERDJV7PZI.jpg 420w,https:\/\/www.infobae.com\/new-resizer\/-PBUoHEP3ovr7zWtEHADHex4c54=\/768x512\/filters:format(webp):quality(85)\/cloudfront-us-east-1.images.arcpublishing.com\/infobae\/PQEUHZOPGVD5LM4AUERDJV7PZI.jpg 768w,https:\/\/www.infobae.com\/new-resizer\/9-cYMNQkvuccO4KSfNLe-8vWIWk=\/992x661\/filters:format(webp):quality(85)\/cloudfront-us-east-1.images.arcpublishing.com\/infobae\/PQEUHZOPGVD5LM4AUERDJV7PZI.jpg 992w,https:\/\/www.infobae.com\/new-resizer\/7P_MtiFArQvENA8dA6a6rkuv7dM=\/1200x800\/filters:format(webp):quality(85)\/cloudfront-us-east-1.images.arcpublishing.com\/infobae\/PQEUHZOPGVD5LM4AUERDJV7PZI.jpg 1200w,https:\/\/www.infobae.com\/new-resizer\/-DW3qJ6oSCnROOlcdHbI0_pnEGw=\/1440x960\/filters:format(webp):quality(85)\/cloudfront-us-east-1.images.arcpublishing.com\/infobae\/PQEUHZOPGVD5LM4AUERDJV7PZI.jpg 1440w\">Bianca Vicente, alumna de la Escuela Superior de Comercio Carlos Pellegrini<\/p>\n\n\n\n<p>Esta semana, en tanto,&nbsp;<strong>Bianca Vicente<\/strong>&nbsp;\u2013alumna de la Escuela Superior de Comercio Carlos Pellegrini\u2013 participar\u00e1 en la&nbsp;<strong>35\u00ba Olimpiada Internacional de Inform\u00e1tica<\/strong>&nbsp;en Hungr\u00eda, como parte del equipo argentino. El evento empieza el viernes 25 de agosto y se extender\u00e1 hasta el 10 de septiembre.<\/p>\n\n\n\n<p>El reconocimiento a los seis alumnos fue presidido por el rector de la UBA,\u00a0<strong>Ricardo Gelpi<\/strong>, quien entreg\u00f3 diplomas y medallas a los estudiantes. Gelpi les dijo: \u201cEn el futuro, cada d\u00eda que levanten nuestra bandera argentina, tambi\u00e9n estar\u00e1n representando a la Universidad de Buenos Aires, llevar\u00e1n el nombre de esta instituci\u00f3n a lo m\u00e1s alto. Esto nos llena de orgullo, pero tambi\u00e9n de responsabilidad y compromiso. Ustedes son quienes marcan nuestro camino, son nuestro futuro y la esperanza de todo un pa\u00eds\u201d.<\/p>\n\n\n\n<p>Fuente: Infobae<\/p>\n","protected":false},"excerpt":{"rendered":"<div class=\"mh-excerpt\"><p>Los argentinos tenemos varios embajadores globales. Pero m\u00e1s all\u00e1 de los nombres que suelen ocupar t\u00edtulos period\u00edsticos en el mundo, las escuelas son semilleros de donde tambi\u00e9n surgen talentos que llevan nuestra bandera hasta la cima de las competencias m\u00e1s exigentes.\u00a0Lucio Serafino, Bianca Vicente, Marina Milagros Scaravaglione, Pablo Rossetti, Facundo Aram Kechichian\u00a0y\u00a0Felipe Bautista Klir: vale la pena retener estos nombres. Acaban de ser premiados por la UBA, y seguramente protagonizar\u00e1n nuevos titulares en el futuro. Todos ellos son estudiantes de escuelas que dependen de la Universidad de Buenos Aires, y este a\u00f1o representan a la Argentina en diferentes competencias internacionales. <a class=\"mh-excerpt-more\" href=\"http:\/\/dsrmedios.com.ar\/diario\/archivos\/38416\" title=\"De la escuela argentina a las competencias mundiales: la UBA premi\u00f3 a 6 alumnos de sus colegios\">[Leer m\u00e1s]<\/a><\/p>\n<\/div>","protected":false},"author":8,"featured_media":38422,"comment_status":"open","ping_status":"closed","sticky":false,"template":"","format":"standard","meta":{"_jetpack_newsletter_access":""},"categories":[6],"tags":[],"jetpack_featured_media_url":"http:\/\/dsrmedios.com.ar\/diario\/wp-content\/uploads\/2023\/08\/descarga-67.jpg","jetpack_sharing_enabled":true,"jetpack_shortlink":"https:\/\/wp.me\/p9fihK-9ZC","_links":{"self":[{"href":"http:\/\/dsrmedios.com.ar\/diario\/wp-json\/wp\/v2\/posts\/38416"}],"collection":[{"href":"http:\/\/dsrmedios.com.ar\/diario\/wp-json\/wp\/v2\/posts"}],"about":[{"href":"http:\/\/dsrmedios.com.ar\/diario\/wp-json\/wp\/v2\/types\/post"}],"author":[{"embeddable":true,"href":"http:\/\/dsrmedios.com.ar\/diario\/wp-json\/wp\/v2\/users\/8"}],"replies":[{"embeddable":true,"href":"http:\/\/dsrmedios.com.ar\/diario\/wp-json\/wp\/v2\/comments?post=38416"}],"version-history":[{"count":1,"href":"http:\/\/dsrmedios.com.ar\/diario\/wp-json\/wp\/v2\/posts\/38416\/revisions"}],"predecessor-version":[{"id":38423,"href":"http:\/\/dsrmedios.com.ar\/diario\/wp-json\/wp\/v2\/posts\/38416\/revisions\/38423"}],"wp:featuredmedia":[{"embeddable":true,"href":"http:\/\/dsrmedios.com.ar\/diario\/wp-json\/wp\/v2\/media\/38422"}],"wp:attachment":[{"href":"http:\/\/dsrmedios.com.ar\/diario\/wp-json\/wp\/v2\/media?parent=38416"}],"wp:term":[{"taxonomy":"category","embeddable":true,"href":"http:\/\/dsrmedios.com.ar\/diario\/wp-json\/wp\/v2\/categories?post=38416"},{"taxonomy":"post_tag","embeddable":true,"href":"http:\/\/dsrmedios.com.ar\/diario\/wp-json\/wp\/v2\/tags?post=38416"}],"curies":[{"name":"wp","href":"https:\/\/api.w.org\/{rel}","templated":true}]}}