{"id":38406,"date":"2023-08-23T09:31:09","date_gmt":"2023-08-23T12:31:09","guid":{"rendered":"http:\/\/dsrmedios.com.ar\/diario\/?p=38406"},"modified":"2023-08-23T09:31:11","modified_gmt":"2023-08-23T12:31:11","slug":"nueva-marca-turistica-para-carhue","status":"publish","type":"post","link":"http:\/\/dsrmedios.com.ar\/diario\/archivos\/38406","title":{"rendered":"<strong>Nueva Marca Tur\u00edstica para Carhu\u00e9<\/strong>"},"content":{"rendered":"\n<p>La Municipalidad de Adolfo Alsina presenta al p\u00fablico, para su elecci\u00f3n, las dos propuestas para la Nueva Marca Tur\u00edstica que surgieron luego del trabajo realizado en el Proyecto de Redise\u00f1o de Marca y digitalizaci\u00f3n de los atractivos tur\u00edsticos del Plan Estrat\u00e9gico Participativo Sustentable Carhu\u00e9 2030.<\/p>\n\n\n\n<p>Para su realizaci\u00f3n se llevaron a cabo m\u00e1s de 300 encuestas a turistas, m\u00e1s de 70 encuestas a residentes, dos talleres presenciales, tres talleres online y cuatro talleres online de validaci\u00f3n.<\/p>\n\n\n\n<p>La elecci\u00f3n de la marca definitiva se realizar\u00e1 a trav\u00e9s del voto de la comunidad en general, que podr\u00e1 hacerlo a trav\u00e9s de un formulario creado para tal fin, el&nbsp;Intendente,&nbsp;la&nbsp;Secretar\u00eda de&nbsp;Turismo,&nbsp;los concejales,&nbsp;los&nbsp;Medios de Comunicaci\u00f3n de Carhu\u00e9,&nbsp;y la&nbsp;&nbsp;Asociaci\u00f3n de Hoteles.En caso de empate se tomar\u00e1 el voto del Poder&nbsp;Ejecutivo como doble.<\/p>\n\n\n\n<p>Para elegirla los interesados en participar deben ingresar en:&nbsp;<a href=\"https:\/\/adolfoalsina.us15.list-manage.com\/track\/click?u=5353644e475fca32bed1d20f8&amp;id=1eff8e43d3&amp;e=e41d8bec1e\" target=\"_blank\" rel=\"noreferrer noopener\">www.adolfoalsina.gov.ar\/marca<\/a>&nbsp;hay&nbsp;tiempo hasta el 29&nbsp;de agosto pr\u00f3ximo.<\/p>\n\n\n\n<p>La elecci\u00f3n permite seguir potenciando el Plan Estrat\u00e9gico Participativo Sustentable Carhu\u00e9 2030.<\/p>\n","protected":false},"excerpt":{"rendered":"<div class=\"mh-excerpt\"><p>La Municipalidad de Adolfo Alsina presenta al p\u00fablico, para su elecci\u00f3n, las dos propuestas para la Nueva Marca Tur\u00edstica que surgieron luego del trabajo realizado en el Proyecto de Redise\u00f1o de Marca y digitalizaci\u00f3n de los atractivos tur\u00edsticos del Plan Estrat\u00e9gico Participativo Sustentable Carhu\u00e9 2030. Para su realizaci\u00f3n se llevaron a cabo m\u00e1s de 300 encuestas a turistas, m\u00e1s de 70 encuestas a residentes, dos talleres presenciales, tres talleres online y cuatro talleres online de validaci\u00f3n. La elecci\u00f3n de la marca definitiva se realizar\u00e1 a trav\u00e9s del voto de la comunidad en general, que podr\u00e1 hacerlo a trav\u00e9s de un <a class=\"mh-excerpt-more\" href=\"http:\/\/dsrmedios.com.ar\/diario\/archivos\/38406\" title=\"Nueva Marca Tur\u00edstica para Carhu\u00e9\">[Leer m\u00e1s]<\/a><\/p>\n<\/div>","protected":false},"author":8,"featured_media":38413,"comment_status":"open","ping_status":"closed","sticky":false,"template":"","format":"standard","meta":{"_jetpack_newsletter_access":""},"categories":[18,31,5],"tags":[],"jetpack_featured_media_url":"http:\/\/dsrmedios.com.ar\/diario\/wp-content\/uploads\/2023\/08\/WhatsApp-Image-2023-08-23-at-09.20.50.jpeg","jetpack_sharing_enabled":true,"jetpack_shortlink":"https:\/\/wp.me\/p9fihK-9Zs","_links":{"self":[{"href":"http:\/\/dsrmedios.com.ar\/diario\/wp-json\/wp\/v2\/posts\/38406"}],"collection":[{"href":"http:\/\/dsrmedios.com.ar\/diario\/wp-json\/wp\/v2\/posts"}],"about":[{"href":"http:\/\/dsrmedios.com.ar\/diario\/wp-json\/wp\/v2\/types\/post"}],"author":[{"embeddable":true,"href":"http:\/\/dsrmedios.com.ar\/diario\/wp-json\/wp\/v2\/users\/8"}],"replies":[{"embeddable":true,"href":"http:\/\/dsrmedios.com.ar\/diario\/wp-json\/wp\/v2\/comments?post=38406"}],"version-history":[{"count":1,"href":"http:\/\/dsrmedios.com.ar\/diario\/wp-json\/wp\/v2\/posts\/38406\/revisions"}],"predecessor-version":[{"id":38414,"href":"http:\/\/dsrmedios.com.ar\/diario\/wp-json\/wp\/v2\/posts\/38406\/revisions\/38414"}],"wp:featuredmedia":[{"embeddable":true,"href":"http:\/\/dsrmedios.com.ar\/diario\/wp-json\/wp\/v2\/media\/38413"}],"wp:attachment":[{"href":"http:\/\/dsrmedios.com.ar\/diario\/wp-json\/wp\/v2\/media?parent=38406"}],"wp:term":[{"taxonomy":"category","embeddable":true,"href":"http:\/\/dsrmedios.com.ar\/diario\/wp-json\/wp\/v2\/categories?post=38406"},{"taxonomy":"post_tag","embeddable":true,"href":"http:\/\/dsrmedios.com.ar\/diario\/wp-json\/wp\/v2\/tags?post=38406"}],"curies":[{"name":"wp","href":"https:\/\/api.w.org\/{rel}","templated":true}]}}