{"id":38382,"date":"2023-08-22T20:20:53","date_gmt":"2023-08-22T23:20:53","guid":{"rendered":"http:\/\/dsrmedios.com.ar\/diario\/?p=38382"},"modified":"2023-08-22T20:20:56","modified_gmt":"2023-08-22T23:20:56","slug":"la-casa-rosada-denuncio-que-hay-grupos-que-buscan-incentivar-saqueos-y-milei-los-atribuyo-al-modelo-empobrecedor-del-gobierno","status":"publish","type":"post","link":"http:\/\/dsrmedios.com.ar\/diario\/archivos\/38382","title":{"rendered":"La Casa Rosada denunci\u00f3 que hay grupos que buscan incentivar saqueos y Milei los atribuy\u00f3 al \u201cmodelo empobrecedor\u201d del Gobierno"},"content":{"rendered":"\n<p>En medio de una seguidilla de intentos de saqueos y robos en comercios de Mendoza, C\u00f3rdoba y la ciudad de Buenos Aires, el Gobierno aclar\u00f3 este martes que son \u201cactos delictivos\u201d protagonizados por grupos que buscan \u201c<strong>incentivar<\/strong>\u201d conflictos, mientras que el candidato presidencial de La Libertad Avanza,<strong>\u00a0Javier Milei<\/strong>, cuestion\u00f3 los hechos y sostuvo que se trata de otra \u201ccara de la misma moneda\u201d de\u00a0<strong>\u201ceste modelo empobrecedor\u201d<\/strong>.<a rel=\"noreferrer noopener\" href=\"https:\/\/www.infobae.com\/teleshow\/2023\/08\/22\/marixa-balli-cerro-su-local-de-ropa-por-temor-a-posibles-saqueos-en-flores-esta-explotado-el-pais\/\" target=\"_blank\"><\/a><a rel=\"noreferrer noopener\" href=\"https:\/\/www.infobae.com\/politica\/2023\/08\/22\/bullrich-reune-a-economistas-de-jxc-para-disputar-con-milei-y-prepara-una-foto-con-dirigentes-de-todo-el-pais\/\" target=\"_blank\"><\/a><\/p>\n\n\n\n<p>Seg\u00fan detallaron a&nbsp;<strong>Infobae&nbsp;<\/strong>desde la Casa Rosada, los robos son iniciados por&nbsp;<strong>cadenas de WhatsApp<\/strong>. \u201cLos que participan, en forma directa o indirecta, son personas que tuvieron problemas con la ley. Tienen antecedentes\u201d, aseguraron.<\/p>\n\n\n\n<p>Adem\u00e1s, descartan que los hechos tengan alg\u00fan tipo de relaci\u00f3n con los resultados de las elecciones PASO del domingo 13 de agosto. \u201c<strong>No es una reacci\u00f3n social<\/strong>\u201d, plantearon y los calificaron como \u201c<strong>hechos delictivos aislados<\/strong>\u201d. De todos modos, desde el Gobierno aclararon que se encuentran&nbsp;<strong>monitoreando la situaci\u00f3n<\/strong>&nbsp;para evitar que se genere un&nbsp;<strong>efecto contagio.<\/strong><\/p>\n\n\n\n<p>Las dos caras de la misma moneda. Es tr\u00e1gico volver a ver luego de 20 a\u00f1os las mismas im\u00e1genes de saqueos que ve\u00edamos en el 2001. Pobreza y saqueos son dos caras de la misma moneda.<strong>&nbsp;La Argentina no resiste m\u00e1s este modelo empobrecedor que se sostiene por la fuerza de quienes viven a costa del esfuerzo de los argentinos de bien<\/strong>\u201d, escribi\u00f3 Milei.<\/p>\n\n\n\n<p><img decoding=\"async\" loading=\"lazy\" alt=\"El mensaje del l\u00edder de La Libertad Avanza\" height=\"573\" width=\"879\" src=\"https:\/\/www.infobae.com\/new-resizer\/mcDB2V7otm5xC4f-tHUIt4Nbx0s=\/arc-anglerfish-arc2-prod-infobae\/public\/ITXEMC7MVZECNNMUP6DSUGDDV4.png\" srcset=\"https:\/\/www.infobae.com\/new-resizer\/VVq6Mvycm76qBlKTTdgt0d_l5HQ=\/420x280\/filters:format(webp):quality(85)\/cloudfront-us-east-1.images.arcpublishing.com\/infobae\/ITXEMC7MVZECNNMUP6DSUGDDV4.png 420w,https:\/\/www.infobae.com\/new-resizer\/xSxtFbRnwxyFaJ6gfcUNDYDXGWI=\/768x512\/filters:format(webp):quality(85)\/cloudfront-us-east-1.images.arcpublishing.com\/infobae\/ITXEMC7MVZECNNMUP6DSUGDDV4.png 768w,https:\/\/www.infobae.com\/new-resizer\/_wFQlOrs5WJG3km7kjtr-y2bpxM=\/992x661\/filters:format(webp):quality(85)\/cloudfront-us-east-1.images.arcpublishing.com\/infobae\/ITXEMC7MVZECNNMUP6DSUGDDV4.png 992w,https:\/\/www.infobae.com\/new-resizer\/KwyZi7g9iRAw1eaQm-eQZUPHVsY=\/1200x800\/filters:format(webp):quality(85)\/cloudfront-us-east-1.images.arcpublishing.com\/infobae\/ITXEMC7MVZECNNMUP6DSUGDDV4.png 1200w,https:\/\/www.infobae.com\/new-resizer\/eLXdeBr1OUms008ZjEB6lLKjCbw=\/1440x960\/filters:format(webp):quality(85)\/cloudfront-us-east-1.images.arcpublishing.com\/infobae\/ITXEMC7MVZECNNMUP6DSUGDDV4.png 1440w\">El mensaje del l\u00edder de La Libertad Avanza<\/p>\n\n\n\n<p>El dirigente opositor se expres\u00f3 de esta manera a trav\u00e9s de un mensaje que public\u00f3 en su cuenta de Twitter, el cual cerr\u00f3 con su slogan de que \u201cuna Argentina distinta es imposible con los mismos de siempre\u201d y su cl\u00e1sico \u201cviva la libertad, carajo\u201d.<\/p>\n\n\n\n<p>M\u00e1s temprano, el ministro de Seguridad,\u00a0<strong>An\u00edbal Fern\u00e1ndez<\/strong>, detall\u00f3 a la prensa: \u201cAlguien lo\u00a0<strong>est\u00e1 incentivando, buscando alguna alternativa\u00a0<\/strong>que nada tiene que ver con un saqueo, que es una vocaci\u00f3n de generar un conflicto\u201d.<\/p>\n\n\n\n<p>\u201cNosotros desde la semana pasada tenemos detectado alg\u00fan intento de armar a trav\u00e9s de WhatsApp hechos de alguna caracter\u00edstica y los hemos seguido en algunas provincias\u201d, dijo. Y agreg\u00f3: \u201cSon actos delictivos para traer m\u00e1s&nbsp;<strong>confusi\u00f3n&nbsp;<\/strong>y generar conflicto; no hay otra cosa; no han sido saqueos, buscan provocar una acci\u00f3n para llamar la atenci\u00f3n\u201d.<\/p>\n\n\n\n<p><img decoding=\"async\" loading=\"lazy\" alt=\"El jefe de Gabinete y candidato a vicepresidente de Uni\u00f3n por la Patria (UxP), Agust\u00edn Rossi\n\" height=\"432\" width=\"740\" src=\"https:\/\/www.infobae.com\/new-resizer\/P4J6Q_znQyhxE7vUumZFH9fTLh0=\/arc-anglerfish-arc2-prod-infobae\/public\/7THRIBPLBJDPRLBLK367PE4AHU.png\" srcset=\"https:\/\/www.infobae.com\/new-resizer\/eZyF_L4QZ4ObWvLMSAk0mBIU8bg=\/992x606\/filters:format(webp):quality(85)\/cloudfront-us-east-1.images.arcpublishing.com\/infobae\/7THRIBPLBJDPRLBLK367PE4AHU.png 992w\">El jefe de Gabinete y candidato a vicepresidente de Uni\u00f3n por la Patria (UxP), Agust\u00edn Rossi<\/p>\n\n\n\n<p>Por su parte, el jefe de Gabinete,&nbsp;<strong>Agust\u00edn Rossi<\/strong>, expres\u00f3: \u201cEstuvimos al tanto el mismo viernes: pas\u00f3 primero en Mendoza y luego en R\u00edo Cuarto y anoche en la 1.11.14 (en la ciudad de Buenos Aires)\u201d.<\/p>\n\n\n\n<p>\u201cEn todos los casos se est\u00e1 trabajando desde el Ministerio de Seguridad de la Naci\u00f3n y provinciales. Hay&nbsp;<strong>detenidos&nbsp;<\/strong>por la autoridad policial y judicial, y muchos de los organizadores son ciudadanos que ten\u00edan antecedentes. No vemos en eso una reacci\u00f3n social sino hechos que merecen todo el peso de la ley\u201d, detall\u00f3 el candidato a vicepresidente.<\/p>\n\n\n\n<p>Luego del mensaje de Milei, la portavoz de la Presidencia,&nbsp;<strong>Gabriela Cerruti<\/strong>, responsabiliz\u00f3 al dirigente opositor por lo ocurrido y asegur\u00f3 que \u201clas im\u00e1genes que est\u00e1n circulando en las redes son falsas, publicadas en cuentas que claramente son seguidores o empleados\u201d del economista liberal.<\/p>\n\n\n\n<p>\u201cNo hay tales saqueos: hay rumores y agitaci\u00f3n a trav\u00e9s de grupos de Whatssapp porque son profundamente antidem\u00f3craticos y quieren desestabilizar. Durante todo el fin de semana en varias provincias y hoy mismo en la ciudad de Buenos Aires trataron de generar miedo e incertidumbre entre comerciantes y vecinos.<strong>&nbsp;Corriendo entre los locales, mandando mensajes por grupos y en algunos casos cometiendo claramente delitos<\/strong>\u201d, advirti\u00f3.<\/p>\n\n\n\n<p><img decoding=\"async\" loading=\"lazy\" alt=\"La respuesta de la Portavoz\" height=\"625\" width=\"894\" src=\"https:\/\/www.infobae.com\/new-resizer\/PbSMhhjPjZB2jRGY3rDDNxycXeo=\/arc-anglerfish-arc2-prod-infobae\/public\/AGPTYJHLU5CMLNQ4LFXPXD4K3U.png\" srcset=\"https:\/\/www.infobae.com\/new-resizer\/f3gDjBYMfiRtGoOLDQnDGiyduUM=\/420x280\/filters:format(webp):quality(85)\/cloudfront-us-east-1.images.arcpublishing.com\/infobae\/AGPTYJHLU5CMLNQ4LFXPXD4K3U.png 420w,https:\/\/www.infobae.com\/new-resizer\/XKn1WsVkD8TsclMgAtPD9hxl6PU=\/768x512\/filters:format(webp):quality(85)\/cloudfront-us-east-1.images.arcpublishing.com\/infobae\/AGPTYJHLU5CMLNQ4LFXPXD4K3U.png 768w,https:\/\/www.infobae.com\/new-resizer\/tx_qLbm8OBa1FHoqG81CXqEey1M=\/992x661\/filters:format(webp):quality(85)\/cloudfront-us-east-1.images.arcpublishing.com\/infobae\/AGPTYJHLU5CMLNQ4LFXPXD4K3U.png 992w,https:\/\/www.infobae.com\/new-resizer\/O76GdFKpWhXx5TFi3Ed0pWwELdI=\/1200x800\/filters:format(webp):quality(85)\/cloudfront-us-east-1.images.arcpublishing.com\/infobae\/AGPTYJHLU5CMLNQ4LFXPXD4K3U.png 1200w,https:\/\/www.infobae.com\/new-resizer\/X_tZME90ny924Wy7biDeG0RawqA=\/1440x960\/filters:format(webp):quality(85)\/cloudfront-us-east-1.images.arcpublishing.com\/infobae\/AGPTYJHLU5CMLNQ4LFXPXD4K3U.png 1440w\">La respuesta de la Portavoz<\/p>\n\n\n\n<p>En este sentido, la funcionaria consider\u00f3 que cuando Milei publica el mensaje en su cuenta de Twitter, \u201csale a cerrar la operaci\u00f3n dejando todo claro\u201d y demostrando, seg\u00fan su visi\u00f3n, que \u201cestas cuentas que est\u00e1n agitando desde el viernes son de sus seguidores\u201d.<\/p>\n\n\n\n<p>\u201cLa democracia es un bien de todos y todas, y vamos a defenderla contra estos autoritarios y violentos. No importa el signo pol\u00edtico: los gobernadores en todas las provincias han advertido que son acciones pol\u00edticas y criminales instigadas desde este sector. Las fuerzas de seguridad nacional y provinciales est\u00e1n garantizando el orden y la tranquilidad, y van a seguir haci\u00e9ndolo\u201d, agreg\u00f3.<\/p>\n\n\n\n<p>Por \u00faltimo, Cerruti anticip\u00f3 que \u201csi hay delincuentes, ir\u00e1n presos\u201d y que \u201csi hay desestabilizadores y golpistas, tendr\u00e1n la respuesta de toda la sociedad que los repudia\u201d.<\/p>\n\n\n\n<p>Poco despu\u00e9s, el candidato presidencial volvi\u00f3 a hablar del tema: \u201cEl liberalismo es el respeto irrestricto del proyecto de vida del pr\u00f3jimo,<strong>&nbsp;basado en el principio de no agresi\u00f3n y en defensa del derecho a la vida, a la libertad y a la propiedad. Si bien la situaci\u00f3n es delicada, ello no avala la violencia.&nbsp;<\/strong>Si entendemos que una Argentina distinta es imposible con los mismos de siempre, gran parte de la soluci\u00f3n est\u00e1 cerca\u201d, cuestion\u00f3.<\/p>\n\n\n\n<h2>El caso de Mendoza<\/h2>\n\n\n\n<p><img decoding=\"async\" loading=\"lazy\" alt=\"El supermercado Atomo de Las Heras que fue foco de conflictos (Google Maps)\n\" height=\"720\" width=\"1300\" src=\"https:\/\/www.infobae.com\/new-resizer\/HFM4xvfDRpfwvLeQinFTcTe7lHk=\/arc-anglerfish-arc2-prod-infobae\/public\/MHVRW2TMCFB7XBCLLDRWIDDWKA.jpg\" srcset=\"https:\/\/www.infobae.com\/new-resizer\/Vj0AgBOIV-DpbsTwCd2Nh2jf3zI=\/420x236\/filters:format(webp):quality(85)\/cloudfront-us-east-1.images.arcpublishing.com\/infobae\/MHVRW2TMCFB7XBCLLDRWIDDWKA.jpg 420w,https:\/\/www.infobae.com\/new-resizer\/_tuTuGiPwsIpq7r8quApXqd7ev4=\/768x432\/filters:format(webp):quality(85)\/cloudfront-us-east-1.images.arcpublishing.com\/infobae\/MHVRW2TMCFB7XBCLLDRWIDDWKA.jpg 768w,https:\/\/www.infobae.com\/new-resizer\/SbrgJPkHhtZJOsoGDGO1g5zn604=\/992x558\/filters:format(webp):quality(85)\/cloudfront-us-east-1.images.arcpublishing.com\/infobae\/MHVRW2TMCFB7XBCLLDRWIDDWKA.jpg 992w,https:\/\/www.infobae.com\/new-resizer\/6vM3-T4I4o5fi40tR9hqnXkDNA0=\/1200x675\/filters:format(webp):quality(85)\/cloudfront-us-east-1.images.arcpublishing.com\/infobae\/MHVRW2TMCFB7XBCLLDRWIDDWKA.jpg 1200w,https:\/\/www.infobae.com\/new-resizer\/92l5VYPiK_E3o1SiwE9rg-Wk12I=\/1440x810\/filters:format(webp):quality(85)\/cloudfront-us-east-1.images.arcpublishing.com\/infobae\/MHVRW2TMCFB7XBCLLDRWIDDWKA.jpg 1440w\">El supermercado Atomo de Las Heras que fue foco de conflictos (Google Maps)<\/p>\n\n\n\n<p>El pasado viernes, la Polic\u00eda de Mendoza detuvo a unas 19 personas por intentar cometer saqueos en los municipios de Las Heras y Rivadavia. Los involucrados formar\u00edan parte de una banda que organizaba este tipo de maniobras.<\/p>\n\n\n\n<p>Los mensajes que fomentaban llevar adelante estos robos comenzaron a circular el jueves por la aplicaci\u00f3n de mensajer\u00eda WhatsApp, lo que oblig\u00f3 a las autoridades a permanecer bajo alerta desde la jornada del 17 de agosto. Adem\u00e1s, se difundi\u00f3 un video de un saqueo en uno de los supermercados de la zona, pero luego se supo que se trataba de im\u00e1genes viejas.<\/p>\n\n\n\n<p>En paralelo, el personal de<strong>&nbsp;Delitos Tecnol\u00f3gicos de la Polic\u00eda de Mendoza<\/strong>&nbsp;comenz\u00f3 la investigaci\u00f3n correspondiente para poder desarticular estos intentos de disturbios, por lo que llev\u00f3 a cabo una serie de allanamientos.<\/p>\n\n\n\n<p>De esta manera, pudieron dar con uno de los sospechosos, identificado como\u00a0<strong>Leonardo Brian Gil Arce<\/strong>, a quien se le secuestraron algunos tel\u00e9fonos celulares. Este hombre era investigado por \u201c<strong>instigaci\u00f3n a la violencia<\/strong>\u201d, puesto que fue se\u00f1alado como el creador del grupo de mensajer\u00eda donde se organizaban los robos de este tipo en distintos supermercados de Rivadavia.<\/p>\n\n\n\n<p>Fuente: Infobae<\/p>\n","protected":false},"excerpt":{"rendered":"<div class=\"mh-excerpt\"><p>En medio de una seguidilla de intentos de saqueos y robos en comercios de Mendoza, C\u00f3rdoba y la ciudad de Buenos Aires, el Gobierno aclar\u00f3 este martes que son \u201cactos delictivos\u201d protagonizados por grupos que buscan \u201cincentivar\u201d conflictos, mientras que el candidato presidencial de La Libertad Avanza,\u00a0Javier Milei, cuestion\u00f3 los hechos y sostuvo que se trata de otra \u201ccara de la misma moneda\u201d de\u00a0\u201ceste modelo empobrecedor\u201d. Seg\u00fan detallaron a&nbsp;Infobae&nbsp;desde la Casa Rosada, los robos son iniciados por&nbsp;cadenas de WhatsApp. \u201cLos que participan, en forma directa o indirecta, son personas que tuvieron problemas con la ley. Tienen antecedentes\u201d, aseguraron. Adem\u00e1s, descartan <a class=\"mh-excerpt-more\" href=\"http:\/\/dsrmedios.com.ar\/diario\/archivos\/38382\" title=\"La Casa Rosada denunci\u00f3 que hay grupos que buscan incentivar saqueos y Milei los atribuy\u00f3 al \u201cmodelo empobrecedor\u201d del Gobierno\">[Leer m\u00e1s]<\/a><\/p>\n<\/div>","protected":false},"author":8,"featured_media":38383,"comment_status":"open","ping_status":"closed","sticky":false,"template":"","format":"standard","meta":{"_jetpack_newsletter_access":""},"categories":[6],"tags":[],"jetpack_featured_media_url":"http:\/\/dsrmedios.com.ar\/diario\/wp-content\/uploads\/2023\/08\/descarga-63.jpg","jetpack_sharing_enabled":true,"jetpack_shortlink":"https:\/\/wp.me\/p9fihK-9Z4","_links":{"self":[{"href":"http:\/\/dsrmedios.com.ar\/diario\/wp-json\/wp\/v2\/posts\/38382"}],"collection":[{"href":"http:\/\/dsrmedios.com.ar\/diario\/wp-json\/wp\/v2\/posts"}],"about":[{"href":"http:\/\/dsrmedios.com.ar\/diario\/wp-json\/wp\/v2\/types\/post"}],"author":[{"embeddable":true,"href":"http:\/\/dsrmedios.com.ar\/diario\/wp-json\/wp\/v2\/users\/8"}],"replies":[{"embeddable":true,"href":"http:\/\/dsrmedios.com.ar\/diario\/wp-json\/wp\/v2\/comments?post=38382"}],"version-history":[{"count":1,"href":"http:\/\/dsrmedios.com.ar\/diario\/wp-json\/wp\/v2\/posts\/38382\/revisions"}],"predecessor-version":[{"id":38384,"href":"http:\/\/dsrmedios.com.ar\/diario\/wp-json\/wp\/v2\/posts\/38382\/revisions\/38384"}],"wp:featuredmedia":[{"embeddable":true,"href":"http:\/\/dsrmedios.com.ar\/diario\/wp-json\/wp\/v2\/media\/38383"}],"wp:attachment":[{"href":"http:\/\/dsrmedios.com.ar\/diario\/wp-json\/wp\/v2\/media?parent=38382"}],"wp:term":[{"taxonomy":"category","embeddable":true,"href":"http:\/\/dsrmedios.com.ar\/diario\/wp-json\/wp\/v2\/categories?post=38382"},{"taxonomy":"post_tag","embeddable":true,"href":"http:\/\/dsrmedios.com.ar\/diario\/wp-json\/wp\/v2\/tags?post=38382"}],"curies":[{"name":"wp","href":"https:\/\/api.w.org\/{rel}","templated":true}]}}