{"id":38368,"date":"2023-08-22T10:35:46","date_gmt":"2023-08-22T13:35:46","guid":{"rendered":"http:\/\/dsrmedios.com.ar\/diario\/?p=38368"},"modified":"2023-08-22T10:35:50","modified_gmt":"2023-08-22T13:35:50","slug":"despues-de-una-tensa-negociacion-las-paso-y-la-devaluacion-massa-llega-a-washington-para-reunirse-con-el-fmi","status":"publish","type":"post","link":"http:\/\/dsrmedios.com.ar\/diario\/archivos\/38368","title":{"rendered":"Despu\u00e9s de una tensa negociaci\u00f3n, las PASO y la devaluaci\u00f3n, Massa llega a Washington para reunirse con el FMI"},"content":{"rendered":"\n<p><em><strong>Desde Washington, EEUU &#8211;\u00a0<\/strong><\/em>\u201cEn tres semanas estar\u00e1 listo\u201d, estim\u00f3 un alto funcionario del equipo econ\u00f3mico que encabeza<strong>\u00a0Sergio Massa<\/strong>. \u201cO antes\u2026\u201d, se anim\u00f3 a pronosticar otro. La charla se dio en el caf\u00e9 de un hotel de esta ciudad a pocas cuadras de la Casa Blanca, a mediados de abril. Pocas horas despu\u00e9s, y en medio de muchas dudas sobre el cumplimiento del programa vigente con el Fondo Monetario Internacional, el ministro \u2013que no era candidato a\u00fan\u2013 confirm\u00f3 un recalibramiento completo acordado con la c\u00fapula del organismo por el impacto de la sequ\u00eda en los n\u00fameros de la econom\u00eda local. \u201cEst\u00e1 todo sobre la mesa, vamos a modificar todo lo que sea necesario\u201d, dijeron los funcionarios argentinos y en ese mismo momento se comenz\u00f3 a hablar de un<em>\u00a0front load<\/em>: el adelantamiento completo para junio de las tres cuotas que deb\u00eda recibir el pa\u00eds en 2023 \u2013poco m\u00e1s de USD 10.000 millones\u2013, y con un porcentaje de ese monto que iba a poder usarse para controlar a los d\u00f3lares alternativos. Nada de eso ocurri\u00f3.<\/p>\n\n\n\n<p>El salvavidas para la muy golpeada macro argentina no lleg\u00f3 ni tan r\u00e1pido ni tan f\u00e1cil como calcularon en Econom\u00eda. Fueron poco m\u00e1s de tres meses de una intensa y ardua negociaci\u00f3n virtual y presencial. \u201cFue muy desgastante, feroz por momentos\u201d, la describi\u00f3 alguien con oficina en el Palacio de Hacienda. Y tom\u00f3 un mes m\u00e1s para que el ministro y ahora s\u00ed candidato presidencial de Uni\u00f3n por la Patria volviera a esta ciudad, luego de las PASO y de la conformaci\u00f3n de un escenario electoral de tercios con<strong>&nbsp;Javier Milei&nbsp;<\/strong>como emergente y centro de la escena, al menos hasta el momento.<\/p>\n\n\n\n<p>En esos d\u00edas, representantes econ\u00f3micos del candidato libertario y de&nbsp;<strong>Patricia Bullrich&nbsp;<\/strong>con sus asesores tuvieron encuentros virtuales con el FMI. El libertario present\u00f3 su programa y, adem\u00e1s,&nbsp;<a rel=\"noreferrer noopener\" href=\"https:\/\/www.infobae.com\/economia\/2023\/08\/18\/javier-milei-le-prometio-al-fmi-que-si-es-presidente-va-pagar-la-deuda-y-que-no-habra-default-con-los-acreedores-privados\/\" target=\"_blank\">prometi\u00f3 no defaultear ni la deuda con el organismo ni con los privados.<\/a>&nbsp;En despachos oficiales se dice que el discurso de ambos opositores ante el FMI no fue el mismo. Aseguran que los asesores de Bullrich, con Luciano Laspina a la cabeza, fueron tajantes ante los funcionarios del Fondo: \u201cNo les den nada\u201d. Por el contrario, Milei se mostr\u00f3 a favor de que la Argentina reciba m\u00e1s dinero en base a que eso mejorar\u00eda la estabilidad del escenario en una eventual llegada suya al Gobierno.<\/p>\n\n\n\n<h2>Agenda<\/h2>\n\n\n\n<p>Massa llega a DC a buscar los d\u00f3lares que el Fondo le prometi\u00f3 luego de obligarlo a hacer un salto cambiario. seg\u00fan declar\u00f3 la semana pasada. El desembolso llegar\u00e1 en dos partes y \u00e9l conf\u00eda que podr\u00eda recibir \u201calgo m\u00e1s\u201d. As\u00ed, en este mes de agosto llegar\u00e1 un giro que rondar\u00eda los USD 7.500 millones, aunque en Econom\u00eda conf\u00edan en que podr\u00eda ser finalmente USD 8.000 millones. Luego, en noviembre, otros USD 2.500 millones que podr\u00edan terminar siendo USD 2.750 millones. En total, USD 750 millones \u201cextra\u201d.<\/p>\n\n\n\n<p><img decoding=\"async\" loading=\"lazy\" alt=\"Sergio Massa y Juan Gonz\u00e1lez\" height=\"2365\" width=\"3548\" src=\"https:\/\/www.infobae.com\/new-resizer\/FSXr7jWGXjSMO7Jrwaer6jaZpXM=\/arc-anglerfish-arc2-prod-infobae\/public\/XT2E2Q65MBHRXN7QEQFP73COUA.jpg\" srcset=\"https:\/\/www.infobae.com\/new-resizer\/AgiKq5XKFpVltgpskSTHO2ML3MU=\/420x280\/filters:format(webp):quality(85)\/cloudfront-us-east-1.images.arcpublishing.com\/infobae\/XT2E2Q65MBHRXN7QEQFP73COUA.jpg 420w,https:\/\/www.infobae.com\/new-resizer\/AZIp9nXKX80Mm97Izx-PZfpTg34=\/768x512\/filters:format(webp):quality(85)\/cloudfront-us-east-1.images.arcpublishing.com\/infobae\/XT2E2Q65MBHRXN7QEQFP73COUA.jpg 768w,https:\/\/www.infobae.com\/new-resizer\/uYJTTKwiEMbANvE9tTM51kLhRkk=\/992x661\/filters:format(webp):quality(85)\/cloudfront-us-east-1.images.arcpublishing.com\/infobae\/XT2E2Q65MBHRXN7QEQFP73COUA.jpg 992w,https:\/\/www.infobae.com\/new-resizer\/hsF78O4OClpGN_9BZ6Yrgdf3bKY=\/1200x800\/filters:format(webp):quality(85)\/cloudfront-us-east-1.images.arcpublishing.com\/infobae\/XT2E2Q65MBHRXN7QEQFP73COUA.jpg 1200w,https:\/\/www.infobae.com\/new-resizer\/RpqoqSEPr10PdQ4ZYcpnCTYtDWk=\/1440x960\/filters:format(webp):quality(85)\/cloudfront-us-east-1.images.arcpublishing.com\/infobae\/XT2E2Q65MBHRXN7QEQFP73COUA.jpg 1440w\">Sergio Massa y Juan Gonz\u00e1lez<\/p>\n\n\n\n<p>Alguien que qued\u00f3 completamente fuera de la negociaci\u00f3n es&nbsp;<strong>Sergio Chodos<\/strong>, quien sigue siendo el representante argentino en el FMI y figura a\u00fan como segundo del&nbsp;<em>executive director<\/em>&nbsp;de la regi\u00f3n sur del continente, que integran Argentina, Chile, Bolivia, Paraguay, Per\u00fa y Uruguay, el chileno<strong>&nbsp;Luis Herrera Barriga<\/strong>.<\/p>\n\n\n\n<p>\u201cChodos est\u00e1 corrido, s\u00f3lo cumple tareas administrativas. La negociaci\u00f3n con el FMI la encabeza una sola persona, Leo Madcur. El resto, obedece\u201d, asegur\u00f3 una fuente calificada del Palacio de Hacienda en referencia a<strong>&nbsp;Leonardo Madcur<\/strong>, jefe de asesores de Massa. \u201cChodos fue, era un hombre de Guzm\u00e1n\u201d, defini\u00f3 con m\u00e1s crudeza otro funcionario.<\/p>\n\n\n\n<p>La \u00faltima aparici\u00f3n p\u00fablica de Chodos fue en abril, cuando trat\u00f3 a economistas de la oposici\u00f3n de \u201cantipatrias\u201d y los acus\u00f3 de pedirle al Fondo que no ayuden a la Argentina hasta que no est\u00e9 en funciones el pr\u00f3ximo gobierno. El director del FMI no respondi\u00f3 los mensajes de&nbsp;<strong>Infobae<\/strong>.<\/p>\n\n\n\n<p><a rel=\"noreferrer noopener\" href=\"https:\/\/www.infobae.com\/economia\/2023\/08\/20\/sergio-massa-va-eeuu-a-buscar-los-dolares-del-fmi-y-a-explicarle-al-gobierno-de-biden-por-que-es-una-mejor-opcion-que-milei\/\" target=\"_blank\">Como adelant\u00f3 ayer este medio<\/a>, Massa tambi\u00e9n mantendr\u00e1 en esta ciudad reuniones de alto nivel diplom\u00e1tico con funcionarios del gobierno de&nbsp;<strong>Joe Biden<\/strong>, con organismos multilaterales y de regreso har\u00e1 una escala en Asunci\u00f3n para tener un encuentro bilateral con&nbsp;<strong>Santiago Pe\u00f1a<\/strong>, el nuevo presidente de Paraguay.<\/p>\n\n\n\n<p><img decoding=\"async\" loading=\"lazy\" alt=\"Massa, Leonardo Madcur y Guillermo Michel, en Washington a comienzos de este a\u00f1o\" height=\"1080\" width=\"1920\" src=\"https:\/\/www.infobae.com\/new-resizer\/SP-GdKyIXyc1pwxDy3X5z72Sci4=\/arc-anglerfish-arc2-prod-infobae\/public\/O2NXLFQBHJHRTIHXRNIZCJEY7I.jpg\" srcset=\"https:\/\/www.infobae.com\/new-resizer\/wCqwp2D9ecWiZp4Qxaj8HIdJLZc=\/420x236\/filters:format(webp):quality(85)\/cloudfront-us-east-1.images.arcpublishing.com\/infobae\/O2NXLFQBHJHRTIHXRNIZCJEY7I.jpg 420w,https:\/\/www.infobae.com\/new-resizer\/JryWkznLZ9HKAWvz9eh8oaXqiHk=\/768x432\/filters:format(webp):quality(85)\/cloudfront-us-east-1.images.arcpublishing.com\/infobae\/O2NXLFQBHJHRTIHXRNIZCJEY7I.jpg 768w,https:\/\/www.infobae.com\/new-resizer\/-YdjAn9fIUajb4sE4waG5zETH4E=\/992x558\/filters:format(webp):quality(85)\/cloudfront-us-east-1.images.arcpublishing.com\/infobae\/O2NXLFQBHJHRTIHXRNIZCJEY7I.jpg 992w,https:\/\/www.infobae.com\/new-resizer\/2fe3lqbF9_LhOTZI4rmokk-rpLM=\/1200x675\/filters:format(webp):quality(85)\/cloudfront-us-east-1.images.arcpublishing.com\/infobae\/O2NXLFQBHJHRTIHXRNIZCJEY7I.jpg 1200w,https:\/\/www.infobae.com\/new-resizer\/fGygt1PYcB4pBVJNrymvCiLfd08=\/1440x810\/filters:format(webp):quality(85)\/cloudfront-us-east-1.images.arcpublishing.com\/infobae\/O2NXLFQBHJHRTIHXRNIZCJEY7I.jpg 1440w\">Massa, Leonardo Madcur y Guillermo Michel, en Washington a comienzos de este a\u00f1o<\/p>\n\n\n\n<p>Massa viaj\u00f3 con Madcur; con&nbsp;<strong>Marco Lavagna<\/strong>, encargado de la relaci\u00f3n con los bilaterales y titular del Indec; y con su responsable de Comunicaciones,&nbsp;<strong>Santiago Garc\u00eda V\u00e1zquez<\/strong>. Esta vez se quedaron en Buenos Aires delineando las medidas que se anunciar\u00e1n al regreso y que tienen que ver con paliar el impacto de la devaluaci\u00f3n \u2013suma fija, por caso\u2013, el viceministro&nbsp;<strong>Gabriel Rubinstein&nbsp;<\/strong>y&nbsp;<strong>Guillermo Michel<\/strong>, titular de la Aduana y flamante coordinador de la nueva unidad que controla los acuerdos de precios con las empresas de consumo masivo.<\/p>\n\n\n\n<p>En Econom\u00eda se habla de \u201cdos anuncios por d\u00eda\u201d a partir del regreso del ministro a Buenos Aires. Y tambi\u00e9n hay estimaciones sobre la inflaci\u00f3n de agosto menos pesimistas que la de los consultores. Esperan que el IPC no llegue a los dos d\u00edgitos, en base a los acuerdos de precios para los pr\u00f3ximos 90 d\u00edas que pusieron un tope del 5% mensual para los incrementos.<\/p>\n\n\n\n<p>Hoy martes, Massa tiene previsto reunirse con&nbsp;<strong>Anna Bjerde<\/strong>, directora gerente de Operaciones del Banco Mundial, con&nbsp;<strong>Ilan Goldfajn<\/strong>, presidente del BID y ex representante del Hemisferio Occidental del Fondo, y con&nbsp;<strong>Jay Shambaugh<\/strong>&nbsp;y<strong>&nbsp;Michael Kaplan&nbsp;<\/strong>del Tesoro Americano. Cerrar\u00e1 el d\u00eda cenando con \u201cfuncionarios americanos\u201d, dijeron en Econom\u00eda. Posiblemente ese encuentro se realice en la embajada argentina, en el siempre coqueto Dupont Circle. Si bien no fue confirmado oficialmente, dos posibles invitados son asesores de alto rango de Biden, como&nbsp;<strong>Mike Pyle<\/strong>&nbsp;y&nbsp;<strong>Juan Gonz\u00e1lez<\/strong>, ambos integrantes del Consejo Nacional de Seguridad (NSC) y de muy buena relaci\u00f3n con el tigrense.<\/p>\n\n\n\n<p>El mi\u00e9rcoles, en tanto, Massa visitar\u00e1 a&nbsp;<strong>Brian Nichols<\/strong>, el funcionario del Departamento de Estado que se encarga de los temas de Am\u00e9rica Latina. Adem\u00e1s, a la espera de la reuni\u00f3n de directorio del FMI, se reunir\u00e1 con<strong>&nbsp;Kristalina Georgieva.<\/strong><\/p>\n\n\n\n<h2>Relaci\u00f3n tirante<\/h2>\n\n\n\n<p>Luego de las PASO, Massa confirm\u00f3 que ser\u00e1 ministro hasta el 10 de diciembre. \u201cNunca suelto el tim\u00f3n en medio de una tormenta\u201d, dijo y mostr\u00f3 que buscar\u00e1 polarizar con&nbsp;<strong>Javier Milei<\/strong>. Tambi\u00e9n critic\u00f3 al FMI: record\u00f3 que el organismo volvi\u00f3 al pa\u00eds de la mano de&nbsp;<strong>Mauricio Macri<\/strong>, defini\u00f3 la renegociaci\u00f3n de&nbsp;<strong>Mart\u00edn Guzm\u00e1n<\/strong>&nbsp;\u2013\u201del ministro que huy\u00f3\u201d, seg\u00fan dijo\u2013 como un esquema \u201cmuy mal armado\u201d y afirm\u00f3 que la devaluaci\u00f3n del 20% fue una suerte de mal menor. \u201cEl FMI pidi\u00f3 100% despu\u00e9s, 60% y finalmente el acuerdo al que arribamos cerr\u00f3 en 20%. Exig\u00edan como parte de los desembolsos una actualizaci\u00f3n del tipo de cambio oficial\u201d, asegur\u00f3 Massa y revel\u00f3 que \u201cdurante un mes la negociaci\u00f3n estuvo cortada porque ellos se plantaron en el 60%\u201d.<\/p>\n\n\n\n<p><img decoding=\"async\" loading=\"lazy\" alt=\"El ministro de Econom\u00eda junto a Ilan Goldfajn, presidente del BID\" height=\"1271\" width=\"1920\" src=\"https:\/\/www.infobae.com\/new-resizer\/Miwk0c8kpbuOdNAvVC-UuK8XgMQ=\/arc-anglerfish-arc2-prod-infobae\/public\/J7LIF22XERFAJML3JUMJZYBQW4.jpg\" srcset=\"https:\/\/www.infobae.com\/new-resizer\/2spA24Vz2IwuvDvJXqrCkzvmWoY=\/420x280\/filters:format(webp):quality(85)\/cloudfront-us-east-1.images.arcpublishing.com\/infobae\/J7LIF22XERFAJML3JUMJZYBQW4.jpg 420w,https:\/\/www.infobae.com\/new-resizer\/opoE4EbSKkdsqtEFw_85kGAA9k0=\/768x512\/filters:format(webp):quality(85)\/cloudfront-us-east-1.images.arcpublishing.com\/infobae\/J7LIF22XERFAJML3JUMJZYBQW4.jpg 768w,https:\/\/www.infobae.com\/new-resizer\/KfL2_gRONXodC5a5Q7ZDLI4yQgI=\/992x661\/filters:format(webp):quality(85)\/cloudfront-us-east-1.images.arcpublishing.com\/infobae\/J7LIF22XERFAJML3JUMJZYBQW4.jpg 992w,https:\/\/www.infobae.com\/new-resizer\/beYi3gSunzrKaoOKpqLm7jkDrcQ=\/1200x800\/filters:format(webp):quality(85)\/cloudfront-us-east-1.images.arcpublishing.com\/infobae\/J7LIF22XERFAJML3JUMJZYBQW4.jpg 1200w,https:\/\/www.infobae.com\/new-resizer\/SDD9koqlKLJ7qwFraOaKBhTTyWY=\/1440x960\/filters:format(webp):quality(85)\/cloudfront-us-east-1.images.arcpublishing.com\/infobae\/J7LIF22XERFAJML3JUMJZYBQW4.jpg 1440w\">El ministro de Econom\u00eda junto a Ilan Goldfajn, presidente del BID<\/p>\n\n\n\n<p>La semana pasada, luego de conocerse el resultado de las urnas, el Fondo dijo que luego de aprobarse el acuerdo a nivel t\u00e9cnico, el 28 de julio, s\u00f3lo restaba la aprobaci\u00f3n del&nbsp;<em>board<\/em>&nbsp;(ma\u00f1ana) para hacer efectivos los desembolsos acordados. \u201cValoramos las acciones de pol\u00edticas recientes de las autoridades y el compromiso de salvaguardar la estabilidad, reconstruir las reservas y fortalecer el orden fiscal\u201d, dijo, escueta y extremadamente diplom\u00e1tica, la vocera del FMI,&nbsp;<strong>Julie Kozack<\/strong>.<\/p>\n\n\n\n<p><strong>Infobae&nbsp;<\/strong>habl\u00f3 con tres ex funcionarios del FMI sobre el contexto argentino. \u201cLa relaci\u00f3n entre Argentina y el Fondo entr\u00f3 en una nueva etapa en la cual, b\u00e1sicamente, va a haber una distancia muy importante. Me imagino que al FMI le incomoda tremendamente tener un ministro candidato\u201d, dijo&nbsp;<strong>Alejandro Werner<\/strong>, ex director del Hemisferio Occidental y quien negoci\u00f3 el cuestionado pr\u00e9stamo a Macri, en tiempos en los que la francesa&nbsp;<strong>Christine Lagarde&nbsp;<\/strong>encabezaba el organismo.<\/p>\n\n\n\n<p><img decoding=\"async\" loading=\"lazy\" alt=\"Alejandro Werner, exdirector del Departamento del Hemisferio Occidental del FMI (REUTERS\/Luisa Gonz\u00e1lez)\" height=\"533\" width=\"800\" src=\"https:\/\/www.infobae.com\/new-resizer\/V19b_YhpIHJ5B3n6EbymCPb4xsQ=\/arc-anglerfish-arc2-prod-infobae\/public\/55VB7XLECX55YRKAXP2ZGS3GOY.jpg\" srcset=\"https:\/\/www.infobae.com\/new-resizer\/Vty7SC4hQVH6MUPqcSuX0fnfL0M=\/420x280\/filters:format(webp):quality(85)\/cloudfront-us-east-1.images.arcpublishing.com\/infobae\/55VB7XLECX55YRKAXP2ZGS3GOY.jpg 420w,https:\/\/www.infobae.com\/new-resizer\/3sNptFsVRyMQypNQHBiYRt0b-kQ=\/768x512\/filters:format(webp):quality(85)\/cloudfront-us-east-1.images.arcpublishing.com\/infobae\/55VB7XLECX55YRKAXP2ZGS3GOY.jpg 768w,https:\/\/www.infobae.com\/new-resizer\/nwX2H9bEI0lTH0wIqyEvXxYmang=\/992x661\/filters:format(webp):quality(85)\/cloudfront-us-east-1.images.arcpublishing.com\/infobae\/55VB7XLECX55YRKAXP2ZGS3GOY.jpg 992w,https:\/\/www.infobae.com\/new-resizer\/04C00szdEZNcVSZfYRdWkUjw-xA=\/1200x800\/filters:format(webp):quality(85)\/cloudfront-us-east-1.images.arcpublishing.com\/infobae\/55VB7XLECX55YRKAXP2ZGS3GOY.jpg 1200w,https:\/\/www.infobae.com\/new-resizer\/SK4miOk0qf6BegV-GHTT5qtRUmA=\/1440x960\/filters:format(webp):quality(85)\/cloudfront-us-east-1.images.arcpublishing.com\/infobae\/55VB7XLECX55YRKAXP2ZGS3GOY.jpg 1440w\">Alejandro Werner, exdirector del Departamento del Hemisferio Occidental del FMI (REUTERS\/Luisa Gonz\u00e1lez)<\/p>\n\n\n\n<p>\u201cEl Fondo quiere distanciarse de las medidas que se tomen en la Argentina e intensificar el contacto con los equipos de todos los candidatos presidenciales. \u00bfA qu\u00e9 viene Massa a Washington? Claramente, el resultado de esta negociaci\u00f3n est\u00e1 muy por debajo de lo que \u00e9l hab\u00eda planteado y como ministro hay muy poco que pueda destacar, pero no deja de ser el final de una negociaci\u00f3n importante. Probablemente haya algunos pocos recursos netos provenientes de Washington, del BID y el Banco Mundial, y tal vez algo adicional del Fondo\u201d, explic\u00f3 el actual director del Georgetown Americas Institute, de la Universidad Georgetown, y&nbsp;<a rel=\"noreferrer noopener\" href=\"https:\/\/www.infobae.com\/leamos\/2023\/08\/16\/los-secretos-de-las-negociaciones-de-la-argentina-con-el-fmi-segun-uno-de-sus-protagonistas\/\" target=\"_blank\">autor del reciente libro \u201cArgentina en el Fondo\u201d<\/a>, junto a&nbsp;<strong>Mart\u00edn Kanenguiser,<\/strong>&nbsp;periodista de&nbsp;<strong>Infobae<\/strong>.<\/p>\n\n\n\n<p>\u201cEl fondo va a desembolsar para que Argentina se mantenga al corriente en sus pagos, como ha hecho hasta ahora. El programa se rediscutir\u00e1 con el gobierno que resulte electo\u201d, destac\u00f3&nbsp;<strong>Gabriel Lopetegui<\/strong>, quien fue representante argentino en el FMI en parte del gobierno de Macri y ahora est\u00e1 cerca del equipo t\u00e9cnico de Bullrich. Ante la pregunta sobre si el Fondo oblig\u00f3 a devaluar, Lopetegui asegur\u00f3 que \u201cfue una imposici\u00f3n de la realidad porque no se para de perder reservas. Sin programa con el Fondo tambi\u00e9n se hubiera devaluado\u201d, opin\u00f3.<\/p>\n\n\n\n<p>Para&nbsp;<strong>Claudio Loser<\/strong>, tambi\u00e9n ex director para el Hemisferio Occidental del FMI, el viaje de Massa tiene una motivaci\u00f3n electoral. \u201cSu presencia es m\u00e1s bien simb\u00f3lica respecto de la discusi\u00f3n en el Fondo. Claro que lo muestra como m\u00e1s influyente que Milei y con buen di\u00e1logo con el Tesoro. Por supuesto \u00e9l hablar\u00e1 con la se\u00f1ora Georgieva y discutir\u00e1n qu\u00e9 es lo que van a hacer en los pr\u00f3ximos meses, pero no creo que esto afecte el desembolso en este momento\u201d, detall\u00f3.<\/p>\n\n\n\n<p>Incluso con todo aparentemente acordado, Massa llega a esta ciudad a la espera de la votaci\u00f3n del&nbsp;<em>board&nbsp;<\/em>y en lo que asoma como su viaje m\u00e1s inc\u00f3modo a este destino desde que es ministro. Pas\u00f3 menos de un a\u00f1o, pero parecen haber quedado muy lejos los tiempos en los que era el \u201cbombero\u201d que hab\u00eda desembarcado para reemplazar a Guzm\u00e1n. Ahora el contexto es m\u00e1s complejo y el escenario m\u00e1s grande: la disputa por llegar a la presidencia argentina.<\/p>\n\n\n\n<p>Fuente: infobae<\/p>\n","protected":false},"excerpt":{"rendered":"<div class=\"mh-excerpt\"><p>Desde Washington, EEUU &#8211;\u00a0\u201cEn tres semanas estar\u00e1 listo\u201d, estim\u00f3 un alto funcionario del equipo econ\u00f3mico que encabeza\u00a0Sergio Massa. \u201cO antes\u2026\u201d, se anim\u00f3 a pronosticar otro. La charla se dio en el caf\u00e9 de un hotel de esta ciudad a pocas cuadras de la Casa Blanca, a mediados de abril. Pocas horas despu\u00e9s, y en medio de muchas dudas sobre el cumplimiento del programa vigente con el Fondo Monetario Internacional, el ministro \u2013que no era candidato a\u00fan\u2013 confirm\u00f3 un recalibramiento completo acordado con la c\u00fapula del organismo por el impacto de la sequ\u00eda en los n\u00fameros de la econom\u00eda local. \u201cEst\u00e1 <a class=\"mh-excerpt-more\" href=\"http:\/\/dsrmedios.com.ar\/diario\/archivos\/38368\" title=\"Despu\u00e9s de una tensa negociaci\u00f3n, las PASO y la devaluaci\u00f3n, Massa llega a Washington para reunirse con el FMI\">[Leer m\u00e1s]<\/a><\/p>\n<\/div>","protected":false},"author":8,"featured_media":32248,"comment_status":"open","ping_status":"closed","sticky":false,"template":"","format":"standard","meta":{"_jetpack_newsletter_access":""},"categories":[6],"tags":[],"jetpack_featured_media_url":"http:\/\/dsrmedios.com.ar\/diario\/wp-content\/uploads\/2023\/05\/massa-1024x576-1.jpg","jetpack_sharing_enabled":true,"jetpack_shortlink":"https:\/\/wp.me\/p9fihK-9YQ","_links":{"self":[{"href":"http:\/\/dsrmedios.com.ar\/diario\/wp-json\/wp\/v2\/posts\/38368"}],"collection":[{"href":"http:\/\/dsrmedios.com.ar\/diario\/wp-json\/wp\/v2\/posts"}],"about":[{"href":"http:\/\/dsrmedios.com.ar\/diario\/wp-json\/wp\/v2\/types\/post"}],"author":[{"embeddable":true,"href":"http:\/\/dsrmedios.com.ar\/diario\/wp-json\/wp\/v2\/users\/8"}],"replies":[{"embeddable":true,"href":"http:\/\/dsrmedios.com.ar\/diario\/wp-json\/wp\/v2\/comments?post=38368"}],"version-history":[{"count":1,"href":"http:\/\/dsrmedios.com.ar\/diario\/wp-json\/wp\/v2\/posts\/38368\/revisions"}],"predecessor-version":[{"id":38369,"href":"http:\/\/dsrmedios.com.ar\/diario\/wp-json\/wp\/v2\/posts\/38368\/revisions\/38369"}],"wp:featuredmedia":[{"embeddable":true,"href":"http:\/\/dsrmedios.com.ar\/diario\/wp-json\/wp\/v2\/media\/32248"}],"wp:attachment":[{"href":"http:\/\/dsrmedios.com.ar\/diario\/wp-json\/wp\/v2\/media?parent=38368"}],"wp:term":[{"taxonomy":"category","embeddable":true,"href":"http:\/\/dsrmedios.com.ar\/diario\/wp-json\/wp\/v2\/categories?post=38368"},{"taxonomy":"post_tag","embeddable":true,"href":"http:\/\/dsrmedios.com.ar\/diario\/wp-json\/wp\/v2\/tags?post=38368"}],"curies":[{"name":"wp","href":"https:\/\/api.w.org\/{rel}","templated":true}]}}