{"id":38364,"date":"2023-08-22T10:31:39","date_gmt":"2023-08-22T13:31:39","guid":{"rendered":"http:\/\/dsrmedios.com.ar\/diario\/?p=38364"},"modified":"2023-08-22T10:31:42","modified_gmt":"2023-08-22T13:31:42","slug":"mas-de-300-empresas-adhirieron-al-precios-justos-pero-falta-un-sector-clave","status":"publish","type":"post","link":"http:\/\/dsrmedios.com.ar\/diario\/archivos\/38364","title":{"rendered":"M\u00e1s de 300 empresas adhirieron al Precios Justos, pero falta un sector clave"},"content":{"rendered":"\n<p>La devaluaci\u00f3n del lunes posterior a las elecciones PASO gener\u00f3 un cimbronazo en el mercado interno. Para desactivar este problema que derivar\u00eda en una escalada inflacionaria&nbsp;<a href=\"https:\/\/infocielo.com\/politica-y-economia\/precios-justos-el-gobierno-busca-renovar-el-acuerdo-n769519\" target=\"_blank\" rel=\"noreferrer noopener\">el Ministerio de Econom\u00eda sali\u00f3 a negociar la renovaci\u00f3n del programa&nbsp;<strong>Precios Justos<\/strong><\/a>. R\u00e1pidamente,&nbsp;<a href=\"https:\/\/infocielo.com\/politica-y-economia\/precios-justos-el-gobierno-anuncio-un-aumento-del-5-ciento-mensual-90-dias-n769596\" target=\"_blank\" rel=\"noreferrer noopener\">logr\u00f3 retrotraer los aumentos en varios rubros<\/a>, pero hay uno que todav\u00eda no est\u00e1 cerrado.<\/p>\n\n\n\n<p>Actualmente, desde la Secretar\u00eda de Comercio confirmaron que\u00a0<a rel=\"noreferrer noopener\" href=\"https:\/\/www.argentina.gob.ar\/economia\/comercio\/preciosjustos\/empresas-que-renovaron-su-compromiso-con-precios-justos\" target=\"_blank\">hay m\u00e1s de 340 empresas<\/a>\u00a0que renovaron su adhesi\u00f3n a Precios Justos. En esta oportunidad\u00a0<strong>es por 90 d\u00edas, periodo en el cual no podr\u00e1n aumentar sus valores de venta al p\u00fablico m\u00e1s de 5% por mes<\/strong>.\u00a0<strong>Las compa\u00f1\u00edas que se sumaron son de consumo masivo, insumos difundidos, combustibles,\u00a0<a rel=\"noreferrer noopener\" href=\"https:\/\/infocielo.com\/el-precio-los-medicamentos-tambien-queda-congelado-tres-meses-n769870\" target=\"_blank\">medicamentos<\/a>, calzado, indumentaria, l\u00ednea blanca, motos, electrodom\u00e9sticos y celulares y\u00a0<a rel=\"noreferrer noopener\" href=\"https:\/\/infocielo.com\/politica-y-economia\/el-gobierno-acordo-supermercados-y-mayoristas-un-tope-del-5-los-aumentos-precios-n769866\" target=\"_blank\">cadenas de supermercados y mayoristas<\/a><\/strong>.<\/p>\n\n\n\n<p>Desde Comercio destacaron que se trata de un &#8220;esfuerzo compartido&#8221; entre las empresas y el Estado &#8220;para proteger el bolsillo&#8221;. &#8220;La unidad de negociaci\u00f3n, que coordina&nbsp;<strong>Guillermo Michel<\/strong>, permiti\u00f3 incluir aspectos novedosos en esta etapa, donde el esfuerzo se reparte entre las empresas y el Estado, para proteger el impacto en los precios, derivado de la devaluaci\u00f3n impuesta por el FMI&#8221;, precis\u00f3 el titular del \u00e1rea,&nbsp;<strong>Mat\u00edas Tombolini<\/strong>.<\/p>\n\n\n\n<figure class=\"wp-block-image\"><img decoding=\"async\" src=\"https:\/\/media.infocielo.com\/p\/a45f187e495eddf819b837d3ca4d4627\/adjuntos\/299\/imagenes\/001\/696\/0001696611\/887x0\/smart\/el-gobierno-nacional-desmintio-cierre-exportaciones-carne-.jpg\" alt=\"Mario Ravettino, presidente del Consorcio de Exportadores de Carnes Argentinas; Guillermo Michel, titular de Aduana; y Juan Jos&eacute; Bahillo, secretario de Agricultura, Ganader&iacute;a y Pesca.\" title=\"Mario Ravettino, presidente del Consorcio de Exportadores de Carnes Argentinas; Guillermo Michel, titular de Aduana; y Juan Jos&eacute; Bahillo, secretario de Agricultura, Ganader&iacute;a y Pesca.\"\/><\/figure>\n\n\n\n<p>Mario Ravettino, presidente del Consorcio de Exportadores de Carnes Argentinas; Guillermo Michel, titular de Aduana; y Juan Jos\u00e9 Bahillo, secretario de Agricultura, Ganader\u00eda y Pesca.<\/p>\n\n\n\n<p>Sin embargo, la unidad de negociaci\u00f3n del acuerdo de precios todav\u00eda no cerr\u00f3 un convenio con los frigor\u00edficos.&nbsp;<strong>La carne viene aumentando, tanto&nbsp;<a href=\"https:\/\/infocielo.com\/agro\/el-mercado-hacienda-ya-siente-los-efectos-del-dolar-agro-n768530\" target=\"_blank\" rel=\"noreferrer noopener\">en el mercado de hacienda<\/a>&nbsp;como en los mostradores, desde la puesta en marcha del d\u00f3lar agro y sigui\u00f3 ese camino tras la devaluaci\u00f3n del 14 de agosto.<\/strong>&nbsp;En este contexto, el secretario de Agricultura,&nbsp;<strong>Juan Jos\u00e9 Bahillo<\/strong>,&nbsp;<a href=\"https:\/\/infocielo.com\/politica-y-economia\/el-gobierno-desmintio-el-cierre-las-exportaciones-carne-n769571\" target=\"_blank\" rel=\"noreferrer noopener\">sali\u00f3 a desmentir el cierre de las exportaciones<\/a>&nbsp;y confirm\u00f3 las negociaciones para &#8220;los precios de carnes para el mercado interno&#8221;. Hasta ahora no dieron frutos.<\/p>\n\n\n\n<p>Contener el precio de la carne puede ser fundamental para empujar la inflaci\u00f3n hacia abajo. De hecho,\u00a0<a rel=\"noreferrer noopener\" href=\"https:\/\/infocielo.com\/politica-y-economia\/el-gobierno-incorporo-la-carne-precios-justos-n756236\" target=\"_blank\">en febrero el Gobierno Nacional incorpor\u00f3 este sector al Precios Justos<\/a>\u00a0con 7 cortes a precios controlados. En ese momento, la vocera presidencial,\u00a0<strong>Gabriela Cerruti<\/strong>, reconoci\u00f3 que\u00a0<a rel=\"noreferrer noopener\" href=\"https:\/\/infocielo.com\/politica-y-economia\/desde-el-gobierno-calificaron-como-malisimo-el-dato-la-inflacion-n758348\" target=\"_blank\">un punto de los 6,6 que registr\u00f3 la inflaci\u00f3n de febrero se explicaba solo con los incrementos de la carne<\/a>. Habr\u00e1 que ver c\u00f3mo impacta esta vez en el IPC de agosto que se publicar\u00e1 el 14 de septiembre.<\/p>\n\n\n\n<p>Fuente: Infocielo<\/p>\n","protected":false},"excerpt":{"rendered":"<div class=\"mh-excerpt\"><p>La devaluaci\u00f3n del lunes posterior a las elecciones PASO gener\u00f3 un cimbronazo en el mercado interno. Para desactivar este problema que derivar\u00eda en una escalada inflacionaria&nbsp;el Ministerio de Econom\u00eda sali\u00f3 a negociar la renovaci\u00f3n del programa&nbsp;Precios Justos. R\u00e1pidamente,&nbsp;logr\u00f3 retrotraer los aumentos en varios rubros, pero hay uno que todav\u00eda no est\u00e1 cerrado. Actualmente, desde la Secretar\u00eda de Comercio confirmaron que\u00a0hay m\u00e1s de 340 empresas\u00a0que renovaron su adhesi\u00f3n a Precios Justos. En esta oportunidad\u00a0es por 90 d\u00edas, periodo en el cual no podr\u00e1n aumentar sus valores de venta al p\u00fablico m\u00e1s de 5% por mes.\u00a0Las compa\u00f1\u00edas que se sumaron son de <a class=\"mh-excerpt-more\" href=\"http:\/\/dsrmedios.com.ar\/diario\/archivos\/38364\" title=\"M\u00e1s de 300 empresas adhirieron al Precios Justos, pero falta un sector clave\">[Leer m\u00e1s]<\/a><\/p>\n<\/div>","protected":false},"author":8,"featured_media":38365,"comment_status":"open","ping_status":"closed","sticky":false,"template":"","format":"standard","meta":{"_jetpack_newsletter_access":""},"categories":[6],"tags":[],"jetpack_featured_media_url":"http:\/\/dsrmedios.com.ar\/diario\/wp-content\/uploads\/2023\/08\/sergio-massa-1jpg.webp","jetpack_sharing_enabled":true,"jetpack_shortlink":"https:\/\/wp.me\/p9fihK-9YM","_links":{"self":[{"href":"http:\/\/dsrmedios.com.ar\/diario\/wp-json\/wp\/v2\/posts\/38364"}],"collection":[{"href":"http:\/\/dsrmedios.com.ar\/diario\/wp-json\/wp\/v2\/posts"}],"about":[{"href":"http:\/\/dsrmedios.com.ar\/diario\/wp-json\/wp\/v2\/types\/post"}],"author":[{"embeddable":true,"href":"http:\/\/dsrmedios.com.ar\/diario\/wp-json\/wp\/v2\/users\/8"}],"replies":[{"embeddable":true,"href":"http:\/\/dsrmedios.com.ar\/diario\/wp-json\/wp\/v2\/comments?post=38364"}],"version-history":[{"count":1,"href":"http:\/\/dsrmedios.com.ar\/diario\/wp-json\/wp\/v2\/posts\/38364\/revisions"}],"predecessor-version":[{"id":38366,"href":"http:\/\/dsrmedios.com.ar\/diario\/wp-json\/wp\/v2\/posts\/38364\/revisions\/38366"}],"wp:featuredmedia":[{"embeddable":true,"href":"http:\/\/dsrmedios.com.ar\/diario\/wp-json\/wp\/v2\/media\/38365"}],"wp:attachment":[{"href":"http:\/\/dsrmedios.com.ar\/diario\/wp-json\/wp\/v2\/media?parent=38364"}],"wp:term":[{"taxonomy":"category","embeddable":true,"href":"http:\/\/dsrmedios.com.ar\/diario\/wp-json\/wp\/v2\/categories?post=38364"},{"taxonomy":"post_tag","embeddable":true,"href":"http:\/\/dsrmedios.com.ar\/diario\/wp-json\/wp\/v2\/tags?post=38364"}],"curies":[{"name":"wp","href":"https:\/\/api.w.org\/{rel}","templated":true}]}}