{"id":38358,"date":"2023-08-22T10:27:58","date_gmt":"2023-08-22T13:27:58","guid":{"rendered":"http:\/\/dsrmedios.com.ar\/diario\/?p=38358"},"modified":"2023-08-22T10:28:02","modified_gmt":"2023-08-22T13:28:02","slug":"con-un-ultimatum-la-provincia-busca-cobrarle-una-deuda-a-los-municipios","status":"publish","type":"post","link":"http:\/\/dsrmedios.com.ar\/diario\/archivos\/38358","title":{"rendered":"Con un ultim\u00e1tum, la Provincia busca cobrarle una deuda a los municipios"},"content":{"rendered":"\n<p>El ministro de Hacienda y Finanzas de la provincia de Buenos Aires,&nbsp;<strong>Pablo L\u00f3pez<\/strong>, firm\u00f3 la Resoluci\u00f3n 780 con la que pretende recuperar&nbsp;<a href=\"https:\/\/infocielo.com\/politica-y-economia\/la-provincia-oficializo-el-auxilio-intendentes-y-creo-el-fondo-emergencia-pagar-sueldos-n117319\" target=\"_blank\" rel=\"noreferrer noopener\">el&nbsp;<strong>Fondo Especial de Emergencia Sanitaria para la Contenci\u00f3n Fiscal Municipal<\/strong><\/a>. Se trata de los recursos que la administraci\u00f3n de&nbsp;<strong>Axel Kicillof<\/strong>&nbsp;le prest\u00f3 a las comunas en abril de 2020 para que puedan afrontar gastos corrientes, como los salarios. Ahora, les toca devolverlos.<\/p>\n\n\n\n<p>La norma que sali\u00f3\u00a0<a rel=\"noreferrer noopener\" href=\"https:\/\/www.boletinoficial.gba.gob.ar\/secciones\/12367\/ver\" target=\"_blank\">en el Bolet\u00edn Oficial de este lunes<\/a>\u00a0estableci\u00f3 que\u00a0<strong>el plazo de gracia para reprogramar el stock de deuda que tengan los municipios al 1\u00b0 de diciembre termina el 1\u00b0 de diciembre de este a\u00f1o<\/strong>. A su vez, resolvi\u00f3 que\u00a0<strong>el plazo de devoluci\u00f3n ser\u00e1 de hasta 18 meses<\/strong>\u00a0contando desde que termina el periodo de gracia y se pagar\u00e1 en cuotas mensuales, iguales y consecutivas.<\/p>\n\n\n\n<p>El gobierno bonaerense resolvi\u00f3 que&nbsp;<strong>como garant\u00eda tomar\u00e1 los recursos que le corresponda percibir a cada municipio del R\u00e9gimen de Coparticipaci\u00f3n Municipal<\/strong>. En el art\u00edculo 2 de la Resoluci\u00f3n dispuso que las&nbsp;<strong>retenciones de la coparticipaci\u00f3n<\/strong>&nbsp;&#8220;se suspender\u00e1n cuando los municipios manifiesten su intenci\u00f3n de ingresar a la reprogramaci\u00f3n del pago de la deuda&#8221;.&nbsp;<strong>La fecha l\u00edmite es el 30 de septiembre<\/strong>.<\/p>\n\n\n\n<figure class=\"wp-block-image\"><img decoding=\"async\" src=\"https:\/\/media.infocielo.com\/p\/4fd5c757630b2cc46e83c2ffadab3818\/adjuntos\/299\/imagenes\/001\/533\/0001533541\/axel-kicillof-pablo-lopezjpg.jpg?2022-11-11-07-42-30\" alt=\"\" title=\"\"\/><\/figure>\n\n\n\n<p><strong>Si los municipios no presentan la documentaci\u00f3n necesaria para adherir al pago de la deuda antes de ese d\u00eda, el Ministerio de Hacienda y Finanzas &#8220;podr\u00e1 proceder a retener las cuotas desde el mes de octubre<\/strong>&nbsp;de 2023, de acuerdo al cronograma vigente para cada municipio&#8221;.<\/p>\n\n\n\n<p><strong>El Fondo Especial de Emergencia Sanitaria para la Contenci\u00f3n Fiscal Municipal fue creado en 2020 por Decreto y contemplaba la distribuci\u00f3n de hasta 12 mil millones de pesos<\/strong>\u00a0entre las comunas. Seg\u00fan la norma (y las leyes que la modificaron posteriormente), la asistencia es reembolsable, pero\u00a0<a rel=\"noreferrer noopener\" href=\"https:\/\/infocielo.com\/politica-y-economia\/la-provincia-amplia-ayuda-municipios-pero-sera-reembolsable-y-hay-enojo-los-intendentes-n117309\" target=\"_blank\">sin intereses<\/a>\u00a0y para devolverlo basta que el intendente de cada localidad firme un decreto, sin necesidad del visto bueno del Concejo Deliberante.<\/p>\n\n\n\n<p>Fuente: Infocielo<\/p>\n","protected":false},"excerpt":{"rendered":"<div class=\"mh-excerpt\"><p>El ministro de Hacienda y Finanzas de la provincia de Buenos Aires,&nbsp;Pablo L\u00f3pez, firm\u00f3 la Resoluci\u00f3n 780 con la que pretende recuperar&nbsp;el&nbsp;Fondo Especial de Emergencia Sanitaria para la Contenci\u00f3n Fiscal Municipal. Se trata de los recursos que la administraci\u00f3n de&nbsp;Axel Kicillof&nbsp;le prest\u00f3 a las comunas en abril de 2020 para que puedan afrontar gastos corrientes, como los salarios. Ahora, les toca devolverlos. La norma que sali\u00f3\u00a0en el Bolet\u00edn Oficial de este lunes\u00a0estableci\u00f3 que\u00a0el plazo de gracia para reprogramar el stock de deuda que tengan los municipios al 1\u00b0 de diciembre termina el 1\u00b0 de diciembre de este a\u00f1o. A su <a class=\"mh-excerpt-more\" href=\"http:\/\/dsrmedios.com.ar\/diario\/archivos\/38358\" title=\"Con un ultim\u00e1tum, la Provincia busca cobrarle una deuda a los municipios\">[Leer m\u00e1s]<\/a><\/p>\n<\/div>","protected":false},"author":8,"featured_media":38359,"comment_status":"open","ping_status":"closed","sticky":false,"template":"","format":"standard","meta":{"_jetpack_newsletter_access":""},"categories":[6],"tags":[],"jetpack_featured_media_url":"http:\/\/dsrmedios.com.ar\/diario\/wp-content\/uploads\/2023\/08\/axel-kicillof-intendentesjpg.webp","jetpack_sharing_enabled":true,"jetpack_shortlink":"https:\/\/wp.me\/p9fihK-9YG","_links":{"self":[{"href":"http:\/\/dsrmedios.com.ar\/diario\/wp-json\/wp\/v2\/posts\/38358"}],"collection":[{"href":"http:\/\/dsrmedios.com.ar\/diario\/wp-json\/wp\/v2\/posts"}],"about":[{"href":"http:\/\/dsrmedios.com.ar\/diario\/wp-json\/wp\/v2\/types\/post"}],"author":[{"embeddable":true,"href":"http:\/\/dsrmedios.com.ar\/diario\/wp-json\/wp\/v2\/users\/8"}],"replies":[{"embeddable":true,"href":"http:\/\/dsrmedios.com.ar\/diario\/wp-json\/wp\/v2\/comments?post=38358"}],"version-history":[{"count":1,"href":"http:\/\/dsrmedios.com.ar\/diario\/wp-json\/wp\/v2\/posts\/38358\/revisions"}],"predecessor-version":[{"id":38360,"href":"http:\/\/dsrmedios.com.ar\/diario\/wp-json\/wp\/v2\/posts\/38358\/revisions\/38360"}],"wp:featuredmedia":[{"embeddable":true,"href":"http:\/\/dsrmedios.com.ar\/diario\/wp-json\/wp\/v2\/media\/38359"}],"wp:attachment":[{"href":"http:\/\/dsrmedios.com.ar\/diario\/wp-json\/wp\/v2\/media?parent=38358"}],"wp:term":[{"taxonomy":"category","embeddable":true,"href":"http:\/\/dsrmedios.com.ar\/diario\/wp-json\/wp\/v2\/categories?post=38358"},{"taxonomy":"post_tag","embeddable":true,"href":"http:\/\/dsrmedios.com.ar\/diario\/wp-json\/wp\/v2\/tags?post=38358"}],"curies":[{"name":"wp","href":"https:\/\/api.w.org\/{rel}","templated":true}]}}